{"id":14660,"date":"2017-04-01T10:20:00","date_gmt":"2017-04-01T13:20:00","guid":{"rendered":"http:\/\/cronicasyversiones.com\/?p=14660"},"modified":"2017-04-01T10:20:00","modified_gmt":"2017-04-01T13:20:00","slug":"depeche-mode-vuelve-a-argentina","status":"publish","type":"post","link":"http:\/\/cronicasyversiones.com\/?p=14660","title":{"rendered":"Depeche Mode vuelve a Argentina"},"content":{"rendered":"<div style=\"padding-bottom:20px; padding-top:10px;\" class=\"hupso-share-buttons\"><!-- Hupso Share Buttons - https:\/\/www.hupso.com\/share\/ --><a class=\"hupso_counters\" href=\"https:\/\/www.hupso.com\/share\/\"><img decoding=\"async\" src=\"http:\/\/static.hupso.com\/share\/buttons\/lang\/es\/share-small.png\" style=\"border:0px; padding-top:2px; float:left;\" alt=\"Share Button\"\/><\/a><script type=\"text\/javascript\">var hupso_services_c=new Array(\"twitter\",\"facebook_like\",\"google\");var hupso_counters_lang = \"es_LA\";var hupso_image_folder_url = \"\";var hupso_twitter_via=\"crsyvrs\";var hupso_url_c=\"\";<\/script><script type=\"text\/javascript\" src=\"http:\/\/static.hupso.com\/share\/js\/counters.js\"><\/script><!-- Hupso Share Buttons --><\/div><h2>La banda brit\u00e1nica har\u00e1 varias escalas en Am\u00e9rica latina en marzo de 2018 con la presentaci\u00f3n de \u00abSpirit\u00bb, su nuevo disco.<\/h2>\n<p><img loading=\"lazy\" decoding=\"async\" class=\"wp-image-14661 aligncenter\" src=\"http:\/\/cronicasyversiones.com\/wp-content\/uploads\/2017\/03\/depeche-mode-.jpg\" alt=\"\" width=\"740\" height=\"485\" srcset=\"http:\/\/cronicasyversiones.com\/wp-content\/uploads\/2017\/03\/depeche-mode-.jpg 870w, http:\/\/cronicasyversiones.com\/wp-content\/uploads\/2017\/03\/depeche-mode--300x197.jpg 300w, http:\/\/cronicasyversiones.com\/wp-content\/uploads\/2017\/03\/depeche-mode--768x503.jpg 768w\" sizes=\"auto, (max-width: 740px) 100vw, 740px\" \/><\/p>\n<p>El grupo brit\u00e1nico <strong>Depeche Mode<\/strong> se presentar\u00e1 el 24 de marzo del 2018 en el estadio \u00danico de La Plata, en una escala de la gira presentaci\u00f3n de<em><strong> \u00abSpirit\u00bb<\/strong><\/em>, el flamante disco de la banda brit\u00e1nica.<\/p>\n<p><strong>\u00abEstamos enormemente entusiasmados de volver a Latinoam\u00e9rica\u00bb<\/strong>, dijo el cantante principal <strong>Dave Gahan.<\/strong><\/p>\n<p>\u00abNo pudimos ver a nuestros fans de all\u00ed en la \u00faltima gira, as\u00ed es que sab\u00edamos que ten\u00edamos que visitarlos esta vez\u00bb, agreg\u00f3 el vocalista de la banda que completan <strong>Martin Gore y Andy Fletcher.\u00a0<\/strong><\/p>\n<p>El tour comenzar\u00e1 el 11 de marzo en la <strong>Ciudad de M\u00e9xico<\/strong>, continuando por <strong>Bogot\u00e1, Lima, Santiago de Chile y Buenos Aires<\/strong>, antes de terminar en <strong>San Pablo<\/strong> el 27 de marzo.<\/p>\n<p><em><strong>\u00abSpirit\u00bb<\/strong> <\/em>es el nuevo disco de Depeche Mode que se edit\u00f3 el 17 de marzo, en el que predomina el ambiente oscuro, con reminiscencias bluseras y despojado de la creaci\u00f3n de hits.<\/p>\n<div class=\"video-container\">\n<blockquote class=\"wp-embedded-content\" data-secret=\"wpjylRh7ri\"><p><a href=\"http:\/\/cronicasyversiones.com\/?p=14320\">The Who, los Guns, Red Hot Chili Peppers y Lady Gaga, en Rock in R\u00edo<\/a><\/p><\/blockquote>\n<p><iframe loading=\"lazy\" class=\"wp-embedded-content\" sandbox=\"allow-scripts\" security=\"restricted\" style=\"position: absolute; clip: rect(1px, 1px, 1px, 1px);\" title=\"\u00abThe Who, los Guns, Red Hot Chili Peppers y Lady Gaga, en Rock in R\u00edo\u00bb \u2014    \" src=\"http:\/\/cronicasyversiones.com\/?p=14320&#038;embed=true#?secret=OwG0wc6ehu#?secret=wpjylRh7ri\" data-secret=\"wpjylRh7ri\" width=\"600\" height=\"338\" frameborder=\"0\" marginwidth=\"0\" marginheight=\"0\" scrolling=\"no\"><\/iframe><\/div>\n<p>Esta gira por Am\u00e9rica latina se da despu\u00e9s de nueve a\u00f1os, cuando giraron con el tour <em><strong>\u201cTour of the Universe\u201d<\/strong><\/em>, de 2009.<\/p>\n<p>Tras la masiva gira en estadios en el verano europeo y la pr\u00f3xima gira de oto\u00f1o en Am\u00e9rica del Norte, la banda seguir\u00e1 extendiendo el <em><strong>\u201cGlobal Spirit Tour\u201d<\/strong><\/em> con dos semanas de shows en estadios a trav\u00e9s de Latinoam\u00e9rica en marzo de 2018.<\/p>\n<div style=\"padding-bottom:20px; padding-top:10px;\" class=\"hupso-share-buttons\"><!-- Hupso Share Buttons - https:\/\/www.hupso.com\/share\/ --><a class=\"hupso_counters\" href=\"https:\/\/www.hupso.com\/share\/\"><img decoding=\"async\" src=\"http:\/\/static.hupso.com\/share\/buttons\/lang\/es\/share-small.png\" style=\"border:0px; padding-top:2px; float:left;\" alt=\"Share Button\"\/><\/a><script type=\"text\/javascript\">var hupso_services_c=new Array(\"twitter\",\"facebook_like\",\"google\");var hupso_counters_lang = \"es_LA\";var hupso_image_folder_url = \"\";var hupso_twitter_via=\"crsyvrs\";var hupso_url_c=\"\";<\/script><script type=\"text\/javascript\" src=\"http:\/\/static.hupso.com\/share\/js\/counters.js\"><\/script><!-- Hupso Share Buttons --><\/div> ","protected":false},"excerpt":{"rendered":"<div style=\"padding-bottom:20px; padding-top:10px;\" class=\"hupso-share-buttons\"><!-- Hupso Share Buttons - https:\/\/www.hupso.com\/share\/ --><a class=\"hupso_counters\" href=\"https:\/\/www.hupso.com\/share\/\"><img src=\"http:\/\/static.hupso.com\/share\/buttons\/lang\/es\/share-small.png\" style=\"border:0px; padding-top:2px; float:left;\" alt=\"Share Button\"\/><\/a><script type=\"text\/javascript\">var hupso_services_c=new Array(\"twitter\",\"facebook_like\",\"google\");var hupso_counters_lang = \"es_LA\";var hupso_image_folder_url = \"\";var hupso_twitter_via=\"crsyvrs\";var hupso_url_c=\"\";<\/script><script type=\"text\/javascript\" src=\"http:\/\/static.hupso.com\/share\/js\/counters.js\"><\/script><!-- Hupso Share Buttons --><\/div><p>La banda brit\u00e1nica har\u00e1 varias escalas en Am\u00e9rica latina en marzo de 2018 con la presentaci\u00f3n de \u00abSpirit\u00bb, su nuevo disco. El grupo brit\u00e1nico Depeche Mode se presentar\u00e1 el 24 de marzo del 2018 en el estadio \u00danico de&#46;&#46;&#46;<\/p>\n<div style=\"padding-bottom:20px; padding-top:10px;\" class=\"hupso-share-buttons\"><!-- Hupso Share Buttons - https:\/\/www.hupso.com\/share\/ --><a class=\"hupso_counters\" href=\"https:\/\/www.hupso.com\/share\/\"><img src=\"http:\/\/static.hupso.com\/share\/buttons\/lang\/es\/share-small.png\" style=\"border:0px; padding-top:2px; float:left;\" alt=\"Share Button\"\/><\/a><script type=\"text\/javascript\">var hupso_services_c=new Array(\"twitter\",\"facebook_like\",\"google\");var hupso_counters_lang = \"es_LA\";var hupso_image_folder_url = \"\";var hupso_twitter_via=\"crsyvrs\";var hupso_url_c=\"\";<\/script><script type=\"text\/javascript\" src=\"http:\/\/static.hupso.com\/share\/js\/counters.js\"><\/script><!-- Hupso Share Buttons --><\/div>","protected":false},"author":5,"featured_media":0,"comment_status":"open","ping_status":"closed","sticky":false,"template":"","format":"standard","meta":{"footnotes":""},"categories":[3],"tags":[3197],"class_list":["post-14660","post","type-post","status-publish","format-standard","hentry","category-musica","tag-depeche-mode"],"_links":{"self":[{"href":"http:\/\/cronicasyversiones.com\/index.php?rest_route=\/wp\/v2\/posts\/14660","targetHints":{"allow":["GET"]}}],"collection":[{"href":"http:\/\/cronicasyversiones.com\/index.php?rest_route=\/wp\/v2\/posts"}],"about":[{"href":"http:\/\/cronicasyversiones.com\/index.php?rest_route=\/wp\/v2\/types\/post"}],"author":[{"embeddable":true,"href":"http:\/\/cronicasyversiones.com\/index.php?rest_route=\/wp\/v2\/users\/5"}],"replies":[{"embeddable":true,"href":"http:\/\/cronicasyversiones.com\/index.php?rest_route=%2Fwp%2Fv2%2Fcomments&post=14660"}],"version-history":[{"count":0,"href":"http:\/\/cronicasyversiones.com\/index.php?rest_route=\/wp\/v2\/posts\/14660\/revisions"}],"wp:attachment":[{"href":"http:\/\/cronicasyversiones.com\/index.php?rest_route=%2Fwp%2Fv2%2Fmedia&parent=14660"}],"wp:term":[{"taxonomy":"category","embeddable":true,"href":"http:\/\/cronicasyversiones.com\/index.php?rest_route=%2Fwp%2Fv2%2Fcategories&post=14660"},{"taxonomy":"post_tag","embeddable":true,"href":"http:\/\/cronicasyversiones.com\/index.php?rest_route=%2Fwp%2Fv2%2Ftags&post=14660"}],"curies":[{"name":"wp","href":"https:\/\/api.w.org\/{rel}","templated":true}]}}