{"id":14974,"date":"2017-04-25T08:34:57","date_gmt":"2017-04-25T11:34:57","guid":{"rendered":"http:\/\/cronicasyversiones.com\/?p=14974"},"modified":"2017-04-25T08:46:29","modified_gmt":"2017-04-25T11:46:29","slug":"entrepalabras-presenta-ecos-de-libertad-en-lomas-de-zamora","status":"publish","type":"post","link":"http:\/\/cronicasyversiones.com\/?p=14974","title":{"rendered":"Entrepalabras presenta \u00abEcos de libertad\u00bb en Lomas de Zamora"},"content":{"rendered":"<div style=\"padding-bottom:20px; padding-top:10px;\" class=\"hupso-share-buttons\"><!-- Hupso Share Buttons - https:\/\/www.hupso.com\/share\/ --><a class=\"hupso_counters\" href=\"https:\/\/www.hupso.com\/share\/\"><img decoding=\"async\" src=\"http:\/\/static.hupso.com\/share\/buttons\/lang\/es\/share-small.png\" style=\"border:0px; padding-top:2px; float:left;\" alt=\"Share Button\"\/><\/a><script type=\"text\/javascript\">var hupso_services_c=new Array(\"twitter\",\"facebook_like\",\"google\");var hupso_counters_lang = \"es_LA\";var hupso_image_folder_url = \"\";var hupso_twitter_via=\"crsyvrs\";var hupso_url_c=\"\";<\/script><script type=\"text\/javascript\" src=\"http:\/\/static.hupso.com\/share\/js\/counters.js\"><\/script><!-- Hupso Share Buttons --><\/div><h2 class=\"x_MsoNormal\">Este grupo de narraci\u00f3n oral saldr\u00e1 a escena en El Nido con historias de reconocidos escritores que hablan sobre la libertad desde diferentes visiones.<\/h2>\n<p class=\"x_MsoNormal\">\u00a0<img loading=\"lazy\" decoding=\"async\" class=\"alignleft size-full wp-image-14978\" src=\"http:\/\/cronicasyversiones.com\/wp-content\/uploads\/2017\/04\/Entrepalabras-1.jpg\" alt=\"\" width=\"807\" height=\"700\" srcset=\"http:\/\/cronicasyversiones.com\/wp-content\/uploads\/2017\/04\/Entrepalabras-1.jpg 807w, http:\/\/cronicasyversiones.com\/wp-content\/uploads\/2017\/04\/Entrepalabras-1-300x260.jpg 300w, http:\/\/cronicasyversiones.com\/wp-content\/uploads\/2017\/04\/Entrepalabras-1-768x666.jpg 768w\" sizes=\"auto, (max-width: 807px) 100vw, 807px\" \/><\/p>\n<p class=\"x_MsoNormal\">El grupo de narraci\u00f3n oral <strong>Entrepalabras<\/strong> se presentar\u00e1 por primera vez en el espacio cultural <strong>El Nido<\/strong>, ubicado en Manuel Castro 478, en Lomas de Zamora, este s\u00e1bado 29 de abril, a las 17.30.<\/p>\n<p class=\"x_MsoNormal\">En esta oportunidad, las narradoras presentar\u00e1n el espect\u00e1culo <em><strong>\u00abEcos de libertad\u00bb<\/strong><\/em>, con historias de reconocidos escritores que hablan sobre la libertad desde diferentes visiones.<\/p>\n<p class=\"x_MsoNormal\">De esta forma, el p\u00fablico podr\u00e1 disfrutar de estos cuentos en las voces y los cuerpos de estas narradoras que ya van por el tercer a\u00f1o de <strong>llevar historias a la oralidad.\u00a0<\/strong><\/p>\n<p class=\"x_MsoNormal\">El costo de la entrada es al sobre. La capacidad es limitada y s\u00f3lo con reservas en el siguiente link: <strong>http:\/\/www.elnidoarte.com.ar\/#!\/-reservas\/\u00a0\u00a0<\/strong><\/p>\n<h4 class=\"x_MsoNormal\">\u00a0Sobre Entrepalabras<\/h4>\n<p class=\"x_MsoNormal\"><strong>Entrepalabras<\/strong> es un grupo de narraci\u00f3n oral, integrado por siete mujeres, de distintas generaciones, con distintas profesiones y ocupaciones, unidas por el placer de narrar.<\/p>\n<p class=\"x_MsoNormal\">\u00ab<strong>No, no leemos cuentos ni recitamos historias de memoria:<\/strong> utilizamos la palabra y el texto como columna vertebral y los trasladamos a la oralidad, acompa\u00f1\u00e1ndolo con el cuerpo, con los gestos, con la mirada\u00bb, dicen ellas mismas.<\/p>\n<p class=\"x_MsoNormal\"><em><strong>LEA TAMBI\u00c9N:\u00a0<\/strong><\/em><\/p>\n<div class=\"video-container\">\n<blockquote class=\"wp-embedded-content\" data-secret=\"N5wLL2zA7e\"><p><a href=\"http:\/\/cronicasyversiones.com\/?p=14555\">\u00abLa Jaula se ha vuelto P\u00e1jaro\u00bb, un espect\u00e1culo de poes\u00eda y m\u00fasica<\/a><\/p><\/blockquote>\n<p><iframe loading=\"lazy\" class=\"wp-embedded-content\" sandbox=\"allow-scripts\" security=\"restricted\" style=\"position: absolute; clip: rect(1px, 1px, 1px, 1px);\" title=\"\u00ab\u00abLa Jaula se ha vuelto P\u00e1jaro\u00bb, un espect\u00e1culo de poes\u00eda y m\u00fasica\u00bb \u2014    \" src=\"http:\/\/cronicasyversiones.com\/?p=14555&#038;embed=true#?secret=zE2weCC5lM#?secret=N5wLL2zA7e\" data-secret=\"N5wLL2zA7e\" width=\"600\" height=\"338\" frameborder=\"0\" marginwidth=\"0\" marginheight=\"0\" scrolling=\"no\"><\/iframe><\/div>\n<p class=\"x_MsoNormal\">En estos tres a\u00f1os de trayectoria, el grupo se present\u00f3 en diversos espacios culturales como el Teatro del Municipio de Lomas de Zamora, El galp\u00f3n de la Estaci\u00f3n (Esteban Echeverr\u00eda), el Teatro del C\u00edrculo M\u00e9dico de Lomas de Zamora, Peumay\u00e9n Casa de T\u00e9 (Adrogu\u00e9), La Rueca Teatro (Monte Grande); y particip\u00f3 de eventos como la Feria del Libro de Lomas de Zamora (2016), el Festival Internacional de Narraci\u00f3n Oral \u00abPalabras m\u00e1s\u00bb (2015-2016) y el Festival Internacional de Narraci\u00f3n Oral \u00abPalabra m\u00eda\u00bb (2016).<\/p>\n<p class=\"x_MsoNormal\">\u00a0El grupo lo integran <strong>Natalia Arenas, Roxana G\u00f3mez, Mar\u00eda Isabel Giraldez, Adriana Molina, Cristina Rodr\u00edguez, Betty Rubens y Victoria Russo.<\/strong><\/p>\n<p class=\"x_MsoNormal\">\n<div style=\"padding-bottom:20px; padding-top:10px;\" class=\"hupso-share-buttons\"><!-- Hupso Share Buttons - https:\/\/www.hupso.com\/share\/ --><a class=\"hupso_counters\" href=\"https:\/\/www.hupso.com\/share\/\"><img decoding=\"async\" src=\"http:\/\/static.hupso.com\/share\/buttons\/lang\/es\/share-small.png\" style=\"border:0px; padding-top:2px; float:left;\" alt=\"Share Button\"\/><\/a><script type=\"text\/javascript\">var hupso_services_c=new Array(\"twitter\",\"facebook_like\",\"google\");var hupso_counters_lang = \"es_LA\";var hupso_image_folder_url = \"\";var hupso_twitter_via=\"crsyvrs\";var hupso_url_c=\"\";<\/script><script type=\"text\/javascript\" src=\"http:\/\/static.hupso.com\/share\/js\/counters.js\"><\/script><!-- Hupso Share Buttons --><\/div> ","protected":false},"excerpt":{"rendered":"<div style=\"padding-bottom:20px; padding-top:10px;\" class=\"hupso-share-buttons\"><!-- Hupso Share Buttons - https:\/\/www.hupso.com\/share\/ --><a class=\"hupso_counters\" href=\"https:\/\/www.hupso.com\/share\/\"><img src=\"http:\/\/static.hupso.com\/share\/buttons\/lang\/es\/share-small.png\" style=\"border:0px; padding-top:2px; float:left;\" alt=\"Share Button\"\/><\/a><script type=\"text\/javascript\">var hupso_services_c=new Array(\"twitter\",\"facebook_like\",\"google\");var hupso_counters_lang = \"es_LA\";var hupso_image_folder_url = \"\";var hupso_twitter_via=\"crsyvrs\";var hupso_url_c=\"\";<\/script><script type=\"text\/javascript\" src=\"http:\/\/static.hupso.com\/share\/js\/counters.js\"><\/script><!-- Hupso Share Buttons --><\/div><p>Este grupo de narraci\u00f3n oral saldr\u00e1 a escena en El Nido con historias de reconocidos escritores que hablan sobre la libertad desde diferentes visiones. \u00a0 El grupo de narraci\u00f3n oral Entrepalabras se presentar\u00e1 por primera vez en el espacio&#46;&#46;&#46;<\/p>\n<div style=\"padding-bottom:20px; padding-top:10px;\" class=\"hupso-share-buttons\"><!-- Hupso Share Buttons - https:\/\/www.hupso.com\/share\/ --><a class=\"hupso_counters\" href=\"https:\/\/www.hupso.com\/share\/\"><img src=\"http:\/\/static.hupso.com\/share\/buttons\/lang\/es\/share-small.png\" style=\"border:0px; padding-top:2px; float:left;\" alt=\"Share Button\"\/><\/a><script type=\"text\/javascript\">var hupso_services_c=new Array(\"twitter\",\"facebook_like\",\"google\");var hupso_counters_lang = \"es_LA\";var hupso_image_folder_url = \"\";var hupso_twitter_via=\"crsyvrs\";var hupso_url_c=\"\";<\/script><script type=\"text\/javascript\" src=\"http:\/\/static.hupso.com\/share\/js\/counters.js\"><\/script><!-- Hupso Share Buttons --><\/div>","protected":false},"author":5,"featured_media":14978,"comment_status":"open","ping_status":"closed","sticky":false,"template":"","format":"standard","meta":{"footnotes":""},"categories":[7],"tags":[7030,1283],"class_list":["post-14974","post","type-post","status-publish","format-standard","has-post-thumbnail","hentry","category-literatura","tag-entrepalabras","tag-narracion-oral"],"_links":{"self":[{"href":"http:\/\/cronicasyversiones.com\/index.php?rest_route=\/wp\/v2\/posts\/14974","targetHints":{"allow":["GET"]}}],"collection":[{"href":"http:\/\/cronicasyversiones.com\/index.php?rest_route=\/wp\/v2\/posts"}],"about":[{"href":"http:\/\/cronicasyversiones.com\/index.php?rest_route=\/wp\/v2\/types\/post"}],"author":[{"embeddable":true,"href":"http:\/\/cronicasyversiones.com\/index.php?rest_route=\/wp\/v2\/users\/5"}],"replies":[{"embeddable":true,"href":"http:\/\/cronicasyversiones.com\/index.php?rest_route=%2Fwp%2Fv2%2Fcomments&post=14974"}],"version-history":[{"count":0,"href":"http:\/\/cronicasyversiones.com\/index.php?rest_route=\/wp\/v2\/posts\/14974\/revisions"}],"wp:featuredmedia":[{"embeddable":true,"href":"http:\/\/cronicasyversiones.com\/index.php?rest_route=\/wp\/v2\/media\/14978"}],"wp:attachment":[{"href":"http:\/\/cronicasyversiones.com\/index.php?rest_route=%2Fwp%2Fv2%2Fmedia&parent=14974"}],"wp:term":[{"taxonomy":"category","embeddable":true,"href":"http:\/\/cronicasyversiones.com\/index.php?rest_route=%2Fwp%2Fv2%2Fcategories&post=14974"},{"taxonomy":"post_tag","embeddable":true,"href":"http:\/\/cronicasyversiones.com\/index.php?rest_route=%2Fwp%2Fv2%2Ftags&post=14974"}],"curies":[{"name":"wp","href":"https:\/\/api.w.org\/{rel}","templated":true}]}}