{"id":15035,"date":"2017-05-01T14:49:22","date_gmt":"2017-05-01T17:49:22","guid":{"rendered":"http:\/\/cronicasyversiones.com\/?p=15035"},"modified":"2017-05-01T14:49:22","modified_gmt":"2017-05-01T17:49:22","slug":"ingobernable-tendra-una-segunda-temporada-en-netflix","status":"publish","type":"post","link":"http:\/\/cronicasyversiones.com\/?p=15035","title":{"rendered":"\u201cIngobernable\u201d tendr\u00e1 una segunda temporada en Netflix"},"content":{"rendered":"<div style=\"padding-bottom:20px; padding-top:10px;\" class=\"hupso-share-buttons\"><!-- Hupso Share Buttons - https:\/\/www.hupso.com\/share\/ --><a class=\"hupso_counters\" href=\"https:\/\/www.hupso.com\/share\/\"><img decoding=\"async\" src=\"http:\/\/static.hupso.com\/share\/buttons\/lang\/es\/share-small.png\" style=\"border:0px; padding-top:2px; float:left;\" alt=\"Share Button\"\/><\/a><script type=\"text\/javascript\">var hupso_services_c=new Array(\"twitter\",\"facebook_like\",\"google\");var hupso_counters_lang = \"es_LA\";var hupso_image_folder_url = \"\";var hupso_twitter_via=\"crsyvrs\";var hupso_url_c=\"\";<\/script><script type=\"text\/javascript\" src=\"http:\/\/static.hupso.com\/share\/js\/counters.js\"><\/script><!-- Hupso Share Buttons --><\/div><h2>En los nuevos episodios de la serie, el personaje de la mexicana Kate del Castillo pierde la fe en su marido, el presidente de M\u00e9xico.<\/h2>\n<p><img loading=\"lazy\" decoding=\"async\" class=\"wp-image-15036 aligncenter\" src=\"http:\/\/cronicasyversiones.com\/wp-content\/uploads\/2017\/04\/Ingobernable-Netflix-1024x683.jpg\" alt=\"\" width=\"746\" height=\"497\" srcset=\"http:\/\/cronicasyversiones.com\/wp-content\/uploads\/2017\/04\/Ingobernable-Netflix-1024x683.jpg 1024w, http:\/\/cronicasyversiones.com\/wp-content\/uploads\/2017\/04\/Ingobernable-Netflix-300x200.jpg 300w, http:\/\/cronicasyversiones.com\/wp-content\/uploads\/2017\/04\/Ingobernable-Netflix-768x512.jpg 768w, http:\/\/cronicasyversiones.com\/wp-content\/uploads\/2017\/04\/Ingobernable-Netflix-480x320.jpg 480w, http:\/\/cronicasyversiones.com\/wp-content\/uploads\/2017\/04\/Ingobernable-Netflix.jpg 1200w\" sizes=\"auto, (max-width: 746px) 100vw, 746px\" \/><\/p>\n<p><strong>Netflix<\/strong> anunci\u00f3 que <em><strong>\u201cIngobernable\u201d<\/strong><\/em>, la serie protagonizada por la mexicana <strong>Kate del Castillo,<\/strong> tendr\u00e1 una segunda temporada que irrumpir\u00e1 en pantalla reci\u00e9n en 2018.<\/p>\n<p>El personaje de Kate Del Castillo en<em><strong> \u201cIngobernable\u201d<\/strong><\/em> pierde la fe en su marido, el presidente de M\u00e9xico (encarnado por Erik Hayser), y desde el primer episodio es puesta en la diana de las autoridades, que <strong>emprenden una caza y captura tras ella<\/strong> por motivos que se van aclarando a lo largo de la trama.<\/p>\n<p><strong>Emilia Urquiza<\/strong> es la primera dama de M\u00e9xico y tiene grandes planes para mejorar las condiciones del pa\u00eds gracias a su compromiso de luchar por la paz.<\/p>\n<p>A medida que Emilia comienza a perder la fe en su marido, el presidente Diego Nava, se encuentra en un cruce donde tendr\u00e1 que encontrar una manera de lidiar con un gran reto y descubrir la verdad.<\/p>\n<p><em><strong>LEA TAMBI\u00c9N:\u00a0<\/strong><\/em><\/p>\n<div class=\"video-container\">\n<blockquote class=\"wp-embedded-content\" data-secret=\"NCW16l2PPd\"><p><a href=\"http:\/\/cronicasyversiones.com\/?p=14931\">\u201cLos expedientes secretos X\u201d tendr\u00e1n una nueva temporada<\/a><\/p><\/blockquote>\n<p><iframe loading=\"lazy\" class=\"wp-embedded-content\" sandbox=\"allow-scripts\" security=\"restricted\" style=\"position: absolute; clip: rect(1px, 1px, 1px, 1px);\" title=\"\u00ab\u201cLos expedientes secretos X\u201d tendr\u00e1n una nueva temporada\u00bb \u2014    \" src=\"http:\/\/cronicasyversiones.com\/?p=14931&#038;embed=true#?secret=dqEShlKAbo#?secret=NCW16l2PPd\" data-secret=\"NCW16l2PPd\" width=\"600\" height=\"338\" frameborder=\"0\" marginwidth=\"0\" marginheight=\"0\" scrolling=\"no\"><\/iframe><\/div>\n<p><strong>Epigmenio Ibarra<\/strong>, creador y productor ejecutivo de la serie, dijo estar muy agradecido al p\u00fablico que \u201cvivi\u00f3 intensamente la historia de Emilia Urquiza y quiere saber m\u00e1s de su lucha\u201d.<\/p>\n<p>El elenco de la serie se completa con Er\u00e9ndira Ibarra, Fernando Luj\u00e1n, \u00c1lvaro Guerrero, Alberto Guerra, Aida L\u00f3pez y Luis Roberto Guzm\u00e1n, entre otros actores y colaboraciones especiales.<\/p>\n<p>&nbsp;<\/p>\n<div style=\"padding-bottom:20px; padding-top:10px;\" class=\"hupso-share-buttons\"><!-- Hupso Share Buttons - https:\/\/www.hupso.com\/share\/ --><a class=\"hupso_counters\" href=\"https:\/\/www.hupso.com\/share\/\"><img decoding=\"async\" src=\"http:\/\/static.hupso.com\/share\/buttons\/lang\/es\/share-small.png\" style=\"border:0px; padding-top:2px; float:left;\" alt=\"Share Button\"\/><\/a><script type=\"text\/javascript\">var hupso_services_c=new Array(\"twitter\",\"facebook_like\",\"google\");var hupso_counters_lang = \"es_LA\";var hupso_image_folder_url = \"\";var hupso_twitter_via=\"crsyvrs\";var hupso_url_c=\"\";<\/script><script type=\"text\/javascript\" src=\"http:\/\/static.hupso.com\/share\/js\/counters.js\"><\/script><!-- Hupso Share Buttons --><\/div> ","protected":false},"excerpt":{"rendered":"<div style=\"padding-bottom:20px; padding-top:10px;\" class=\"hupso-share-buttons\"><!-- Hupso Share Buttons - https:\/\/www.hupso.com\/share\/ --><a class=\"hupso_counters\" href=\"https:\/\/www.hupso.com\/share\/\"><img src=\"http:\/\/static.hupso.com\/share\/buttons\/lang\/es\/share-small.png\" style=\"border:0px; padding-top:2px; float:left;\" alt=\"Share Button\"\/><\/a><script type=\"text\/javascript\">var hupso_services_c=new Array(\"twitter\",\"facebook_like\",\"google\");var hupso_counters_lang = \"es_LA\";var hupso_image_folder_url = \"\";var hupso_twitter_via=\"crsyvrs\";var hupso_url_c=\"\";<\/script><script type=\"text\/javascript\" src=\"http:\/\/static.hupso.com\/share\/js\/counters.js\"><\/script><!-- Hupso Share Buttons --><\/div><p>En los nuevos episodios de la serie, el personaje de la mexicana Kate del Castillo pierde la fe en su marido, el presidente de M\u00e9xico. Netflix anunci\u00f3 que \u201cIngobernable\u201d, la serie protagonizada por la mexicana Kate del Castillo, tendr\u00e1&#46;&#46;&#46;<\/p>\n<div style=\"padding-bottom:20px; padding-top:10px;\" class=\"hupso-share-buttons\"><!-- Hupso Share Buttons - https:\/\/www.hupso.com\/share\/ --><a class=\"hupso_counters\" href=\"https:\/\/www.hupso.com\/share\/\"><img src=\"http:\/\/static.hupso.com\/share\/buttons\/lang\/es\/share-small.png\" style=\"border:0px; padding-top:2px; float:left;\" alt=\"Share Button\"\/><\/a><script type=\"text\/javascript\">var hupso_services_c=new Array(\"twitter\",\"facebook_like\",\"google\");var hupso_counters_lang = \"es_LA\";var hupso_image_folder_url = \"\";var hupso_twitter_via=\"crsyvrs\";var hupso_url_c=\"\";<\/script><script type=\"text\/javascript\" src=\"http:\/\/static.hupso.com\/share\/js\/counters.js\"><\/script><!-- Hupso Share Buttons --><\/div>","protected":false},"author":5,"featured_media":15036,"comment_status":"open","ping_status":"closed","sticky":false,"template":"","format":"standard","meta":{"footnotes":""},"categories":[6],"tags":[7929,7930,1270],"class_list":["post-15035","post","type-post","status-publish","format-standard","has-post-thumbnail","hentry","category-radio-y-tv","tag-ingobernable","tag-kate-del-castillo","tag-netflix"],"_links":{"self":[{"href":"http:\/\/cronicasyversiones.com\/index.php?rest_route=\/wp\/v2\/posts\/15035","targetHints":{"allow":["GET"]}}],"collection":[{"href":"http:\/\/cronicasyversiones.com\/index.php?rest_route=\/wp\/v2\/posts"}],"about":[{"href":"http:\/\/cronicasyversiones.com\/index.php?rest_route=\/wp\/v2\/types\/post"}],"author":[{"embeddable":true,"href":"http:\/\/cronicasyversiones.com\/index.php?rest_route=\/wp\/v2\/users\/5"}],"replies":[{"embeddable":true,"href":"http:\/\/cronicasyversiones.com\/index.php?rest_route=%2Fwp%2Fv2%2Fcomments&post=15035"}],"version-history":[{"count":0,"href":"http:\/\/cronicasyversiones.com\/index.php?rest_route=\/wp\/v2\/posts\/15035\/revisions"}],"wp:featuredmedia":[{"embeddable":true,"href":"http:\/\/cronicasyversiones.com\/index.php?rest_route=\/wp\/v2\/media\/15036"}],"wp:attachment":[{"href":"http:\/\/cronicasyversiones.com\/index.php?rest_route=%2Fwp%2Fv2%2Fmedia&parent=15035"}],"wp:term":[{"taxonomy":"category","embeddable":true,"href":"http:\/\/cronicasyversiones.com\/index.php?rest_route=%2Fwp%2Fv2%2Fcategories&post=15035"},{"taxonomy":"post_tag","embeddable":true,"href":"http:\/\/cronicasyversiones.com\/index.php?rest_route=%2Fwp%2Fv2%2Ftags&post=15035"}],"curies":[{"name":"wp","href":"https:\/\/api.w.org\/{rel}","templated":true}]}}