{"id":15133,"date":"2017-05-07T11:58:01","date_gmt":"2017-05-07T14:58:01","guid":{"rendered":"http:\/\/cronicasyversiones.com\/?p=15133"},"modified":"2017-05-07T11:58:12","modified_gmt":"2017-05-07T14:58:12","slug":"los-afiches-y-las-peliculas-de-augusto-roa-bastos-en-el-biblioteca-nacional","status":"publish","type":"post","link":"http:\/\/cronicasyversiones.com\/?p=15133","title":{"rendered":"Los afiches y las pel\u00edculas de Augusto Roa Bastos, en el Biblioteca Nacional"},"content":{"rendered":"<div style=\"padding-bottom:20px; padding-top:10px;\" class=\"hupso-share-buttons\"><!-- Hupso Share Buttons - https:\/\/www.hupso.com\/share\/ --><a class=\"hupso_counters\" href=\"https:\/\/www.hupso.com\/share\/\"><img decoding=\"async\" src=\"http:\/\/static.hupso.com\/share\/buttons\/lang\/es\/share-small.png\" style=\"border:0px; padding-top:2px; float:left;\" alt=\"Share Button\"\/><\/a><script type=\"text\/javascript\">var hupso_services_c=new Array(\"twitter\",\"facebook_like\",\"google\");var hupso_counters_lang = \"es_LA\";var hupso_image_folder_url = \"\";var hupso_twitter_via=\"crsyvrs\";var hupso_url_c=\"\";<\/script><script type=\"text\/javascript\" src=\"http:\/\/static.hupso.com\/share\/js\/counters.js\"><\/script><!-- Hupso Share Buttons --><\/div><h2>La muestra recupera a los afiches de los films que escribi\u00f3 el escritor paraguayo durante su estancia en Buenos Aires y tambi\u00e9n se exhibir\u00e1n estas producciones.<\/h2>\n<p><img loading=\"lazy\" decoding=\"async\" class=\"wp-image-15150 aligncenter\" src=\"http:\/\/cronicasyversiones.com\/wp-content\/uploads\/2017\/05\/Roa-1-1024x538.jpg\" alt=\"\" width=\"680\" height=\"357\" srcset=\"http:\/\/cronicasyversiones.com\/wp-content\/uploads\/2017\/05\/Roa-1-1024x538.jpg 1024w, http:\/\/cronicasyversiones.com\/wp-content\/uploads\/2017\/05\/Roa-1-300x158.jpg 300w, http:\/\/cronicasyversiones.com\/wp-content\/uploads\/2017\/05\/Roa-1-768x403.jpg 768w, http:\/\/cronicasyversiones.com\/wp-content\/uploads\/2017\/05\/Roa-1.jpg 1200w\" sizes=\"auto, (max-width: 680px) 100vw, 680px\" \/><\/p>\n<p><em><strong>\u00abAugusto Roa Bastos. El supremo guionista\u00bb,<\/strong><\/em> la muestra que recupera a los afiches de las pel\u00edculas que escribi\u00f3 el escritor paraguayo durante su estancia en Buenos Aires se podr\u00e1 visitar en la Biblioteca Nacional, y durante este mes tambi\u00e9n se exhibir\u00e1n las pel\u00edculas.<\/p>\n<p>Augusto Roa Bastos vivi\u00f3 un largo exilio de 43 a\u00f1os. <strong>En 1947 lleg\u00f3 a Buenos Aires<\/strong> y, luego de diversos trabajos (mozo en un hotel alojamiento, corrector de pruebas en un diario matutino, limpiador de vidrios, empleado en una compa\u00f1\u00eda de seguros), encontr\u00f3 una posibilidad de ganarse la vida como <strong>guionista de cine, una profesi\u00f3n cercana a su gran pasi\u00f3n: la literatura.<\/strong><\/p>\n<p>Durante los 29 a\u00f1os que vivi\u00f3 en Buenos Aires, antes de ser nuevamente exiliado por la dictadura de Jorge Rafael Videla, trabaj\u00f3 en trece pel\u00edculas junto a grandes directores del cine nacional como <strong>Armando B\u00f3, Lautaro Mur\u00faa, Lucas Demare y Marcos Madanes.<\/strong><\/p>\n<p>En la muestra se exhibir\u00e1n los afiches de <strong>trece pel\u00edculas en las que particip\u00f3 Roa Bastos.<\/strong> La exposici\u00f3n recorre la trayectoria del autor como guionista desde su primer gui\u00f3n f\u00edlmico,<\/p>\n<p>El 13 de mayo, a las 17, se proyectar\u00e1 <em><strong>\u00abEl port\u00f3n de los sue\u00f1os\u00bb<\/strong> <\/em>(1998), dirigida por <strong>Hugo Gamarra Etcheverry,<\/strong> en el auditorio David Vi\u00f1as, del Museo del libro y de la lengua,\u00a0en la que el propio Roa Bastos narra su retorno definitivo a Iturbe, el pueblo de su infancia.<\/p>\n<p>Mientras que el s\u00e1bado 20, se proyectar\u00e1 <strong>\u00abEl trueno entre las hojas\u00bb<\/strong> (1958), dirigida por <strong>Armando B\u00f3,<\/strong> protagonizada por<em><strong> Isabel \u00abCoca\u00bb Sarli,<\/strong><\/em> tambi\u00e9n escrita por Roa Bastos.<\/p>\n<p>Finalmente, el 27 de mayo, se exhibir\u00e1 <em><strong>\u00abAlias Gardelito\u00bb<\/strong> <\/em>(1961), dirigida por<strong> Lautaro Mur\u00faa,<\/strong> y ser\u00e1 presentada por Patricio Fontana, investigador del CONICET.<\/p>\n<p>El Museo del libro y de la lengua est\u00e1 ubicado en la Avenida Las Heras 2555, de la Ciudad de Buenos Aires.<\/p>\n<p><em><strong>LEA TAMBI\u00c9N:\u00a0<\/strong><\/em><\/p>\n<div class=\"video-container\">\n<blockquote class=\"wp-embedded-content\" data-secret=\"VrsPUBnvQ6\"><p><a href=\"https:\/\/cronicasyversiones.com\/?p=14088\">Por los 100 a\u00f1os del natalicio de Roa Bastos, una edici\u00f3n especial de \u201cYo el Supremo\u201d<\/a><\/p><\/blockquote>\n<p><iframe loading=\"lazy\" class=\"wp-embedded-content\" sandbox=\"allow-scripts\" security=\"restricted\" style=\"position: absolute; clip: rect(1px, 1px, 1px, 1px);\" title=\"\u00abPor los 100 a\u00f1os del natalicio de Roa Bastos, una edici\u00f3n especial de \u201cYo el Supremo\u201d\u00bb \u2014    \" src=\"https:\/\/cronicasyversiones.com\/?p=14088&#038;embed=true#?secret=SeLuoifwHB#?secret=VrsPUBnvQ6\" data-secret=\"VrsPUBnvQ6\" width=\"600\" height=\"338\" frameborder=\"0\" marginwidth=\"0\" marginheight=\"0\" scrolling=\"no\"><\/iframe><\/div>\n<p><strong>Roa Bastos<\/strong> tuvo que abandonar su pa\u00eds en 1947 y se exili\u00f3 en la Argentina y luego en Francia, hasta que regres\u00f3 a Paraguay en 1996, siete a\u00f1os despu\u00e9s del fin de la dictadura de Alfredo Stroessner.<\/p>\n<p>Fue un novelista, cuentista y guionista paraguayo, considerado como la pluma m\u00e1s importante de su pa\u00eds y uno de los m\u00e1s destacados en la literatura latinoamericana.<strong> Gan\u00f3 el Premio Cervantes<\/strong> en 1989 y sus obras han sido traducidas a, por lo menos, veinticinco idiomas.<\/p>\n<p>Roa Bastos falleci\u00f3 en la capital paraguaya el 26 de abril de 2005.<\/p>\n<p>&nbsp;<\/p>\n<div style=\"padding-bottom:20px; padding-top:10px;\" class=\"hupso-share-buttons\"><!-- Hupso Share Buttons - https:\/\/www.hupso.com\/share\/ --><a class=\"hupso_counters\" href=\"https:\/\/www.hupso.com\/share\/\"><img decoding=\"async\" src=\"http:\/\/static.hupso.com\/share\/buttons\/lang\/es\/share-small.png\" style=\"border:0px; padding-top:2px; float:left;\" alt=\"Share Button\"\/><\/a><script type=\"text\/javascript\">var hupso_services_c=new Array(\"twitter\",\"facebook_like\",\"google\");var hupso_counters_lang = \"es_LA\";var hupso_image_folder_url = \"\";var hupso_twitter_via=\"crsyvrs\";var hupso_url_c=\"\";<\/script><script type=\"text\/javascript\" src=\"http:\/\/static.hupso.com\/share\/js\/counters.js\"><\/script><!-- Hupso Share Buttons --><\/div> ","protected":false},"excerpt":{"rendered":"<div style=\"padding-bottom:20px; padding-top:10px;\" class=\"hupso-share-buttons\"><!-- Hupso Share Buttons - https:\/\/www.hupso.com\/share\/ --><a class=\"hupso_counters\" href=\"https:\/\/www.hupso.com\/share\/\"><img src=\"http:\/\/static.hupso.com\/share\/buttons\/lang\/es\/share-small.png\" style=\"border:0px; padding-top:2px; float:left;\" alt=\"Share Button\"\/><\/a><script type=\"text\/javascript\">var hupso_services_c=new Array(\"twitter\",\"facebook_like\",\"google\");var hupso_counters_lang = \"es_LA\";var hupso_image_folder_url = \"\";var hupso_twitter_via=\"crsyvrs\";var hupso_url_c=\"\";<\/script><script type=\"text\/javascript\" src=\"http:\/\/static.hupso.com\/share\/js\/counters.js\"><\/script><!-- Hupso Share Buttons --><\/div><p>La muestra recupera a los afiches de los films que escribi\u00f3 el escritor paraguayo durante su estancia en Buenos Aires y tambi\u00e9n se exhibir\u00e1n estas producciones. \u00abAugusto Roa Bastos. El supremo guionista\u00bb, la muestra que recupera a los afiches&#46;&#46;&#46;<\/p>\n<div style=\"padding-bottom:20px; padding-top:10px;\" class=\"hupso-share-buttons\"><!-- Hupso Share Buttons - https:\/\/www.hupso.com\/share\/ --><a class=\"hupso_counters\" href=\"https:\/\/www.hupso.com\/share\/\"><img src=\"http:\/\/static.hupso.com\/share\/buttons\/lang\/es\/share-small.png\" style=\"border:0px; padding-top:2px; float:left;\" alt=\"Share Button\"\/><\/a><script type=\"text\/javascript\">var hupso_services_c=new Array(\"twitter\",\"facebook_like\",\"google\");var hupso_counters_lang = \"es_LA\";var hupso_image_folder_url = \"\";var hupso_twitter_via=\"crsyvrs\";var hupso_url_c=\"\";<\/script><script type=\"text\/javascript\" src=\"http:\/\/static.hupso.com\/share\/js\/counters.js\"><\/script><!-- Hupso Share Buttons --><\/div>","protected":false},"author":5,"featured_media":15150,"comment_status":"open","ping_status":"closed","sticky":false,"template":"","format":"standard","meta":{"footnotes":""},"categories":[4,7],"tags":[966,2046],"class_list":["post-15133","post","type-post","status-publish","format-standard","has-post-thumbnail","hentry","category-cine","category-literatura","tag-augusto-roa-bastos","tag-biblioteca-nacional"],"_links":{"self":[{"href":"http:\/\/cronicasyversiones.com\/index.php?rest_route=\/wp\/v2\/posts\/15133","targetHints":{"allow":["GET"]}}],"collection":[{"href":"http:\/\/cronicasyversiones.com\/index.php?rest_route=\/wp\/v2\/posts"}],"about":[{"href":"http:\/\/cronicasyversiones.com\/index.php?rest_route=\/wp\/v2\/types\/post"}],"author":[{"embeddable":true,"href":"http:\/\/cronicasyversiones.com\/index.php?rest_route=\/wp\/v2\/users\/5"}],"replies":[{"embeddable":true,"href":"http:\/\/cronicasyversiones.com\/index.php?rest_route=%2Fwp%2Fv2%2Fcomments&post=15133"}],"version-history":[{"count":0,"href":"http:\/\/cronicasyversiones.com\/index.php?rest_route=\/wp\/v2\/posts\/15133\/revisions"}],"wp:featuredmedia":[{"embeddable":true,"href":"http:\/\/cronicasyversiones.com\/index.php?rest_route=\/wp\/v2\/media\/15150"}],"wp:attachment":[{"href":"http:\/\/cronicasyversiones.com\/index.php?rest_route=%2Fwp%2Fv2%2Fmedia&parent=15133"}],"wp:term":[{"taxonomy":"category","embeddable":true,"href":"http:\/\/cronicasyversiones.com\/index.php?rest_route=%2Fwp%2Fv2%2Fcategories&post=15133"},{"taxonomy":"post_tag","embeddable":true,"href":"http:\/\/cronicasyversiones.com\/index.php?rest_route=%2Fwp%2Fv2%2Ftags&post=15133"}],"curies":[{"name":"wp","href":"https:\/\/api.w.org\/{rel}","templated":true}]}}