{"id":15159,"date":"2017-05-08T00:04:44","date_gmt":"2017-05-08T03:04:44","guid":{"rendered":"http:\/\/cronicasyversiones.com\/?p=15159"},"modified":"2017-05-07T19:18:09","modified_gmt":"2017-05-07T22:18:09","slug":"paola-gamberale-sale-a-escena-en-el-ciclo-postales","status":"publish","type":"post","link":"http:\/\/cronicasyversiones.com\/?p=15159","title":{"rendered":"Paola Gamberale sale a escena en el ciclo \u201cPostales\u201d"},"content":{"rendered":"<div style=\"padding-bottom:20px; padding-top:10px;\" class=\"hupso-share-buttons\"><!-- Hupso Share Buttons - https:\/\/www.hupso.com\/share\/ --><a class=\"hupso_counters\" href=\"https:\/\/www.hupso.com\/share\/\"><img decoding=\"async\" src=\"http:\/\/static.hupso.com\/share\/buttons\/lang\/es\/share-small.png\" style=\"border:0px; padding-top:2px; float:left;\" alt=\"Share Button\"\/><\/a><script type=\"text\/javascript\">var hupso_services_c=new Array(\"twitter\",\"facebook_like\",\"google\");var hupso_counters_lang = \"es_LA\";var hupso_image_folder_url = \"\";var hupso_twitter_via=\"crsyvrs\";var hupso_url_c=\"\";<\/script><script type=\"text\/javascript\" src=\"http:\/\/static.hupso.com\/share\/js\/counters.js\"><\/script><!-- Hupso Share Buttons --><\/div><h2>La cantante, guitarrista y compositora, con su interesante fusi\u00f3n de estilos, se presenta en el Auditorio SAdeM, con entrada gratuita.<\/h2>\n<p><img loading=\"lazy\" decoding=\"async\" class=\"wp-image-15161 aligncenter\" src=\"http:\/\/cronicasyversiones.com\/wp-content\/uploads\/2017\/05\/Paola-1.jpg\" alt=\"\" width=\"754\" height=\"492\" srcset=\"http:\/\/cronicasyversiones.com\/wp-content\/uploads\/2017\/05\/Paola-1.jpg 960w, http:\/\/cronicasyversiones.com\/wp-content\/uploads\/2017\/05\/Paola-1-300x196.jpg 300w, http:\/\/cronicasyversiones.com\/wp-content\/uploads\/2017\/05\/Paola-1-768x501.jpg 768w\" sizes=\"auto, (max-width: 754px) 100vw, 754px\" \/><\/p>\n<p><em><strong>\u00a0\u201cPostales\u201d<\/strong><\/em> es el nuevo ciclo de conciertos gratuitos donde <strong>Paola Gamberale<\/strong> presentar\u00e1 sus m\u00fasicas, junto a su banda y artistas invitados, por distintos puntos de la Ciudad de Buenos Aires.<\/p>\n<p>Como parte de este ciclo, la cantante se presentar\u00e1 el viernes 12 de mayo a las 21 en el <strong>Auditorio SAdeM,<\/strong> ubicado en la Avenida Belgrano 3655. Las localidades se entregan ese mismo d\u00eda en la sala a partir de las 20,45, por orden de llegada.<\/p>\n<p>La instrumentaci\u00f3n de los conciertos est\u00e1 dise\u00f1ada para tr\u00edo m\u00e1s invitados. La formaci\u00f3n estaba est\u00e1 integrada por <strong>Paola Gamberale<\/strong> en guitarra y voz, <strong>Pablo Tozzi<\/strong> en bajo, contrabajo y voz y <strong>Leandro Savel\u00f3n<\/strong> en bater\u00eda y voz.<\/p>\n<p>Adem\u00e1s, en calidad de convidados especiales, se sumar\u00e1n <strong>Alejandro Manzoni<\/strong> en piano y acorde\u00f3n, <strong>Diego de la Zerda<\/strong> en percusi\u00f3n y <strong>Alejandro Simonazzi<\/strong> en lecturas.<\/p>\n<p>La puesta en escena tendr\u00e1 un car\u00e1cter multimedial, con un dise\u00f1o escenogr\u00e1fico, visual y de vestuario especial para cada postal, dise\u00f1ado por Carola Manzo, Renzo Cecenarro y Catalina Telerman.<\/p>\n<p><strong>Paola Gamberale<\/strong> es cantante, guitarrista y compositora. Su repertorio combina letras de una po\u00e9tica sencilla con arreglos profundos, mientras que su m\u00fasica explora diversas formas musicales de la<strong> fusi\u00f3n y el jazz,<\/strong> as\u00ed como la bossa y la m\u00fasica de<strong> ra\u00edz folkl\u00f3rica.<\/strong><\/p>\n<p><strong>Paola, en vivo:\u00a0<\/strong><\/p>\n<div style=\"position: relative; height: 0; padding-bottom: 56.25%;\"><iframe loading=\"lazy\" style=\"position: absolute; width: 100%; height: 100%; left: 0;\" src=\"https:\/\/www.youtube.com\/embed\/NbXKZhMuhCY?ecver=2\" width=\"640\" height=\"360\" frameborder=\"0\" allowfullscreen=\"allowfullscreen\"><\/iframe><\/div>\n<p>&nbsp;<\/p>\n<p>&nbsp;<\/p>\n<div style=\"padding-bottom:20px; padding-top:10px;\" class=\"hupso-share-buttons\"><!-- Hupso Share Buttons - https:\/\/www.hupso.com\/share\/ --><a class=\"hupso_counters\" href=\"https:\/\/www.hupso.com\/share\/\"><img decoding=\"async\" src=\"http:\/\/static.hupso.com\/share\/buttons\/lang\/es\/share-small.png\" style=\"border:0px; padding-top:2px; float:left;\" alt=\"Share Button\"\/><\/a><script type=\"text\/javascript\">var hupso_services_c=new Array(\"twitter\",\"facebook_like\",\"google\");var hupso_counters_lang = \"es_LA\";var hupso_image_folder_url = \"\";var hupso_twitter_via=\"crsyvrs\";var hupso_url_c=\"\";<\/script><script type=\"text\/javascript\" src=\"http:\/\/static.hupso.com\/share\/js\/counters.js\"><\/script><!-- Hupso Share Buttons --><\/div> ","protected":false},"excerpt":{"rendered":"<div style=\"padding-bottom:20px; padding-top:10px;\" class=\"hupso-share-buttons\"><!-- Hupso Share Buttons - https:\/\/www.hupso.com\/share\/ --><a class=\"hupso_counters\" href=\"https:\/\/www.hupso.com\/share\/\"><img src=\"http:\/\/static.hupso.com\/share\/buttons\/lang\/es\/share-small.png\" style=\"border:0px; padding-top:2px; float:left;\" alt=\"Share Button\"\/><\/a><script type=\"text\/javascript\">var hupso_services_c=new Array(\"twitter\",\"facebook_like\",\"google\");var hupso_counters_lang = \"es_LA\";var hupso_image_folder_url = \"\";var hupso_twitter_via=\"crsyvrs\";var hupso_url_c=\"\";<\/script><script type=\"text\/javascript\" src=\"http:\/\/static.hupso.com\/share\/js\/counters.js\"><\/script><!-- Hupso Share Buttons --><\/div><p>La cantante, guitarrista y compositora, con su interesante fusi\u00f3n de estilos, se presenta en el Auditorio SAdeM, con entrada gratuita. \u00a0\u201cPostales\u201d es el nuevo ciclo de conciertos gratuitos donde Paola Gamberale presentar\u00e1 sus m\u00fasicas, junto a su banda y&#46;&#46;&#46;<\/p>\n<div style=\"padding-bottom:20px; padding-top:10px;\" class=\"hupso-share-buttons\"><!-- Hupso Share Buttons - https:\/\/www.hupso.com\/share\/ --><a class=\"hupso_counters\" href=\"https:\/\/www.hupso.com\/share\/\"><img src=\"http:\/\/static.hupso.com\/share\/buttons\/lang\/es\/share-small.png\" style=\"border:0px; padding-top:2px; float:left;\" alt=\"Share Button\"\/><\/a><script type=\"text\/javascript\">var hupso_services_c=new Array(\"twitter\",\"facebook_like\",\"google\");var hupso_counters_lang = \"es_LA\";var hupso_image_folder_url = \"\";var hupso_twitter_via=\"crsyvrs\";var hupso_url_c=\"\";<\/script><script type=\"text\/javascript\" src=\"http:\/\/static.hupso.com\/share\/js\/counters.js\"><\/script><!-- Hupso Share Buttons --><\/div>","protected":false},"author":5,"featured_media":0,"comment_status":"open","ping_status":"closed","sticky":false,"template":"","format":"standard","meta":{"footnotes":""},"categories":[3],"tags":[1136,7953],"class_list":["post-15159","post","type-post","status-publish","format-standard","hentry","category-musica","tag-folklore","tag-paola-gamberale"],"_links":{"self":[{"href":"http:\/\/cronicasyversiones.com\/index.php?rest_route=\/wp\/v2\/posts\/15159","targetHints":{"allow":["GET"]}}],"collection":[{"href":"http:\/\/cronicasyversiones.com\/index.php?rest_route=\/wp\/v2\/posts"}],"about":[{"href":"http:\/\/cronicasyversiones.com\/index.php?rest_route=\/wp\/v2\/types\/post"}],"author":[{"embeddable":true,"href":"http:\/\/cronicasyversiones.com\/index.php?rest_route=\/wp\/v2\/users\/5"}],"replies":[{"embeddable":true,"href":"http:\/\/cronicasyversiones.com\/index.php?rest_route=%2Fwp%2Fv2%2Fcomments&post=15159"}],"version-history":[{"count":0,"href":"http:\/\/cronicasyversiones.com\/index.php?rest_route=\/wp\/v2\/posts\/15159\/revisions"}],"wp:attachment":[{"href":"http:\/\/cronicasyversiones.com\/index.php?rest_route=%2Fwp%2Fv2%2Fmedia&parent=15159"}],"wp:term":[{"taxonomy":"category","embeddable":true,"href":"http:\/\/cronicasyversiones.com\/index.php?rest_route=%2Fwp%2Fv2%2Fcategories&post=15159"},{"taxonomy":"post_tag","embeddable":true,"href":"http:\/\/cronicasyversiones.com\/index.php?rest_route=%2Fwp%2Fv2%2Ftags&post=15159"}],"curies":[{"name":"wp","href":"https:\/\/api.w.org\/{rel}","templated":true}]}}