{"id":15331,"date":"2017-05-21T11:03:57","date_gmt":"2017-05-21T14:03:57","guid":{"rendered":"http:\/\/cronicasyversiones.com\/?p=15331"},"modified":"2017-05-21T11:03:57","modified_gmt":"2017-05-21T14:03:57","slug":"una-muestra-recorre-la-historia-de-la-radio-en-argentina","status":"publish","type":"post","link":"http:\/\/cronicasyversiones.com\/?p=15331","title":{"rendered":"Una muestra recorre la historia de la radio en Argentina"},"content":{"rendered":"<div style=\"padding-bottom:20px; padding-top:10px;\" class=\"hupso-share-buttons\"><!-- Hupso Share Buttons - https:\/\/www.hupso.com\/share\/ --><a class=\"hupso_counters\" href=\"https:\/\/www.hupso.com\/share\/\"><img decoding=\"async\" src=\"http:\/\/static.hupso.com\/share\/buttons\/lang\/es\/share-small.png\" style=\"border:0px; padding-top:2px; float:left;\" alt=\"Share Button\"\/><\/a><script type=\"text\/javascript\">var hupso_services_c=new Array(\"twitter\",\"facebook_like\",\"google\");var hupso_counters_lang = \"es_LA\";var hupso_image_folder_url = \"\";var hupso_twitter_via=\"crsyvrs\";var hupso_url_c=\"\";<\/script><script type=\"text\/javascript\" src=\"http:\/\/static.hupso.com\/share\/js\/counters.js\"><\/script><!-- Hupso Share Buttons --><\/div><h2>En el Museo de la Ciudad se realiza este camino a partir de la colecci\u00f3n de radios, homenajeando a los 90 a\u00f1os de la primera transmisi\u00f3n.<\/h2>\n<p><img loading=\"lazy\" decoding=\"async\" class=\" wp-image-15332 aligncenter\" src=\"http:\/\/cronicasyversiones.com\/wp-content\/uploads\/2017\/05\/Radio.jpg\" alt=\"\" width=\"760\" height=\"379\" srcset=\"http:\/\/cronicasyversiones.com\/wp-content\/uploads\/2017\/05\/Radio.jpg 700w, http:\/\/cronicasyversiones.com\/wp-content\/uploads\/2017\/05\/Radio-300x150.jpg 300w\" sizes=\"auto, (max-width: 760px) 100vw, 760px\" \/><\/p>\n<p>El <strong>Museo de la Ciudad<\/strong> expone <em><strong>\u201cLa Radio y La Ciudad. 90 a\u00f1os en sinton\u00eda\u201d<\/strong><\/em>, un recorrido hist\u00f3rico por la radiofon\u00eda del pa\u00eds, y en particular, de la Ciudad de Buenos Aires, a partir de la colecci\u00f3n de radios de este espacio y homenajeando los 90 a\u00f1os de Radio Ciudad, la primera radio p\u00fablica de la Argentina.<\/p>\n<p>En el a\u00f1o de su 90\u00b0 aniversario se suma a las acciones conmemorativas esta muestra que adem\u00e1s de exhibir el nacimiento y desarrollo de la radio con equipos radiof\u00f3nicos de todas las \u00e9pocas, contar\u00e1 con un estudio m\u00f3vil desde donde se trasmitir\u00e1 en vivo por <strong>La Once Diez.<\/strong><\/p>\n<p>El inicio de la radiodifusi\u00f3n en Argentina fue el 27 de agosto de 1920, en el <strong>Teatro Coliseo de Buenos Aires<\/strong>, cuando apenas pasadas las 9 de la noche <strong>Enrique Tel\u00e9maco Susini<\/strong> ley\u00f3 ante el micr\u00f3fono las primeras palabras en el \u00e9ter:<\/p>\n<blockquote><p>\u00abSe\u00f1oras y se\u00f1ores: la sociedad radio Argentina les presenta hoy el festival sacro de Ricardo Wagner, Parsifal, con la actuaci\u00f3n del tenor Maestri, el bar\u00edtono Aldo Rossi Morelli y la soprano argentina Sara C\u00e9sar, todos con la orquesta del teatro Costanzi de Roma, dirigida por el maestro F\u00e9lix von Weingarten\u00bb.<\/p><\/blockquote>\n<p>La iniciativa, con ribetes de proeza, fue autor\u00eda de un grupo de pioneros encabezado por Susini y compuesto por <strong>C\u00e9sar Guerrico, Miguel Mujica y Luis Romero,<\/strong> quienes por sus andanzas por los techos porte\u00f1os en busca de lugares para colocar los equipos y antenas, fueron llamados <em><strong>\u00abLos locos de la azotea\u00bb.<\/strong><\/em><\/p>\n<p><em><strong>LEA TAMBI\u00c9N:\u00a0<\/strong><\/em><\/p>\n<div class=\"video-container\">\n<blockquote class=\"wp-embedded-content\" data-secret=\"r0ERI4Tv55\"><p><a href=\"https:\/\/cronicasyversiones.com\/?p=15187\">\u201cProyecto Pierre\u201d, una iniciativa de la UBA para crear el h\u00e1bito de ir al teatro<\/a><\/p><\/blockquote>\n<p><iframe loading=\"lazy\" class=\"wp-embedded-content\" sandbox=\"allow-scripts\" security=\"restricted\" style=\"position: absolute; clip: rect(1px, 1px, 1px, 1px);\" title=\"\u00ab\u201cProyecto Pierre\u201d, una iniciativa de la UBA para crear el h\u00e1bito de ir al teatro\u00bb \u2014    \" src=\"https:\/\/cronicasyversiones.com\/?p=15187&#038;embed=true#?secret=Y89ySCGVqK#?secret=r0ERI4Tv55\" data-secret=\"r0ERI4Tv55\" width=\"600\" height=\"338\" frameborder=\"0\" marginwidth=\"0\" marginheight=\"0\" scrolling=\"no\"><\/iframe><\/div>\n<p>La exhibici\u00f3n a cargo de <strong>Sergio Marchisio,<\/strong> se llevar\u00e1 a cabo gracias a un trabajo de restauraci\u00f3n de las piezas que ser\u00e1n exhibidas los d\u00edas de 11 a 18. 30 hasta el 30 de julio en el Museo de la Ciudad, ubicado en Defensa 219, con entrada gratuita.<\/p>\n<div style=\"padding-bottom:20px; padding-top:10px;\" class=\"hupso-share-buttons\"><!-- Hupso Share Buttons - https:\/\/www.hupso.com\/share\/ --><a class=\"hupso_counters\" href=\"https:\/\/www.hupso.com\/share\/\"><img decoding=\"async\" src=\"http:\/\/static.hupso.com\/share\/buttons\/lang\/es\/share-small.png\" style=\"border:0px; padding-top:2px; float:left;\" alt=\"Share Button\"\/><\/a><script type=\"text\/javascript\">var hupso_services_c=new Array(\"twitter\",\"facebook_like\",\"google\");var hupso_counters_lang = \"es_LA\";var hupso_image_folder_url = \"\";var hupso_twitter_via=\"crsyvrs\";var hupso_url_c=\"\";<\/script><script type=\"text\/javascript\" src=\"http:\/\/static.hupso.com\/share\/js\/counters.js\"><\/script><!-- Hupso Share Buttons --><\/div> ","protected":false},"excerpt":{"rendered":"<div style=\"padding-bottom:20px; padding-top:10px;\" class=\"hupso-share-buttons\"><!-- Hupso Share Buttons - https:\/\/www.hupso.com\/share\/ --><a class=\"hupso_counters\" href=\"https:\/\/www.hupso.com\/share\/\"><img src=\"http:\/\/static.hupso.com\/share\/buttons\/lang\/es\/share-small.png\" style=\"border:0px; padding-top:2px; float:left;\" alt=\"Share Button\"\/><\/a><script type=\"text\/javascript\">var hupso_services_c=new Array(\"twitter\",\"facebook_like\",\"google\");var hupso_counters_lang = \"es_LA\";var hupso_image_folder_url = \"\";var hupso_twitter_via=\"crsyvrs\";var hupso_url_c=\"\";<\/script><script type=\"text\/javascript\" src=\"http:\/\/static.hupso.com\/share\/js\/counters.js\"><\/script><!-- Hupso Share Buttons --><\/div><p>En el Museo de la Ciudad se realiza este camino a partir de la colecci\u00f3n de radios, homenajeando a los 90 a\u00f1os de la primera transmisi\u00f3n. El Museo de la Ciudad expone \u201cLa Radio y La Ciudad. 90 a\u00f1os&#46;&#46;&#46;<\/p>\n<div style=\"padding-bottom:20px; padding-top:10px;\" class=\"hupso-share-buttons\"><!-- Hupso Share Buttons - https:\/\/www.hupso.com\/share\/ --><a class=\"hupso_counters\" href=\"https:\/\/www.hupso.com\/share\/\"><img src=\"http:\/\/static.hupso.com\/share\/buttons\/lang\/es\/share-small.png\" style=\"border:0px; padding-top:2px; float:left;\" alt=\"Share Button\"\/><\/a><script type=\"text\/javascript\">var hupso_services_c=new Array(\"twitter\",\"facebook_like\",\"google\");var hupso_counters_lang = \"es_LA\";var hupso_image_folder_url = \"\";var hupso_twitter_via=\"crsyvrs\";var hupso_url_c=\"\";<\/script><script type=\"text\/javascript\" src=\"http:\/\/static.hupso.com\/share\/js\/counters.js\"><\/script><!-- Hupso Share Buttons --><\/div>","protected":false},"author":5,"featured_media":15332,"comment_status":"open","ping_status":"closed","sticky":false,"template":"","format":"standard","meta":{"footnotes":""},"categories":[6,9],"tags":[],"class_list":["post-15331","post","type-post","status-publish","format-standard","has-post-thumbnail","hentry","category-radio-y-tv","category-sociedad"],"_links":{"self":[{"href":"http:\/\/cronicasyversiones.com\/index.php?rest_route=\/wp\/v2\/posts\/15331","targetHints":{"allow":["GET"]}}],"collection":[{"href":"http:\/\/cronicasyversiones.com\/index.php?rest_route=\/wp\/v2\/posts"}],"about":[{"href":"http:\/\/cronicasyversiones.com\/index.php?rest_route=\/wp\/v2\/types\/post"}],"author":[{"embeddable":true,"href":"http:\/\/cronicasyversiones.com\/index.php?rest_route=\/wp\/v2\/users\/5"}],"replies":[{"embeddable":true,"href":"http:\/\/cronicasyversiones.com\/index.php?rest_route=%2Fwp%2Fv2%2Fcomments&post=15331"}],"version-history":[{"count":0,"href":"http:\/\/cronicasyversiones.com\/index.php?rest_route=\/wp\/v2\/posts\/15331\/revisions"}],"wp:featuredmedia":[{"embeddable":true,"href":"http:\/\/cronicasyversiones.com\/index.php?rest_route=\/wp\/v2\/media\/15332"}],"wp:attachment":[{"href":"http:\/\/cronicasyversiones.com\/index.php?rest_route=%2Fwp%2Fv2%2Fmedia&parent=15331"}],"wp:term":[{"taxonomy":"category","embeddable":true,"href":"http:\/\/cronicasyversiones.com\/index.php?rest_route=%2Fwp%2Fv2%2Fcategories&post=15331"},{"taxonomy":"post_tag","embeddable":true,"href":"http:\/\/cronicasyversiones.com\/index.php?rest_route=%2Fwp%2Fv2%2Ftags&post=15331"}],"curies":[{"name":"wp","href":"https:\/\/api.w.org\/{rel}","templated":true}]}}