{"id":15356,"date":"2017-05-22T00:02:40","date_gmt":"2017-05-22T03:02:40","guid":{"rendered":"http:\/\/cronicasyversiones.com\/?p=15356"},"modified":"2017-05-21T19:57:50","modified_gmt":"2017-05-21T22:57:50","slug":"jose-delgado-presenta-acustico-caribe-en-buenos-aires","status":"publish","type":"post","link":"http:\/\/cronicasyversiones.com\/?p=15356","title":{"rendered":"Jos\u00e9 Delgado presenta \u201cAc\u00fastico Caribe\u201d en Buenos Aires"},"content":{"rendered":"<div style=\"padding-bottom:20px; padding-top:10px;\" class=\"hupso-share-buttons\"><!-- Hupso Share Buttons - https:\/\/www.hupso.com\/share\/ --><a class=\"hupso_counters\" href=\"https:\/\/www.hupso.com\/share\/\"><img decoding=\"async\" src=\"http:\/\/static.hupso.com\/share\/buttons\/lang\/es\/share-small.png\" style=\"border:0px; padding-top:2px; float:left;\" alt=\"Share Button\"\/><\/a><script type=\"text\/javascript\">var hupso_services_c=new Array(\"twitter\",\"facebook_like\",\"google\");var hupso_counters_lang = \"es_LA\";var hupso_image_folder_url = \"\";var hupso_twitter_via=\"crsyvrs\";var hupso_url_c=\"\";<\/script><script type=\"text\/javascript\" src=\"http:\/\/static.hupso.com\/share\/js\/counters.js\"><\/script><!-- Hupso Share Buttons --><\/div><h4>Por Edgardo Solano<\/h4>\n<h2>El cantautor venezolano sale a escena en Hasta Trilce para mostrar el ecl\u00e9ctico repertorio de su discograf\u00eda, que va de la m\u00fasica de su pa\u00eds al blues, al jazz y al pop.<\/h2>\n<p><img loading=\"lazy\" decoding=\"async\" class=\"wp-image-15357 aligncenter\" src=\"http:\/\/cronicasyversiones.com\/wp-content\/uploads\/2017\/05\/Jose-1024x682.jpg\" alt=\"\" width=\"760\" height=\"506\" srcset=\"http:\/\/cronicasyversiones.com\/wp-content\/uploads\/2017\/05\/Jose-1024x682.jpg 1024w, http:\/\/cronicasyversiones.com\/wp-content\/uploads\/2017\/05\/Jose-300x200.jpg 300w, http:\/\/cronicasyversiones.com\/wp-content\/uploads\/2017\/05\/Jose-768x512.jpg 768w, http:\/\/cronicasyversiones.com\/wp-content\/uploads\/2017\/05\/Jose-480x320.jpg 480w, http:\/\/cronicasyversiones.com\/wp-content\/uploads\/2017\/05\/Jose.jpg 1280w\" sizes=\"auto, (max-width: 760px) 100vw, 760px\" \/><\/p>\n<p>El cantautor venezolano Jos\u00e9 Delgado se presentar\u00e1 en Argentina en una escala de su\u00a0gira musical \u00abAc\u00fastico Caribe\u00bb, en la que repasar\u00e1 su repertorio con una selecci\u00f3n musical de su frondosa discograf\u00eda.<\/p>\n<p>La cita ser\u00e1 viernes 26 de mayo, a las 23, en Hasta Trilce, un espacio ubicado en Maza 177, en el barrio porte\u00f1o de Almagro, con Manu Sija, como artista invitado. La entrada libre y gratuita y se puede reservar en <em><a href=\"http:\/\/www.hastatrilce.com.ar\">www.hastatrilce.com.ar<\/a>.\u00a0<\/em><\/p>\n<p>Este artista seguir\u00e1 viaje luego por Uruguay y Brasil, mientras que anteriormente llev\u00f3 su m\u00fasica en ferias y festivales en m\u00e1s de 25 pa\u00edses de Africa, Europa y Am\u00e9rica.<\/p>\n<p><strong>Jos\u00e9 Delgado,<\/strong> nacido en Caracas en 1980, es un cantautor venezolano que actualmente celebra m\u00e1s de una d\u00e9cada dedicada a la creaci\u00f3n de un nuevo cancionero\u00a0venezolano.<\/p>\n<p>Sus seis discos grabados en m\u00e1s de una d\u00e9cada de trayectoria, muestran su\u00a0versatilidad compositiva e interpretativa, al transitar por g\u00e9neros venezolanos y\u00a0caribe\u00f1os con la misma facilidad con la que hace gui\u00f1os al blues, al jazz y al pop.<\/p>\n<p><strong>Antes del show en Buenos Aires, Jos\u00e9 Delgado dialog\u00f3 con Cr\u00f3nicas y versiones:<\/strong><\/p>\n<p><strong>&#8211; \u00bfQu\u00e9 vas a presentar en el show en Buenos Aires?\u00a0<\/strong><\/p>\n<p><strong>&#8211;<\/strong> Son varios los shows que dar\u00e9 en Buenos Aires. Estar\u00e9 haciendo un comprimido del repertorio de todos mis discos, dicho comprimido se llama \u201cAc\u00fastico Caribe\u201d. La versi\u00f3n en \u00edntimo de mis canciones, tal como ellas han nacido en su esencia: cuatro y voz o guitarra y voz. Tambi\u00e9n tendr\u00e9 invitados muy especiales: Manu Sija, de Tucum\u00e1n, y Amanda Querales, (cantante caraque\u00f1a de folclore venezolano. Seguro en el camino se juntar\u00e1n m\u00e1s amigos.<\/p>\n<p><strong>&#8211; \u00a0\u00bfQu\u00e9 influencias ten\u00e9s dentro de tu estilo?\u00a0<\/strong><\/p>\n<p><strong>&#8211;<\/strong> La m\u00fasica folcl\u00f3rica venezolana es mi ra\u00edz, y esta me conect\u00f3 con la m\u00fasica de ra\u00edz del mundo. Caracas es una ciudad Caribe y el Caribe es eclecticismo puro. En nuestras ciudades confluyen muchas culturas y muchos g\u00e9neros. Y casi todos han hecho su efecto en mi manera de crear. No es raro encontrar un joropo y luego un blues, un son caribe\u00f1o y luego una balada. Todo cabe, todo se amalgama, es un arroz con mango.<\/p>\n<p><strong><img loading=\"lazy\" decoding=\"async\" class=\"alignleft wp-image-15358\" src=\"http:\/\/cronicasyversiones.com\/wp-content\/uploads\/2017\/05\/Jose-2-1024x682.jpg\" alt=\"\" width=\"508\" height=\"338\" srcset=\"http:\/\/cronicasyversiones.com\/wp-content\/uploads\/2017\/05\/Jose-2-1024x682.jpg 1024w, http:\/\/cronicasyversiones.com\/wp-content\/uploads\/2017\/05\/Jose-2-300x200.jpg 300w, http:\/\/cronicasyversiones.com\/wp-content\/uploads\/2017\/05\/Jose-2-768x512.jpg 768w, http:\/\/cronicasyversiones.com\/wp-content\/uploads\/2017\/05\/Jose-2-480x320.jpg 480w, http:\/\/cronicasyversiones.com\/wp-content\/uploads\/2017\/05\/Jose-2.jpg 1280w\" sizes=\"auto, (max-width: 508px) 100vw, 508px\" \/>&#8211; \u00bfTe gusta combinar estilos y compartir tu m\u00fasica con otros artistas? <\/strong><\/p>\n<p><strong>&#8211;<\/strong> Me encanta mezclarlo todo. Es algo que disfruto mucho. De ese experimentar divertido salen cosas interesantes. A veces es catastr\u00f3fico pero alg\u00fan precio debe tener y mostrarme vivo es lo que m\u00e1s me gusta y quien vive se equivoca. No est\u00e1 mal.\u00a0El compartir con otros artistas me ofrece una oportunidad \u00fanica de aprendizaje. Cada quien tiene una manera de matar los piojos y ver a un un colega hacer lo suyo tiene su encanto. Uno puede robarle cosas y puede uno ser robado en ese intento. Ver c\u00f3mo nace algo nuevo, resultado de esas juntaderas, es gratificante.<\/p>\n<p><strong>&#8211; Recorriste distintos pa\u00edses en tus giras, \u00bfque atesor\u00e1s de esas presentaciones?\u00a0<\/strong><\/p>\n<p><strong>&#8211;<\/strong> La posibilidad de ver mi cultura, mi pa\u00eds, mi casa, desde la distancia, es un valioso tesoro. Tambi\u00e9n ver c\u00f3mo, m\u00e1s all\u00e1 de las lenguas, quienes levantamos tienda independiente en el arte pasamos por las mismas cosas. El esfuerzo por hacernos visibles, por producir mejor, por lograr plataformas y espacios, ese esfuerzo tiene lengua propia y nos junta. Atesoro grandes amigos de estas andanzas y una visi\u00f3n global de muchas cosas. Los viajes me han ayudado a entender que el mundo no termina en la esquina que diviso ni en el Horizonte que ven mis ojos, el mundo es infinito y rico y todo cabe.<\/p>\n<p><strong>\u00bfQu\u00e9 conoces de la escena musical argentina?\u00a0<\/strong><\/p>\n<p><strong>&#8211;<\/strong> De la escena musical argentina conozco grandes iconos que han sido paradas obligatorias: Yupanqui, Gardel, Goyeneche, Mercedes Sosa, Spinetta, Fito, Piazzolla, Carnota, Fandermole, Fal\u00fa, Carlos Aguirre, Johansen. Luego una ola de amigos que no est\u00e1n a ese nivel de exposici\u00f3n pero hacen una m\u00fasica de alt\u00edsimo nivel, Juan Quintero y Luna Monti, Manu Sija, Aymama, entre otros.<\/p>\n<p><strong>&#8211; Por \u00faltimo, no llega tanta m\u00fasica de Venezuela a Argentina, \u00bfcuales son los artistas que no podemos dejar de escuchar?\u00a0<\/strong><\/p>\n<p><strong>&#8211;<\/strong> Cecilia Todd es muy conocida en Argentina, Lilia Vera, Amaranta, Jose Alejandro Paredes, Gualberto Ibarreto, Evio di Marzo, Jorge Guerrero, Los Sinverg\u00fceza.<\/p>\n<p>&nbsp;<\/p>\n<p><em><strong>El video de \u00abAlgo\u00bb<\/strong><\/em><\/p>\n<div style=\"position: relative; height: 0; padding-bottom: 56.25%;\"><iframe loading=\"lazy\" style=\"position: absolute; width: 100%; height: 100%; left: 0;\" src=\"https:\/\/www.youtube.com\/embed\/xFPTQm50ThQ?ecver=2\" width=\"640\" height=\"360\" frameborder=\"0\" allowfullscreen=\"allowfullscreen\"><\/iframe><\/div>\n<div style=\"padding-bottom:20px; padding-top:10px;\" class=\"hupso-share-buttons\"><!-- Hupso Share Buttons - https:\/\/www.hupso.com\/share\/ --><a class=\"hupso_counters\" href=\"https:\/\/www.hupso.com\/share\/\"><img decoding=\"async\" src=\"http:\/\/static.hupso.com\/share\/buttons\/lang\/es\/share-small.png\" style=\"border:0px; padding-top:2px; float:left;\" alt=\"Share Button\"\/><\/a><script type=\"text\/javascript\">var hupso_services_c=new Array(\"twitter\",\"facebook_like\",\"google\");var hupso_counters_lang = \"es_LA\";var hupso_image_folder_url = \"\";var hupso_twitter_via=\"crsyvrs\";var hupso_url_c=\"\";<\/script><script type=\"text\/javascript\" src=\"http:\/\/static.hupso.com\/share\/js\/counters.js\"><\/script><!-- Hupso Share Buttons --><\/div> ","protected":false},"excerpt":{"rendered":"<div style=\"padding-bottom:20px; padding-top:10px;\" class=\"hupso-share-buttons\"><!-- Hupso Share Buttons - https:\/\/www.hupso.com\/share\/ --><a class=\"hupso_counters\" href=\"https:\/\/www.hupso.com\/share\/\"><img src=\"http:\/\/static.hupso.com\/share\/buttons\/lang\/es\/share-small.png\" style=\"border:0px; padding-top:2px; float:left;\" alt=\"Share Button\"\/><\/a><script type=\"text\/javascript\">var hupso_services_c=new Array(\"twitter\",\"facebook_like\",\"google\");var hupso_counters_lang = \"es_LA\";var hupso_image_folder_url = \"\";var hupso_twitter_via=\"crsyvrs\";var hupso_url_c=\"\";<\/script><script type=\"text\/javascript\" src=\"http:\/\/static.hupso.com\/share\/js\/counters.js\"><\/script><!-- Hupso Share Buttons --><\/div><p>Por Edgardo Solano El cantautor venezolano sale a escena en Hasta Trilce para mostrar el ecl\u00e9ctico repertorio de su discograf\u00eda, que va de la m\u00fasica de su pa\u00eds al blues, al jazz y al pop. El cantautor venezolano Jos\u00e9&#46;&#46;&#46;<\/p>\n<div style=\"padding-bottom:20px; padding-top:10px;\" class=\"hupso-share-buttons\"><!-- Hupso Share Buttons - https:\/\/www.hupso.com\/share\/ --><a class=\"hupso_counters\" href=\"https:\/\/www.hupso.com\/share\/\"><img src=\"http:\/\/static.hupso.com\/share\/buttons\/lang\/es\/share-small.png\" style=\"border:0px; padding-top:2px; float:left;\" alt=\"Share Button\"\/><\/a><script type=\"text\/javascript\">var hupso_services_c=new Array(\"twitter\",\"facebook_like\",\"google\");var hupso_counters_lang = \"es_LA\";var hupso_image_folder_url = \"\";var hupso_twitter_via=\"crsyvrs\";var hupso_url_c=\"\";<\/script><script type=\"text\/javascript\" src=\"http:\/\/static.hupso.com\/share\/js\/counters.js\"><\/script><!-- Hupso Share Buttons --><\/div>","protected":false},"author":5,"featured_media":15357,"comment_status":"open","ping_status":"closed","sticky":false,"template":"","format":"standard","meta":{"footnotes":""},"categories":[3],"tags":[7903,7987],"class_list":["post-15356","post","type-post","status-publish","format-standard","has-post-thumbnail","hentry","category-musica","tag-hasta-trilce","tag-jose-delgado"],"_links":{"self":[{"href":"http:\/\/cronicasyversiones.com\/index.php?rest_route=\/wp\/v2\/posts\/15356","targetHints":{"allow":["GET"]}}],"collection":[{"href":"http:\/\/cronicasyversiones.com\/index.php?rest_route=\/wp\/v2\/posts"}],"about":[{"href":"http:\/\/cronicasyversiones.com\/index.php?rest_route=\/wp\/v2\/types\/post"}],"author":[{"embeddable":true,"href":"http:\/\/cronicasyversiones.com\/index.php?rest_route=\/wp\/v2\/users\/5"}],"replies":[{"embeddable":true,"href":"http:\/\/cronicasyversiones.com\/index.php?rest_route=%2Fwp%2Fv2%2Fcomments&post=15356"}],"version-history":[{"count":0,"href":"http:\/\/cronicasyversiones.com\/index.php?rest_route=\/wp\/v2\/posts\/15356\/revisions"}],"wp:featuredmedia":[{"embeddable":true,"href":"http:\/\/cronicasyversiones.com\/index.php?rest_route=\/wp\/v2\/media\/15357"}],"wp:attachment":[{"href":"http:\/\/cronicasyversiones.com\/index.php?rest_route=%2Fwp%2Fv2%2Fmedia&parent=15356"}],"wp:term":[{"taxonomy":"category","embeddable":true,"href":"http:\/\/cronicasyversiones.com\/index.php?rest_route=%2Fwp%2Fv2%2Fcategories&post=15356"},{"taxonomy":"post_tag","embeddable":true,"href":"http:\/\/cronicasyversiones.com\/index.php?rest_route=%2Fwp%2Fv2%2Ftags&post=15356"}],"curies":[{"name":"wp","href":"https:\/\/api.w.org\/{rel}","templated":true}]}}