{"id":15382,"date":"2017-05-24T08:30:21","date_gmt":"2017-05-24T11:30:21","guid":{"rendered":"http:\/\/cronicasyversiones.com\/?p=15382"},"modified":"2017-05-24T08:30:21","modified_gmt":"2017-05-24T11:30:21","slug":"en-el-dia-del-documentalista-homenajean-a-fernando-birri","status":"publish","type":"post","link":"http:\/\/cronicasyversiones.com\/?p=15382","title":{"rendered":"En el D\u00eda del Documentalista, homenajean a Fernando Birri"},"content":{"rendered":"<div style=\"padding-bottom:20px; padding-top:10px;\" class=\"hupso-share-buttons\"><!-- Hupso Share Buttons - https:\/\/www.hupso.com\/share\/ --><a class=\"hupso_counters\" href=\"https:\/\/www.hupso.com\/share\/\"><img decoding=\"async\" src=\"http:\/\/static.hupso.com\/share\/buttons\/lang\/es\/share-small.png\" style=\"border:0px; padding-top:2px; float:left;\" alt=\"Share Button\"\/><\/a><script type=\"text\/javascript\">var hupso_services_c=new Array(\"twitter\",\"facebook_like\",\"google\");var hupso_counters_lang = \"es_LA\";var hupso_image_folder_url = \"\";var hupso_twitter_via=\"crsyvrs\";var hupso_url_c=\"\";<\/script><script type=\"text\/javascript\" src=\"http:\/\/static.hupso.com\/share\/js\/counters.js\"><\/script><!-- Hupso Share Buttons --><\/div><h2>A prop\u00f3sito de este recordatorio del Padre del Documental Latinoamericano, se proyectar\u00e1 una copia remasterizada de \u201cLos inundados\u201d.<\/h2>\n<p><img loading=\"lazy\" decoding=\"async\" class=\" wp-image-15383 aligncenter\" src=\"http:\/\/cronicasyversiones.com\/wp-content\/uploads\/2017\/05\/birri.jpg\" alt=\"\" width=\"753\" height=\"393\" srcset=\"http:\/\/cronicasyversiones.com\/wp-content\/uploads\/2017\/05\/birri.jpg 625w, http:\/\/cronicasyversiones.com\/wp-content\/uploads\/2017\/05\/birri-300x156.jpg 300w\" sizes=\"auto, (max-width: 753px) 100vw, 753px\" \/><\/p>\n<p>En el <strong>D\u00eda del Documentalista<\/strong> se realizar\u00e1 un homenaje a <strong>Fernando Birri<\/strong>, el Padre del Documental Latinoamericano, con la proyecci\u00f3n de una copia remasterizada de <em><strong>\u201cLos inundados\u201d,<\/strong><\/em> el s\u00e1bado 27 de mayo a las 19.30 en el<strong> Cine Gaumont<\/strong>, ubicado en la Avenida \u00a0Rivadavia 1635, con entrada gratuita.<\/p>\n<p>Este homenaje, al que convocan ADN, DIC, DOCA, DocuDAC, RDI, PCI y RAD, contar\u00e1 con la presencia de Dolly Pussi, Juana Sapire y referentes de la escuela de cine del litoral fundada por Birri, y del<strong> Centro Social y Cultural El Birri.<\/strong><\/p>\n<p>El 27 de mayo fue instaurado como el D\u00eda el Documentalistas por los y las documentalistas de Argentina, en memoria del secuestro y desaparici\u00f3n de <strong>Raymundo Gleyzer,<\/strong> cineasta revolucionario que dej\u00f3 una de las obras m\u00e1s contundentes e influyentes del cine documental latinoamericano.<\/p>\n<p><em><strong>LEA TAMBI\u00c9N:\u00a0<\/strong><\/em><\/p>\n<div class=\"video-container\">\n<blockquote class=\"wp-embedded-content\" data-secret=\"AkWQXhxmnD\"><p><a href=\"http:\/\/cronicasyversiones.com\/?p=15297\">Se reestrena el documental \u00abUna historia de Madres\u00bb<\/a><\/p><\/blockquote>\n<p><iframe loading=\"lazy\" class=\"wp-embedded-content\" sandbox=\"allow-scripts\" security=\"restricted\" style=\"position: absolute; clip: rect(1px, 1px, 1px, 1px);\" title=\"\u00abSe reestrena el documental \u00abUna historia de Madres\u00bb\u00bb \u2014    \" src=\"http:\/\/cronicasyversiones.com\/?p=15297&#038;embed=true#?secret=hhyvIlH1Dk#?secret=AkWQXhxmnD\" data-secret=\"AkWQXhxmnD\" width=\"600\" height=\"338\" frameborder=\"0\" marginwidth=\"0\" marginheight=\"0\" scrolling=\"no\"><\/iframe><\/div>\n<p>Replicando el hist\u00f3rico homenaje que le hici\u00e9ramos en el 40\u00ba aniversario de su desaparici\u00f3n, ente a\u00f1o homenajeamos a uno de los padres del cine latinoamericano, el gran cineasta y referente de varias generaciones de realizadores de la regi\u00f3n, <strong>Fernando Birri.<\/strong><\/p>\n<p>El homenaje a Fernando Birri continuar\u00e1 con una retrospectiva de su obra del 15 al 21 de junio en el Cine Gaumont.<\/p>\n<div style=\"padding-bottom:20px; padding-top:10px;\" class=\"hupso-share-buttons\"><!-- Hupso Share Buttons - https:\/\/www.hupso.com\/share\/ --><a class=\"hupso_counters\" href=\"https:\/\/www.hupso.com\/share\/\"><img decoding=\"async\" src=\"http:\/\/static.hupso.com\/share\/buttons\/lang\/es\/share-small.png\" style=\"border:0px; padding-top:2px; float:left;\" alt=\"Share Button\"\/><\/a><script type=\"text\/javascript\">var hupso_services_c=new Array(\"twitter\",\"facebook_like\",\"google\");var hupso_counters_lang = \"es_LA\";var hupso_image_folder_url = \"\";var hupso_twitter_via=\"crsyvrs\";var hupso_url_c=\"\";<\/script><script type=\"text\/javascript\" src=\"http:\/\/static.hupso.com\/share\/js\/counters.js\"><\/script><!-- Hupso Share Buttons --><\/div> ","protected":false},"excerpt":{"rendered":"<div style=\"padding-bottom:20px; padding-top:10px;\" class=\"hupso-share-buttons\"><!-- Hupso Share Buttons - https:\/\/www.hupso.com\/share\/ --><a class=\"hupso_counters\" href=\"https:\/\/www.hupso.com\/share\/\"><img src=\"http:\/\/static.hupso.com\/share\/buttons\/lang\/es\/share-small.png\" style=\"border:0px; padding-top:2px; float:left;\" alt=\"Share Button\"\/><\/a><script type=\"text\/javascript\">var hupso_services_c=new Array(\"twitter\",\"facebook_like\",\"google\");var hupso_counters_lang = \"es_LA\";var hupso_image_folder_url = \"\";var hupso_twitter_via=\"crsyvrs\";var hupso_url_c=\"\";<\/script><script type=\"text\/javascript\" src=\"http:\/\/static.hupso.com\/share\/js\/counters.js\"><\/script><!-- Hupso Share Buttons --><\/div><p>A prop\u00f3sito de este recordatorio del Padre del Documental Latinoamericano, se proyectar\u00e1 una copia remasterizada de \u201cLos inundados\u201d. En el D\u00eda del Documentalista se realizar\u00e1 un homenaje a Fernando Birri, el Padre del Documental Latinoamericano, con la proyecci\u00f3n de&#46;&#46;&#46;<\/p>\n<div style=\"padding-bottom:20px; padding-top:10px;\" class=\"hupso-share-buttons\"><!-- Hupso Share Buttons - https:\/\/www.hupso.com\/share\/ --><a class=\"hupso_counters\" href=\"https:\/\/www.hupso.com\/share\/\"><img src=\"http:\/\/static.hupso.com\/share\/buttons\/lang\/es\/share-small.png\" style=\"border:0px; padding-top:2px; float:left;\" alt=\"Share Button\"\/><\/a><script type=\"text\/javascript\">var hupso_services_c=new Array(\"twitter\",\"facebook_like\",\"google\");var hupso_counters_lang = \"es_LA\";var hupso_image_folder_url = \"\";var hupso_twitter_via=\"crsyvrs\";var hupso_url_c=\"\";<\/script><script type=\"text\/javascript\" src=\"http:\/\/static.hupso.com\/share\/js\/counters.js\"><\/script><!-- Hupso Share Buttons --><\/div>","protected":false},"author":5,"featured_media":15383,"comment_status":"open","ping_status":"closed","sticky":false,"template":"","format":"standard","meta":{"footnotes":""},"categories":[4],"tags":[3998,944,7997,6715],"class_list":["post-15382","post","type-post","status-publish","format-standard","has-post-thumbnail","hentry","category-cine","tag-cine-gaumont","tag-documentales","tag-fernando-birri","tag-raymundo-gleyzer"],"_links":{"self":[{"href":"http:\/\/cronicasyversiones.com\/index.php?rest_route=\/wp\/v2\/posts\/15382","targetHints":{"allow":["GET"]}}],"collection":[{"href":"http:\/\/cronicasyversiones.com\/index.php?rest_route=\/wp\/v2\/posts"}],"about":[{"href":"http:\/\/cronicasyversiones.com\/index.php?rest_route=\/wp\/v2\/types\/post"}],"author":[{"embeddable":true,"href":"http:\/\/cronicasyversiones.com\/index.php?rest_route=\/wp\/v2\/users\/5"}],"replies":[{"embeddable":true,"href":"http:\/\/cronicasyversiones.com\/index.php?rest_route=%2Fwp%2Fv2%2Fcomments&post=15382"}],"version-history":[{"count":0,"href":"http:\/\/cronicasyversiones.com\/index.php?rest_route=\/wp\/v2\/posts\/15382\/revisions"}],"wp:featuredmedia":[{"embeddable":true,"href":"http:\/\/cronicasyversiones.com\/index.php?rest_route=\/wp\/v2\/media\/15383"}],"wp:attachment":[{"href":"http:\/\/cronicasyversiones.com\/index.php?rest_route=%2Fwp%2Fv2%2Fmedia&parent=15382"}],"wp:term":[{"taxonomy":"category","embeddable":true,"href":"http:\/\/cronicasyversiones.com\/index.php?rest_route=%2Fwp%2Fv2%2Fcategories&post=15382"},{"taxonomy":"post_tag","embeddable":true,"href":"http:\/\/cronicasyversiones.com\/index.php?rest_route=%2Fwp%2Fv2%2Ftags&post=15382"}],"curies":[{"name":"wp","href":"https:\/\/api.w.org\/{rel}","templated":true}]}}