{"id":15396,"date":"2017-05-25T09:25:45","date_gmt":"2017-05-25T12:25:45","guid":{"rendered":"http:\/\/cronicasyversiones.com\/?p=15396"},"modified":"2017-05-25T14:53:23","modified_gmt":"2017-05-25T17:53:23","slug":"pescado-rabioso-en-5-canciones","status":"publish","type":"post","link":"http:\/\/cronicasyversiones.com\/?p=15396","title":{"rendered":"Pescado Rabioso en 5 canciones"},"content":{"rendered":"<div style=\"padding-bottom:20px; padding-top:10px;\" class=\"hupso-share-buttons\"><!-- Hupso Share Buttons - https:\/\/www.hupso.com\/share\/ --><a class=\"hupso_counters\" href=\"https:\/\/www.hupso.com\/share\/\"><img decoding=\"async\" src=\"http:\/\/static.hupso.com\/share\/buttons\/lang\/es\/share-small.png\" style=\"border:0px; padding-top:2px; float:left;\" alt=\"Share Button\"\/><\/a><script type=\"text\/javascript\">var hupso_services_c=new Array(\"twitter\",\"facebook_like\",\"google\");var hupso_counters_lang = \"es_LA\";var hupso_image_folder_url = \"\";var hupso_twitter_via=\"crsyvrs\";var hupso_url_c=\"\";<\/script><script type=\"text\/javascript\" src=\"http:\/\/static.hupso.com\/share\/js\/counters.js\"><\/script><!-- Hupso Share Buttons --><\/div><h2>Un recorrido por algunos cl\u00e1sicos de la banda que lider\u00f3 Luis Alberto Spinetta a principios de los \u201970.<\/h2>\n<p><img loading=\"lazy\" decoding=\"async\" class=\"size-full wp-image-15397 aligncenter\" src=\"http:\/\/cronicasyversiones.com\/wp-content\/uploads\/2017\/05\/Pescado.jpg\" alt=\"\" width=\"720\" height=\"515\" srcset=\"http:\/\/cronicasyversiones.com\/wp-content\/uploads\/2017\/05\/Pescado.jpg 720w, http:\/\/cronicasyversiones.com\/wp-content\/uploads\/2017\/05\/Pescado-350x250.jpg 350w, http:\/\/cronicasyversiones.com\/wp-content\/uploads\/2017\/05\/Pescado-300x215.jpg 300w\" sizes=\"auto, (max-width: 720px) 100vw, 720px\" \/><\/p>\n<p>Despu\u00e9s de <a href=\"http:\/\/cronicasyversiones.com\/?p=5482\">la separaci\u00f3n de Almendra <\/a>en 1970 y un realizar un viaje de varios meses por Brasil, y Europa, <strong>Luis Alberto Spinetta<\/strong> decidi\u00f3 formar una nueva banda con un sonido m\u00e1s crudo y distorsionado.<\/p>\n<p>A fines de 1971, el Flaco presentaba a <strong>Pescado Rabioso,<\/strong> su nueva aventura, en formato de tr\u00edo junto al baterista <strong>Black Amaya<\/strong> y el bajista <strong>Osvaldo \u00abBoc\u00f3n\u00bb Frascino.<\/strong> Al poco tiempo se incorpor\u00f3 el talentoso tecladista <strong>Carlos Cutaia<\/strong> y Boc\u00f3n dejar\u00eda el grupo con la intenci\u00f3n de ser guitarrista y fue reemplazado por un joven <strong>David Leb\u00f3n.<\/strong><\/p>\n<p>La banda edit\u00f3<em><strong> \u201cDesatorment\u00e1ndonos\u201d<\/strong><\/em>, su \u00e1lbum debut, y el notable <em><strong>\u201cPescado 2\u201d<\/strong><\/em>, un \u00e1lbum doble en el que ampliaron sus universos musicales. Luego de la disoluci\u00f3n de la banda,<a href=\"http:\/\/cronicasyversiones.com\/?p=116\"> Spinetta edit\u00f3 \u201cArtaud\u201d, quiz\u00e1 el mejor disco del rock argentino<\/a>, como Pescado Rabioso, pero en realidad fue un proyecto solista.<\/p>\n<p>A pesar de durar s\u00f3lo un par de a\u00f1os, la influencia de Pescado fue decisiva y es una de las etapas m\u00e1s recordadas de la rica trayectoria del Flaco. La banda tuvo una vuelta en el concierto de las Bandas Eternas, en 2009.<\/p>\n<p><strong>Algunos cl\u00e1sicos de Pescado:\u00a0<\/strong><\/p>\n<h1>Post-crucifixi\u00f3n<\/h1>\n<h1 style=\"position: relative; height: 0; padding-bottom: 56.25%;\"><iframe loading=\"lazy\" style=\"position: absolute; width: 100%; height: 100%; left: 0;\" src=\"https:\/\/www.youtube.com\/embed\/IcP1TcLtwxY?ecver=2\" width=\"640\" height=\"360\" frameborder=\"0\" allowfullscreen=\"allowfullscreen\"><\/iframe><\/h1>\n<p>Editado como simple, las im\u00e1genes pertenecen a pel\u00edcula \u00abRock hasta que se ponga el sol\u00bb, de 1973, de Anibal Uset. Aqu\u00ed, tambi\u00e9n se incluye \u00abCorto\u00bb, al inicio del clip.<\/p>\n<h1>Despi\u00e9rtate nena<\/h1>\n<div style=\"position: relative; height: 0; padding-bottom: 75.0%;\"><iframe loading=\"lazy\" style=\"position: absolute; width: 100%; height: 100%; left: 0;\" src=\"https:\/\/www.youtube.com\/embed\/8qzMrW-K4-I?ecver=2\" width=\"640\" height=\"360\" frameborder=\"0\" allowfullscreen=\"allowfullscreen\"><\/iframe><\/div>\n<p>De la misma pel\u00edcula, el Flaco sale a escena con una sirena policial en s\u00e1tira a la represi\u00f3n imperante en esos a\u00f1os. En este tema David muestra sus dotes de cantante.<\/p>\n<h1>Pose\u00eddo del Alba<\/h1>\n<div style=\"position: relative; height: 0; padding-bottom: 56.25%;\"><iframe loading=\"lazy\" style=\"position: absolute; width: 100%; height: 100%; left: 0;\" src=\"https:\/\/www.youtube.com\/embed\/_KggSDPVd18?ecver=2\" width=\"640\" height=\"360\" frameborder=\"0\" allowfullscreen=\"allowfullscreen\"><\/iframe><\/div>\n<p>Temazo del disco \u00abPescado 2\u00bb y en la versi\u00f3n en vivo de las Bandas Eternas en el Estadio de V\u00e9lez, en uno de los recitales m\u00e1s recordados del rock argentino.<\/p>\n<h1>Hola dulce viento<\/h1>\n<div style=\"position: relative; height: 0; padding-bottom: 56.25%;\"><iframe loading=\"lazy\" style=\"position: absolute; width: 100%; height: 100%; left: 0;\" src=\"https:\/\/www.youtube.com\/embed\/dbFFXALcV9A?ecver=2\" width=\"640\" height=\"360\" frameborder=\"0\" allowfullscreen=\"allowfullscreen\"><\/iframe><\/div>\n<p>Hermoso tema de aire folk, el primero compuesto por David para un disco. Tambi\u00e9n en una versi\u00f3n vivo en las Bandas Eternas.<\/p>\n<h1>Me gusta ese tajo<\/h1>\n<div style=\"position: relative; height: 0; padding-bottom: 56.25%;\"><iframe loading=\"lazy\" style=\"position: absolute; width: 100%; height: 100%; left: 0;\" src=\"https:\/\/www.youtube.com\/embed\/D9-R22mujaM?ecver=2\" width=\"640\" height=\"360\" frameborder=\"0\" allowfullscreen=\"allowfullscreen\"><\/iframe><\/div>\n<p>Rock &amp; roll cl\u00e1sico del primer disco del grupo. En vivo en las Bandas Eternas en una extensa versi\u00f3n con los solos de viola de Boc\u00f3n.<\/p>\n<p>&nbsp;<\/p>\n<div style=\"padding-bottom:20px; padding-top:10px;\" class=\"hupso-share-buttons\"><!-- Hupso Share Buttons - https:\/\/www.hupso.com\/share\/ --><a class=\"hupso_counters\" href=\"https:\/\/www.hupso.com\/share\/\"><img decoding=\"async\" src=\"http:\/\/static.hupso.com\/share\/buttons\/lang\/es\/share-small.png\" style=\"border:0px; padding-top:2px; float:left;\" alt=\"Share Button\"\/><\/a><script type=\"text\/javascript\">var hupso_services_c=new Array(\"twitter\",\"facebook_like\",\"google\");var hupso_counters_lang = \"es_LA\";var hupso_image_folder_url = \"\";var hupso_twitter_via=\"crsyvrs\";var hupso_url_c=\"\";<\/script><script type=\"text\/javascript\" src=\"http:\/\/static.hupso.com\/share\/js\/counters.js\"><\/script><!-- Hupso Share Buttons --><\/div> ","protected":false},"excerpt":{"rendered":"<div style=\"padding-bottom:20px; padding-top:10px;\" class=\"hupso-share-buttons\"><!-- Hupso Share Buttons - https:\/\/www.hupso.com\/share\/ --><a class=\"hupso_counters\" href=\"https:\/\/www.hupso.com\/share\/\"><img src=\"http:\/\/static.hupso.com\/share\/buttons\/lang\/es\/share-small.png\" style=\"border:0px; padding-top:2px; float:left;\" alt=\"Share Button\"\/><\/a><script type=\"text\/javascript\">var hupso_services_c=new Array(\"twitter\",\"facebook_like\",\"google\");var hupso_counters_lang = \"es_LA\";var hupso_image_folder_url = \"\";var hupso_twitter_via=\"crsyvrs\";var hupso_url_c=\"\";<\/script><script type=\"text\/javascript\" src=\"http:\/\/static.hupso.com\/share\/js\/counters.js\"><\/script><!-- Hupso Share Buttons --><\/div><p>Un recorrido por algunos cl\u00e1sicos de la banda que lider\u00f3 Luis Alberto Spinetta a principios de los \u201970. Despu\u00e9s de la separaci\u00f3n de Almendra en 1970 y un realizar un viaje de varios meses por Brasil, y Europa, Luis&#46;&#46;&#46;<\/p>\n<div style=\"padding-bottom:20px; padding-top:10px;\" class=\"hupso-share-buttons\"><!-- Hupso Share Buttons - https:\/\/www.hupso.com\/share\/ --><a class=\"hupso_counters\" href=\"https:\/\/www.hupso.com\/share\/\"><img src=\"http:\/\/static.hupso.com\/share\/buttons\/lang\/es\/share-small.png\" style=\"border:0px; padding-top:2px; float:left;\" alt=\"Share Button\"\/><\/a><script type=\"text\/javascript\">var hupso_services_c=new Array(\"twitter\",\"facebook_like\",\"google\");var hupso_counters_lang = \"es_LA\";var hupso_image_folder_url = \"\";var hupso_twitter_via=\"crsyvrs\";var hupso_url_c=\"\";<\/script><script type=\"text\/javascript\" src=\"http:\/\/static.hupso.com\/share\/js\/counters.js\"><\/script><!-- Hupso Share Buttons --><\/div>","protected":false},"author":5,"featured_media":15397,"comment_status":"open","ping_status":"closed","sticky":false,"template":"","format":"standard","meta":{"footnotes":""},"categories":[3080,3,3944],"tags":[47],"class_list":["post-15396","post","type-post","status-publish","format-standard","has-post-thumbnail","hentry","category-en-5-canciones","category-musica","category-spinettario","tag-luis-alberto-spinetta"],"_links":{"self":[{"href":"http:\/\/cronicasyversiones.com\/index.php?rest_route=\/wp\/v2\/posts\/15396","targetHints":{"allow":["GET"]}}],"collection":[{"href":"http:\/\/cronicasyversiones.com\/index.php?rest_route=\/wp\/v2\/posts"}],"about":[{"href":"http:\/\/cronicasyversiones.com\/index.php?rest_route=\/wp\/v2\/types\/post"}],"author":[{"embeddable":true,"href":"http:\/\/cronicasyversiones.com\/index.php?rest_route=\/wp\/v2\/users\/5"}],"replies":[{"embeddable":true,"href":"http:\/\/cronicasyversiones.com\/index.php?rest_route=%2Fwp%2Fv2%2Fcomments&post=15396"}],"version-history":[{"count":0,"href":"http:\/\/cronicasyversiones.com\/index.php?rest_route=\/wp\/v2\/posts\/15396\/revisions"}],"wp:featuredmedia":[{"embeddable":true,"href":"http:\/\/cronicasyversiones.com\/index.php?rest_route=\/wp\/v2\/media\/15397"}],"wp:attachment":[{"href":"http:\/\/cronicasyversiones.com\/index.php?rest_route=%2Fwp%2Fv2%2Fmedia&parent=15396"}],"wp:term":[{"taxonomy":"category","embeddable":true,"href":"http:\/\/cronicasyversiones.com\/index.php?rest_route=%2Fwp%2Fv2%2Fcategories&post=15396"},{"taxonomy":"post_tag","embeddable":true,"href":"http:\/\/cronicasyversiones.com\/index.php?rest_route=%2Fwp%2Fv2%2Ftags&post=15396"}],"curies":[{"name":"wp","href":"https:\/\/api.w.org\/{rel}","templated":true}]}}