{"id":15429,"date":"2017-05-31T07:23:50","date_gmt":"2017-05-31T10:23:50","guid":{"rendered":"http:\/\/cronicasyversiones.com\/?p=15429"},"modified":"2017-05-31T07:23:50","modified_gmt":"2017-05-31T10:23:50","slug":"premian-a-trapero-en-el-festival-de-cine-de-valencia-cinema-jove","status":"publish","type":"post","link":"http:\/\/cronicasyversiones.com\/?p=15429","title":{"rendered":"Premian a Trapero en el Festival de Cine de Val\u00e8ncia Cinema Jove"},"content":{"rendered":"<div style=\"padding-bottom:20px; padding-top:10px;\" class=\"hupso-share-buttons\"><!-- Hupso Share Buttons - https:\/\/www.hupso.com\/share\/ --><a class=\"hupso_counters\" href=\"https:\/\/www.hupso.com\/share\/\"><img decoding=\"async\" src=\"http:\/\/static.hupso.com\/share\/buttons\/lang\/es\/share-small.png\" style=\"border:0px; padding-top:2px; float:left;\" alt=\"Share Button\"\/><\/a><script type=\"text\/javascript\">var hupso_services_c=new Array(\"twitter\",\"facebook_like\",\"google\");var hupso_counters_lang = \"es_LA\";var hupso_image_folder_url = \"\";var hupso_twitter_via=\"crsyvrs\";var hupso_url_c=\"\";<\/script><script type=\"text\/javascript\" src=\"http:\/\/static.hupso.com\/share\/js\/counters.js\"><\/script><!-- Hupso Share Buttons --><\/div><h2>Ser\u00e1 reconocido \u00abpor su pujante y exitosa trayectoria como uno de los m\u00e1s destacados cineastas latinoamericanos\u00bb y proyectar\u00e1 toda su obra.<\/h2>\n<p><img loading=\"lazy\" decoding=\"async\" class=\" wp-image-15430 aligncenter\" src=\"http:\/\/cronicasyversiones.com\/wp-content\/uploads\/2017\/05\/Trapero-Gusman-Renier-Elefante-Blanco-NegroWhite.jpg\" alt=\"\" width=\"623\" height=\"435\" srcset=\"http:\/\/cronicasyversiones.com\/wp-content\/uploads\/2017\/05\/Trapero-Gusman-Renier-Elefante-Blanco-NegroWhite.jpg 504w, http:\/\/cronicasyversiones.com\/wp-content\/uploads\/2017\/05\/Trapero-Gusman-Renier-Elefante-Blanco-NegroWhite-300x210.jpg 300w\" sizes=\"auto, (max-width: 623px) 100vw, 623px\" \/><\/p>\n<p>El <strong>Festival Internacional de Cine de Val\u00e8ncia Cinema Jove<\/strong> le otorgar\u00e1 el premio <strong>Luna de Valencia<\/strong> a <strong>Pablo Trapero<\/strong> \u00abpor su pujante y exitosa trayectoria como uno de los m\u00e1s destacados cineastas latinoamericanos\u00bb y proyectar\u00e1 toda su filmograf\u00eda.<\/p>\n<p>Seg\u00fan informa la organizaci\u00f3n, la retrospectiva de toda su filmograf\u00eda incluye la proyecci\u00f3n de <strong><em>\u00abNacido y criado\u00bb, \u00abCarancho\u00bb <\/em><\/strong>y<strong><em> \u201cElefante Blanco\u201d, <\/em><\/strong>entre otras.<\/p>\n<p>El cineasta ya obtuvo repercusi\u00f3n en el certamen cuando sus dos primeras pel\u00edculas, <strong><em>\u00abMundo gr\u00faa\u00bb <\/em><\/strong>y<strong><em> \u00abEl bonaerense\u00bb,<\/em><\/strong> fueron proyectadas en la edici\u00f3n de Cinema Jove de 2003.<\/p>\n<p>Est\u00e1 previsto que el pr\u00f3ximo 23 de junio reciba la Luna de Valencia y un d\u00eda m\u00e1s tarde dialogar\u00e1\u00a0 con el p\u00fablico que asista a la proyecci\u00f3n de <strong><em>\u00abEl clan\u00bb<\/em><\/strong> (2015), su m\u00e1s reciente pel\u00edcula y la de mayor proyecci\u00f3n internacional, en la sala Berlanga de la Filmoteca.<\/p>\n<blockquote><p>Seg\u00fan Cinema Jove, \u00absupuso la consagraci\u00f3n a nivel internacional para una filmograf\u00eda que se mueve con pulso firme entre la cr\u00f3nica social sin concesiones y un costumbrismo de g\u00e9nero, que pone de relieve la problem\u00e1tica de las clases m\u00e1s desfavorecidas en la historia reciente de su pa\u00eds\u00bb.<\/p><\/blockquote>\n<p>Considerado como uno de los referentes del denominado nuevo cine argentino surgido en los \u201990, comenz\u00f3 su filmograf\u00eda en 1999 con <strong><em>\u201cMundo Gr\u00faa\u201d <\/em><\/strong>y luego continu\u00f3 con obras como <strong><em>\u201cEl bonaerense\u201d, \u201cLeonera\u201d, \u201cCarancho\u201d <\/em><\/strong>y<strong><em> \u201cElefante Blanco\u201c.<\/em><\/strong><\/p>\n<p><em><strong>LEA TAMBI\u00c9N:\u00a0<\/strong><\/em><\/p>\n<div class=\"video-container\">\n<blockquote class=\"wp-embedded-content\" data-secret=\"W2doc4qK8b\"><p><a href=\"https:\/\/cronicasyversiones.com\/?p=12428\">Pablo Trapero en 5 pel\u00edculas<\/a><\/p><\/blockquote>\n<p><iframe loading=\"lazy\" class=\"wp-embedded-content\" sandbox=\"allow-scripts\" security=\"restricted\" style=\"position: absolute; clip: rect(1px, 1px, 1px, 1px);\" title=\"\u00abPablo Trapero en 5 pel\u00edculas\u00bb \u2014    \" src=\"https:\/\/cronicasyversiones.com\/?p=12428&#038;embed=true#?secret=CvlaRHLnCK#?secret=W2doc4qK8b\" data-secret=\"W2doc4qK8b\" width=\"600\" height=\"338\" frameborder=\"0\" marginwidth=\"0\" marginheight=\"0\" scrolling=\"no\"><\/iframe><\/div>\n<p>Sus pel\u00edculas son de corte realista, retrata gente com\u00fan desarrollando actividades cotidianas y destaca las injusticias del contexto socio-econ\u00f3mico de la sociedad en la que viven sus protagonistas.<\/p>\n<p>Su \u00faltimo film fue <strong><em>\u201cEl Clan\u201d,<\/em><\/strong> basada en el caso policial del Clan Puccio, comandado por Arqu\u00edmedes Puccio (Francella) y su hijo, Alejandro (Peter Lanzani) a comienzos de los \u201880.<\/p>\n<div style=\"padding-bottom:20px; padding-top:10px;\" class=\"hupso-share-buttons\"><!-- Hupso Share Buttons - https:\/\/www.hupso.com\/share\/ --><a class=\"hupso_counters\" href=\"https:\/\/www.hupso.com\/share\/\"><img decoding=\"async\" src=\"http:\/\/static.hupso.com\/share\/buttons\/lang\/es\/share-small.png\" style=\"border:0px; padding-top:2px; float:left;\" alt=\"Share Button\"\/><\/a><script type=\"text\/javascript\">var hupso_services_c=new Array(\"twitter\",\"facebook_like\",\"google\");var hupso_counters_lang = \"es_LA\";var hupso_image_folder_url = \"\";var hupso_twitter_via=\"crsyvrs\";var hupso_url_c=\"\";<\/script><script type=\"text\/javascript\" src=\"http:\/\/static.hupso.com\/share\/js\/counters.js\"><\/script><!-- Hupso Share Buttons --><\/div> ","protected":false},"excerpt":{"rendered":"<div style=\"padding-bottom:20px; padding-top:10px;\" class=\"hupso-share-buttons\"><!-- Hupso Share Buttons - https:\/\/www.hupso.com\/share\/ --><a class=\"hupso_counters\" href=\"https:\/\/www.hupso.com\/share\/\"><img src=\"http:\/\/static.hupso.com\/share\/buttons\/lang\/es\/share-small.png\" style=\"border:0px; padding-top:2px; float:left;\" alt=\"Share Button\"\/><\/a><script type=\"text\/javascript\">var hupso_services_c=new Array(\"twitter\",\"facebook_like\",\"google\");var hupso_counters_lang = \"es_LA\";var hupso_image_folder_url = \"\";var hupso_twitter_via=\"crsyvrs\";var hupso_url_c=\"\";<\/script><script type=\"text\/javascript\" src=\"http:\/\/static.hupso.com\/share\/js\/counters.js\"><\/script><!-- Hupso Share Buttons --><\/div><p>Ser\u00e1 reconocido \u00abpor su pujante y exitosa trayectoria como uno de los m\u00e1s destacados cineastas latinoamericanos\u00bb y proyectar\u00e1 toda su obra. El Festival Internacional de Cine de Val\u00e8ncia Cinema Jove le otorgar\u00e1 el premio Luna de Valencia a Pablo&#46;&#46;&#46;<\/p>\n<div style=\"padding-bottom:20px; padding-top:10px;\" class=\"hupso-share-buttons\"><!-- Hupso Share Buttons - https:\/\/www.hupso.com\/share\/ --><a class=\"hupso_counters\" href=\"https:\/\/www.hupso.com\/share\/\"><img src=\"http:\/\/static.hupso.com\/share\/buttons\/lang\/es\/share-small.png\" style=\"border:0px; padding-top:2px; float:left;\" alt=\"Share Button\"\/><\/a><script type=\"text\/javascript\">var hupso_services_c=new Array(\"twitter\",\"facebook_like\",\"google\");var hupso_counters_lang = \"es_LA\";var hupso_image_folder_url = \"\";var hupso_twitter_via=\"crsyvrs\";var hupso_url_c=\"\";<\/script><script type=\"text\/javascript\" src=\"http:\/\/static.hupso.com\/share\/js\/counters.js\"><\/script><!-- Hupso Share Buttons --><\/div>","protected":false},"author":5,"featured_media":0,"comment_status":"open","ping_status":"closed","sticky":false,"template":"","format":"standard","meta":{"footnotes":""},"categories":[4],"tags":[2889],"class_list":["post-15429","post","type-post","status-publish","format-standard","hentry","category-cine","tag-pablo-trapero"],"_links":{"self":[{"href":"http:\/\/cronicasyversiones.com\/index.php?rest_route=\/wp\/v2\/posts\/15429","targetHints":{"allow":["GET"]}}],"collection":[{"href":"http:\/\/cronicasyversiones.com\/index.php?rest_route=\/wp\/v2\/posts"}],"about":[{"href":"http:\/\/cronicasyversiones.com\/index.php?rest_route=\/wp\/v2\/types\/post"}],"author":[{"embeddable":true,"href":"http:\/\/cronicasyversiones.com\/index.php?rest_route=\/wp\/v2\/users\/5"}],"replies":[{"embeddable":true,"href":"http:\/\/cronicasyversiones.com\/index.php?rest_route=%2Fwp%2Fv2%2Fcomments&post=15429"}],"version-history":[{"count":0,"href":"http:\/\/cronicasyversiones.com\/index.php?rest_route=\/wp\/v2\/posts\/15429\/revisions"}],"wp:attachment":[{"href":"http:\/\/cronicasyversiones.com\/index.php?rest_route=%2Fwp%2Fv2%2Fmedia&parent=15429"}],"wp:term":[{"taxonomy":"category","embeddable":true,"href":"http:\/\/cronicasyversiones.com\/index.php?rest_route=%2Fwp%2Fv2%2Fcategories&post=15429"},{"taxonomy":"post_tag","embeddable":true,"href":"http:\/\/cronicasyversiones.com\/index.php?rest_route=%2Fwp%2Fv2%2Ftags&post=15429"}],"curies":[{"name":"wp","href":"https:\/\/api.w.org\/{rel}","templated":true}]}}