{"id":15435,"date":"2017-05-29T10:00:59","date_gmt":"2017-05-29T13:00:59","guid":{"rendered":"http:\/\/cronicasyversiones.com\/?p=15435"},"modified":"2017-05-29T10:00:59","modified_gmt":"2017-05-29T13:00:59","slug":"vuelve-el-acusticazo-con-litto-nebbia-y-leon-gieco","status":"publish","type":"post","link":"http:\/\/cronicasyversiones.com\/?p=15435","title":{"rendered":"Vuelve el \u201cAcusticazo\u201d con Litto Nebbia y Le\u00f3n Gieco"},"content":{"rendered":"<div style=\"padding-bottom:20px; padding-top:10px;\" class=\"hupso-share-buttons\"><!-- Hupso Share Buttons - https:\/\/www.hupso.com\/share\/ --><a class=\"hupso_counters\" href=\"https:\/\/www.hupso.com\/share\/\"><img decoding=\"async\" src=\"http:\/\/static.hupso.com\/share\/buttons\/lang\/es\/share-small.png\" style=\"border:0px; padding-top:2px; float:left;\" alt=\"Share Button\"\/><\/a><script type=\"text\/javascript\">var hupso_services_c=new Array(\"twitter\",\"facebook_like\",\"google\");var hupso_counters_lang = \"es_LA\";var hupso_image_folder_url = \"\";var hupso_twitter_via=\"crsyvrs\";var hupso_url_c=\"\";<\/script><script type=\"text\/javascript\" src=\"http:\/\/static.hupso.com\/share\/js\/counters.js\"><\/script><!-- Hupso Share Buttons --><\/div><h2>Este festival, que tuvo su primera edici\u00f3n en 1972, vuelve con algunos de sus participantes originales y con nuevos artistas.<\/h2>\n<p><img loading=\"lazy\" decoding=\"async\" class=\"wp-image-15438 aligncenter\" src=\"http:\/\/cronicasyversiones.com\/wp-content\/uploads\/2017\/05\/Litto-2.jpg\" alt=\"\" width=\"749\" height=\"504\" srcset=\"http:\/\/cronicasyversiones.com\/wp-content\/uploads\/2017\/05\/Litto-2.jpg 849w, http:\/\/cronicasyversiones.com\/wp-content\/uploads\/2017\/05\/Litto-2-300x202.jpg 300w, http:\/\/cronicasyversiones.com\/wp-content\/uploads\/2017\/05\/Litto-2-768x517.jpg 768w\" sizes=\"auto, (max-width: 749px) 100vw, 749px\" \/><\/p>\n<p>Como parte de la celebraci\u00f3n de sus 50 a\u00f1os de vida, el rock argentino recordar\u00e1 el jueves 8 de junio a las 19 el famoso <em><strong>\u201cAcusticazo\u201d<\/strong> <\/em>de 1972, y lo har\u00e1 con una segunda edici\u00f3n del festival.<\/p>\n<p>Del encuentro, que se realizar\u00e1 en el porte\u00f1o <strong>Teatro Gran Rex,<\/strong> ubicado en la Avenida\u00a0Corrientes 857, participar\u00e1n <strong>Litto Nebbia<\/strong> y <strong>Le\u00f3n Gieco<\/strong>, dos de los protagonistas de aquel hist\u00f3rico concierto. Actuar\u00e1n tambi\u00e9n las bandas <strong>Catupecu Machu <\/strong>y<strong> Salta La Banca.<\/strong><\/p>\n<p>Como el nombre del show lo indica, todos deber\u00e1n adaptar su presentaci\u00f3n al formato unplugged, una apuesta que, en casos como el de la banda de Fernando Ruiz D\u00edaz en <em><strong>\u201cLaberintos entre aristas y dialectos\u201d,<\/strong><\/em> cosech\u00f3 buenos resultados. Las entradas del recital ya est\u00e1n a la venta a trav\u00e9s del sistema Ticketek.<\/p>\n<p><em><strong>LEA TAMBI\u00c9N:\u00a0<\/strong><\/em><\/p>\n<div class=\"video-container\">\n<blockquote class=\"wp-embedded-content\" data-secret=\"YFdPbjyZT2\"><p><a href=\"https:\/\/cronicasyversiones.com\/?p=13965\">Litto Nebbia reedit\u00f3 la discograf\u00eda completa de Los Gatos<\/a><\/p><\/blockquote>\n<p><iframe loading=\"lazy\" class=\"wp-embedded-content\" sandbox=\"allow-scripts\" security=\"restricted\" style=\"position: absolute; clip: rect(1px, 1px, 1px, 1px);\" title=\"\u00abLitto Nebbia reedit\u00f3 la discograf\u00eda completa de Los Gatos\u00bb \u2014    \" src=\"https:\/\/cronicasyversiones.com\/?p=13965&#038;embed=true#?secret=cVynFZDwmW#?secret=YFdPbjyZT2\" data-secret=\"YFdPbjyZT2\" width=\"600\" height=\"338\" frameborder=\"0\" marginwidth=\"0\" marginheight=\"0\" scrolling=\"no\"><\/iframe><\/div>\n<p>Promovido por el entra\u00f1able festival <strong>B.A.Rock,<\/strong> que tambi\u00e9n regresar\u00e1 en este 2017 , el nuevo <em><strong>\u201cAcusticazo\u201d<\/strong><\/em> se realizar\u00e1 en el mes de los 50 a\u00f1os de la grabaci\u00f3n de \u201c<em><strong>La Balsa\u201d<\/strong><\/em>, la canci\u00f3n de<strong> Litto Nebbia y Tanguito<\/strong> que grabaron Los Gatos y que, como simple, vendi\u00f3 250 mil unidades.<\/p>\n<p>El simple con conten\u00eda este tema, con <em><strong>\u201cAyer nom\u00e1s\u201d<\/strong> <\/em>en la obra cara, sali\u00f3 a la venta el 3 de julio de 1967 y fue un anticipo del primer disco de <strong>Los Gatos.<\/strong><\/p>\n<p>El<em><strong> \u201cAcusticazo\u201d<\/strong> <\/em>de 1972 reuni\u00f3 a Nebbia y Gieco con <strong>David Leb\u00f3n, Ra\u00fal Porchetto, Edelmiro Molinari y Gabriela.<\/strong> Se realiz\u00f3 en el Teatro Atlantic, que estaba ubicado a unas diez cuadras del Gran Rex, en Avenida Belgrano y Santiago del Estero, y fue demolido poco tiempo despu\u00e9s.<\/p>\n<blockquote><p>\u201cSe trat\u00f3 de reunir a lo mejor de los m\u00fasicos de la nueva generaci\u00f3n que revistan en la m\u00fasica realizada ac\u00fasticamente. Guitarras criollas, folk, flautas, voces, elementos que confieren un tipo de transmisi\u00f3n especial a la imparable m\u00fasica urbana de Buenos Aires, nuevo folklore ciudadano sepultador de expresiones carentes ya de elocuencia y renovaci\u00f3n\u201d, escribi\u00f3 la revista Pelo por esos d\u00edas.<\/p><\/blockquote>\n<p>Ese concierto fue el pionero en aquellos d\u00edas y luego los ac\u00fasticos comenzaron a proliferar en distintos festivales, incluso se volvieron un cl\u00e1sico que llegaron hasta las cadenas musicales de televisi\u00f3n. Adem\u00e1s, este formato acerc\u00f3 al rock argentino a los ritmos folkl\u00f3ricos.<\/p>\n<p><strong>De\u00a0la pel\u00edcula \u00abHasta que ponga el sol\u00bb, \u201cEl bohemio\u201d, un tema ac\u00fastico de Litto de aquellos a\u00f1os, con Domingo Cura como invitado especial.<\/strong><\/p>\n<div style=\"position: relative; height: 0; padding-bottom: 75.0%;\"><iframe loading=\"lazy\" style=\"position: absolute; width: 100%; height: 100%; left: 0;\" src=\"https:\/\/www.youtube.com\/embed\/_GH0IjCL73s?ecver=2\" width=\"480\" height=\"360\" frameborder=\"0\" allowfullscreen=\"allowfullscreen\"><\/iframe><\/div>\n<p>&nbsp;<\/p>\n<div style=\"padding-bottom:20px; padding-top:10px;\" class=\"hupso-share-buttons\"><!-- Hupso Share Buttons - https:\/\/www.hupso.com\/share\/ --><a class=\"hupso_counters\" href=\"https:\/\/www.hupso.com\/share\/\"><img decoding=\"async\" src=\"http:\/\/static.hupso.com\/share\/buttons\/lang\/es\/share-small.png\" style=\"border:0px; padding-top:2px; float:left;\" alt=\"Share Button\"\/><\/a><script type=\"text\/javascript\">var hupso_services_c=new Array(\"twitter\",\"facebook_like\",\"google\");var hupso_counters_lang = \"es_LA\";var hupso_image_folder_url = \"\";var hupso_twitter_via=\"crsyvrs\";var hupso_url_c=\"\";<\/script><script type=\"text\/javascript\" src=\"http:\/\/static.hupso.com\/share\/js\/counters.js\"><\/script><!-- Hupso Share Buttons --><\/div> ","protected":false},"excerpt":{"rendered":"<div style=\"padding-bottom:20px; padding-top:10px;\" class=\"hupso-share-buttons\"><!-- Hupso Share Buttons - https:\/\/www.hupso.com\/share\/ --><a class=\"hupso_counters\" href=\"https:\/\/www.hupso.com\/share\/\"><img src=\"http:\/\/static.hupso.com\/share\/buttons\/lang\/es\/share-small.png\" style=\"border:0px; padding-top:2px; float:left;\" alt=\"Share Button\"\/><\/a><script type=\"text\/javascript\">var hupso_services_c=new Array(\"twitter\",\"facebook_like\",\"google\");var hupso_counters_lang = \"es_LA\";var hupso_image_folder_url = \"\";var hupso_twitter_via=\"crsyvrs\";var hupso_url_c=\"\";<\/script><script type=\"text\/javascript\" src=\"http:\/\/static.hupso.com\/share\/js\/counters.js\"><\/script><!-- Hupso Share Buttons --><\/div><p>Este festival, que tuvo su primera edici\u00f3n en 1972, vuelve con algunos de sus participantes originales y con nuevos artistas. Como parte de la celebraci\u00f3n de sus 50 a\u00f1os de vida, el rock argentino recordar\u00e1 el jueves 8 de&#46;&#46;&#46;<\/p>\n<div style=\"padding-bottom:20px; padding-top:10px;\" class=\"hupso-share-buttons\"><!-- Hupso Share Buttons - https:\/\/www.hupso.com\/share\/ --><a class=\"hupso_counters\" href=\"https:\/\/www.hupso.com\/share\/\"><img src=\"http:\/\/static.hupso.com\/share\/buttons\/lang\/es\/share-small.png\" style=\"border:0px; padding-top:2px; float:left;\" alt=\"Share Button\"\/><\/a><script type=\"text\/javascript\">var hupso_services_c=new Array(\"twitter\",\"facebook_like\",\"google\");var hupso_counters_lang = \"es_LA\";var hupso_image_folder_url = \"\";var hupso_twitter_via=\"crsyvrs\";var hupso_url_c=\"\";<\/script><script type=\"text\/javascript\" src=\"http:\/\/static.hupso.com\/share\/js\/counters.js\"><\/script><!-- Hupso Share Buttons --><\/div>","protected":false},"author":5,"featured_media":15438,"comment_status":"open","ping_status":"closed","sticky":false,"template":"","format":"standard","meta":{"footnotes":""},"categories":[3],"tags":[623,1266],"class_list":["post-15435","post","type-post","status-publish","format-standard","has-post-thumbnail","hentry","category-musica","tag-leon-gieco","tag-litto-nebbia"],"_links":{"self":[{"href":"http:\/\/cronicasyversiones.com\/index.php?rest_route=\/wp\/v2\/posts\/15435","targetHints":{"allow":["GET"]}}],"collection":[{"href":"http:\/\/cronicasyversiones.com\/index.php?rest_route=\/wp\/v2\/posts"}],"about":[{"href":"http:\/\/cronicasyversiones.com\/index.php?rest_route=\/wp\/v2\/types\/post"}],"author":[{"embeddable":true,"href":"http:\/\/cronicasyversiones.com\/index.php?rest_route=\/wp\/v2\/users\/5"}],"replies":[{"embeddable":true,"href":"http:\/\/cronicasyversiones.com\/index.php?rest_route=%2Fwp%2Fv2%2Fcomments&post=15435"}],"version-history":[{"count":0,"href":"http:\/\/cronicasyversiones.com\/index.php?rest_route=\/wp\/v2\/posts\/15435\/revisions"}],"wp:featuredmedia":[{"embeddable":true,"href":"http:\/\/cronicasyversiones.com\/index.php?rest_route=\/wp\/v2\/media\/15438"}],"wp:attachment":[{"href":"http:\/\/cronicasyversiones.com\/index.php?rest_route=%2Fwp%2Fv2%2Fmedia&parent=15435"}],"wp:term":[{"taxonomy":"category","embeddable":true,"href":"http:\/\/cronicasyversiones.com\/index.php?rest_route=%2Fwp%2Fv2%2Fcategories&post=15435"},{"taxonomy":"post_tag","embeddable":true,"href":"http:\/\/cronicasyversiones.com\/index.php?rest_route=%2Fwp%2Fv2%2Ftags&post=15435"}],"curies":[{"name":"wp","href":"https:\/\/api.w.org\/{rel}","templated":true}]}}