{"id":15512,"date":"2017-06-03T08:37:58","date_gmt":"2017-06-03T11:37:58","guid":{"rendered":"http:\/\/cronicasyversiones.com\/?p=15512"},"modified":"2017-06-03T08:37:58","modified_gmt":"2017-06-03T11:37:58","slug":"la-fragilidad-de-los-cuerpos-una-serie-basada-en-la-novela-de-sergio-olguin","status":"publish","type":"post","link":"http:\/\/cronicasyversiones.com\/?p=15512","title":{"rendered":"\u201cLa fragilidad de los cuerpos\u201d, una serie basada en la novela de Sergio Olgu\u00edn"},"content":{"rendered":"<div style=\"padding-bottom:20px; padding-top:10px;\" class=\"hupso-share-buttons\"><!-- Hupso Share Buttons - https:\/\/www.hupso.com\/share\/ --><a class=\"hupso_counters\" href=\"https:\/\/www.hupso.com\/share\/\"><img decoding=\"async\" src=\"http:\/\/static.hupso.com\/share\/buttons\/lang\/es\/share-small.png\" style=\"border:0px; padding-top:2px; float:left;\" alt=\"Share Button\"\/><\/a><script type=\"text\/javascript\">var hupso_services_c=new Array(\"twitter\",\"facebook_like\",\"google\");var hupso_counters_lang = \"es_LA\";var hupso_image_folder_url = \"\";var hupso_twitter_via=\"crsyvrs\";var hupso_url_c=\"\";<\/script><script type=\"text\/javascript\" src=\"http:\/\/static.hupso.com\/share\/js\/counters.js\"><\/script><!-- Hupso Share Buttons --><\/div><h2>Comienza esta historia que gira en torno de una periodista que busca resolver un suicidio de un maquinista y que se transforma en algo oscuro y siniestro.<\/h2>\n<p><img loading=\"lazy\" decoding=\"async\" class=\"wp-image-15513 aligncenter\" src=\"http:\/\/cronicasyversiones.com\/wp-content\/uploads\/2017\/06\/Eva-y-German-1-1024x683.jpg\" alt=\"\" width=\"756\" height=\"504\" srcset=\"http:\/\/cronicasyversiones.com\/wp-content\/uploads\/2017\/06\/Eva-y-German-1-1024x683.jpg 1024w, http:\/\/cronicasyversiones.com\/wp-content\/uploads\/2017\/06\/Eva-y-German-1-300x200.jpg 300w, http:\/\/cronicasyversiones.com\/wp-content\/uploads\/2017\/06\/Eva-y-German-1-768x512.jpg 768w, http:\/\/cronicasyversiones.com\/wp-content\/uploads\/2017\/06\/Eva-y-German-1-480x320.jpg 480w, http:\/\/cronicasyversiones.com\/wp-content\/uploads\/2017\/06\/Eva-y-German-1.jpg 1772w\" sizes=\"auto, (max-width: 756px) 100vw, 756px\" \/><\/p>\n<p><em><strong>\u00abLa fragilidad de los cuerpos\u00bb<\/strong><\/em>, la nueva producci\u00f3n de <em><strong>Pol-Ka<\/strong><\/em> que gira en torno de una periodista que busca resolver un suicidio, llega a la pantalla de<strong> El Trece<\/strong> los mi\u00e9rcoles a las 22, 30 y un d\u00eda despu\u00e9s que se podr\u00e1 ver completa en la se\u00f1al <strong>TNT<\/strong> y por la plataforma on demand Flow.<\/p>\n<p>Basada en la novela hom\u00f3nima de <strong>Sergio Olgu\u00edn<\/strong> y con gui\u00f3n de <strong>Marcos Osorio Vidal,<\/strong> \u00abLa fragilidad de los cuerpos\u00bb recorrer\u00e1 en ocho cap\u00edtulos la investigaci\u00f3n de <strong>Ver\u00f3nica Rosenthan<\/strong> que comienza con un suicidio de un maquinista y se transforma en algo oscuro y siniestro que trasciende la historia de un hombre culposo.<\/p>\n<p>El elenco lo completan <strong>Eva de Dominici, Germ\u00e1n Palacios, Juan Gil Navarro, Gustavo Garz\u00f3n, Enrique Pi\u00f1eyro, Marcelo Subiotto y Diego Faturos<\/strong>.<\/p>\n<p>Las acciones comienzan con una exhaustiva investigaci\u00f3n y, lo que al principio parece ser la muerte de alguien que no puede lidiar con su propia conciencia, de a poco se va transformando en algo <strong>mucho m\u00e1s oscuro y siniestro,<\/strong> que trasciende la historia de un simple maquinista abrumado por la culpa.<\/p>\n<p><em><strong>LEA TAMBI\u00c9N:\u00a0<\/strong><\/em><\/p>\n<div class=\"video-container\">\n<blockquote class=\"wp-embedded-content\" data-secret=\"N54VMyB4vm\"><p><a href=\"https:\/\/cronicasyversiones.com\/?p=15099\">\u201cNeruda\u201d, la pel\u00edcula de Pablo Larra\u00edn, se transform\u00f3 en una miniserie<\/a><\/p><\/blockquote>\n<p><iframe loading=\"lazy\" class=\"wp-embedded-content\" sandbox=\"allow-scripts\" security=\"restricted\" style=\"position: absolute; clip: rect(1px, 1px, 1px, 1px);\" title=\"\u00ab\u201cNeruda\u201d, la pel\u00edcula de Pablo Larra\u00edn, se transform\u00f3 en una miniserie\u00bb \u2014    \" src=\"https:\/\/cronicasyversiones.com\/?p=15099&#038;embed=true#?secret=Te7X3M0StO#?secret=N54VMyB4vm\" data-secret=\"N54VMyB4vm\" width=\"600\" height=\"338\" frameborder=\"0\" marginwidth=\"0\" marginheight=\"0\" scrolling=\"no\"><\/iframe><\/div>\n<p>Ver\u00f3nica Rosenthan\u00a0, cada vez m\u00e1s comprometida con el caso, conocer\u00e1 a Lucio Valrossa, otro maquinista que la ayudar\u00e1 a <strong>revelar algunos de los misterios y con el que adem\u00e1s mantendr\u00e1 una relaci\u00f3n clandestina,<\/strong> marcada por un sexo salvaje, sin inhibiciones ni tab\u00faes.<\/p>\n<p>De esta manera, Ver\u00f3nica y su amante transitar\u00e1n un peligroso camino en busca de la verdad, <strong>poniendo en riesgo sus vidas frente a un sistema tan poderoso y corrupto como siniestro y morboso.<\/strong><\/p>\n<p>\u00abLa fragilidad de los cuerpos\u00bb, el segundo proyecto en conjunto entre Pol-Ka y TNT luego de la tira <em><strong>\u00abSignos\u00bb<\/strong><\/em>, y al que se suma Cablevisi\u00f3n, fue dirigida por <strong>Miguel Cohan<\/strong> y grabada en diferentes locaciones del sur de la Ciudad de Buenos Aires.<\/p>\n<p>El tra\u00edler:<\/p>\n<div style=\"position: relative; height: 0; padding-bottom: 56.25%;\"><iframe loading=\"lazy\" style=\"position: absolute; width: 100%; height: 100%; left: 0;\" src=\"https:\/\/www.youtube.com\/embed\/7k1Hnd_R3QQ?ecver=2\" width=\"640\" height=\"360\" frameborder=\"0\" allowfullscreen=\"allowfullscreen\"><\/iframe><\/div>\n<p>&nbsp;<\/p>\n<div style=\"padding-bottom:20px; padding-top:10px;\" class=\"hupso-share-buttons\"><!-- Hupso Share Buttons - https:\/\/www.hupso.com\/share\/ --><a class=\"hupso_counters\" href=\"https:\/\/www.hupso.com\/share\/\"><img decoding=\"async\" src=\"http:\/\/static.hupso.com\/share\/buttons\/lang\/es\/share-small.png\" style=\"border:0px; padding-top:2px; float:left;\" alt=\"Share Button\"\/><\/a><script type=\"text\/javascript\">var hupso_services_c=new Array(\"twitter\",\"facebook_like\",\"google\");var hupso_counters_lang = \"es_LA\";var hupso_image_folder_url = \"\";var hupso_twitter_via=\"crsyvrs\";var hupso_url_c=\"\";<\/script><script type=\"text\/javascript\" src=\"http:\/\/static.hupso.com\/share\/js\/counters.js\"><\/script><!-- Hupso Share Buttons --><\/div> ","protected":false},"excerpt":{"rendered":"<div style=\"padding-bottom:20px; padding-top:10px;\" class=\"hupso-share-buttons\"><!-- Hupso Share Buttons - https:\/\/www.hupso.com\/share\/ --><a class=\"hupso_counters\" href=\"https:\/\/www.hupso.com\/share\/\"><img src=\"http:\/\/static.hupso.com\/share\/buttons\/lang\/es\/share-small.png\" style=\"border:0px; padding-top:2px; float:left;\" alt=\"Share Button\"\/><\/a><script type=\"text\/javascript\">var hupso_services_c=new Array(\"twitter\",\"facebook_like\",\"google\");var hupso_counters_lang = \"es_LA\";var hupso_image_folder_url = \"\";var hupso_twitter_via=\"crsyvrs\";var hupso_url_c=\"\";<\/script><script type=\"text\/javascript\" src=\"http:\/\/static.hupso.com\/share\/js\/counters.js\"><\/script><!-- Hupso Share Buttons --><\/div><p>Comienza esta historia que gira en torno de una periodista que busca resolver un suicidio de un maquinista y que se transforma en algo oscuro y siniestro. \u00abLa fragilidad de los cuerpos\u00bb, la nueva producci\u00f3n de Pol-Ka que gira&#46;&#46;&#46;<\/p>\n<div style=\"padding-bottom:20px; padding-top:10px;\" class=\"hupso-share-buttons\"><!-- Hupso Share Buttons - https:\/\/www.hupso.com\/share\/ --><a class=\"hupso_counters\" href=\"https:\/\/www.hupso.com\/share\/\"><img src=\"http:\/\/static.hupso.com\/share\/buttons\/lang\/es\/share-small.png\" style=\"border:0px; padding-top:2px; float:left;\" alt=\"Share Button\"\/><\/a><script type=\"text\/javascript\">var hupso_services_c=new Array(\"twitter\",\"facebook_like\",\"google\");var hupso_counters_lang = \"es_LA\";var hupso_image_folder_url = \"\";var hupso_twitter_via=\"crsyvrs\";var hupso_url_c=\"\";<\/script><script type=\"text\/javascript\" src=\"http:\/\/static.hupso.com\/share\/js\/counters.js\"><\/script><!-- Hupso Share Buttons --><\/div>","protected":false},"author":5,"featured_media":15513,"comment_status":"open","ping_status":"closed","sticky":false,"template":"","format":"standard","meta":{"footnotes":""},"categories":[6],"tags":[3496,8023,7399,3910,8022,6531,7401,5194,3229],"class_list":["post-15512","post","type-post","status-publish","format-standard","has-post-thumbnail","hentry","category-radio-y-tv","tag-el-trece","tag-enrique-pineyro","tag-eva-de-dominici","tag-german-palacios","tag-gustavo-garzon","tag-juan-gil-navarro","tag-la-fragilidad-de-los-cuerpos","tag-pol-ka","tag-tnt"],"_links":{"self":[{"href":"http:\/\/cronicasyversiones.com\/index.php?rest_route=\/wp\/v2\/posts\/15512","targetHints":{"allow":["GET"]}}],"collection":[{"href":"http:\/\/cronicasyversiones.com\/index.php?rest_route=\/wp\/v2\/posts"}],"about":[{"href":"http:\/\/cronicasyversiones.com\/index.php?rest_route=\/wp\/v2\/types\/post"}],"author":[{"embeddable":true,"href":"http:\/\/cronicasyversiones.com\/index.php?rest_route=\/wp\/v2\/users\/5"}],"replies":[{"embeddable":true,"href":"http:\/\/cronicasyversiones.com\/index.php?rest_route=%2Fwp%2Fv2%2Fcomments&post=15512"}],"version-history":[{"count":0,"href":"http:\/\/cronicasyversiones.com\/index.php?rest_route=\/wp\/v2\/posts\/15512\/revisions"}],"wp:featuredmedia":[{"embeddable":true,"href":"http:\/\/cronicasyversiones.com\/index.php?rest_route=\/wp\/v2\/media\/15513"}],"wp:attachment":[{"href":"http:\/\/cronicasyversiones.com\/index.php?rest_route=%2Fwp%2Fv2%2Fmedia&parent=15512"}],"wp:term":[{"taxonomy":"category","embeddable":true,"href":"http:\/\/cronicasyversiones.com\/index.php?rest_route=%2Fwp%2Fv2%2Fcategories&post=15512"},{"taxonomy":"post_tag","embeddable":true,"href":"http:\/\/cronicasyversiones.com\/index.php?rest_route=%2Fwp%2Fv2%2Ftags&post=15512"}],"curies":[{"name":"wp","href":"https:\/\/api.w.org\/{rel}","templated":true}]}}