{"id":1568,"date":"2014-04-14T15:02:41","date_gmt":"2014-04-14T18:02:41","guid":{"rendered":"http:\/\/cronicasyversiones.com\/?p=1568"},"modified":"2014-04-14T15:04:05","modified_gmt":"2014-04-14T18:04:05","slug":"pepe-curioni-presenta-tiempos-mejores-el-nuevo-disco-de-particulares","status":"publish","type":"post","link":"http:\/\/cronicasyversiones.com\/?p=1568","title":{"rendered":"Pepe Curioni presenta \u201cTiempos mejores\u201d, el nuevo disco de Particulares"},"content":{"rendered":"<div style=\"padding-bottom:20px; padding-top:10px;\" class=\"hupso-share-buttons\"><!-- Hupso Share Buttons - https:\/\/www.hupso.com\/share\/ --><a class=\"hupso_counters\" href=\"https:\/\/www.hupso.com\/share\/\"><img decoding=\"async\" src=\"http:\/\/static.hupso.com\/share\/buttons\/lang\/es\/share-small.png\" style=\"border:0px; padding-top:2px; float:left;\" alt=\"Share Button\"\/><\/a><script type=\"text\/javascript\">var hupso_services_c=new Array(\"twitter\",\"facebook_like\",\"google\");var hupso_counters_lang = \"es_LA\";var hupso_image_folder_url = \"\";var hupso_twitter_via=\"crsyvrs\";var hupso_url_c=\"\";<\/script><script type=\"text\/javascript\" src=\"http:\/\/static.hupso.com\/share\/js\/counters.js\"><\/script><!-- Hupso Share Buttons --><\/div><h4 style=\"text-align: justify;\">Por Edgardo Solano<\/h4>\n<h2 style=\"text-align: justify;\">El m\u00fasico argentino, radicado desde hace 13 a\u00f1os en Espa\u00f1a, regresa para mostrar sus canciones. En el \u00e1lbum fluyen amables melod\u00edas pop rock con aires de distintas influencias.<\/h2>\n<p style=\"text-align: justify;\"><a href=\"http:\/\/cronicasyversiones.com\/wp-content\/uploads\/2014\/04\/Promo_arg_1.jpg\"><img loading=\"lazy\" decoding=\"async\" class=\"wp-image-1569 aligncenter\" alt=\"Promo_arg_1\" src=\"http:\/\/cronicasyversiones.com\/wp-content\/uploads\/2014\/04\/Promo_arg_1.jpg\" width=\"704\" height=\"423\" srcset=\"http:\/\/cronicasyversiones.com\/wp-content\/uploads\/2014\/04\/Promo_arg_1.jpg 800w, http:\/\/cronicasyversiones.com\/wp-content\/uploads\/2014\/04\/Promo_arg_1-300x180.jpg 300w, http:\/\/cronicasyversiones.com\/wp-content\/uploads\/2014\/04\/Promo_arg_1-624x375.jpg 624w\" sizes=\"auto, (max-width: 704px) 100vw, 704px\" \/><\/a><\/p>\n<p style=\"text-align: justify;\">Como otros exponentes del rock argentino, <strong>Pepe Curioni<\/strong> se fue con la m\u00fasica a otra parte y recal\u00f3 en Espa\u00f1a, primero en Barcelona y luego afinc\u00e1ndose en Madrid, para mostrar sus canciones. Con el disco<em> <strong>\u201cTiempos mejores\u201d<\/strong><\/em> debajo del brazo, el segundo disco de su banda <strong>Particulares<\/strong>, vuelve al pa\u00eds para presentar su nuevo material.<\/p>\n<p>Junto con un tr\u00edo de m\u00fasicos argentinos como banda de acompa\u00f1amiento en esta incursi\u00f3n en el R\u00edo de la Plata, Pepe Curioni presenta \u201cTiempos mejores\u201d y otras canciones el s\u00e1bado 19 en <strong>Vuela el Pez<\/strong>, ubicado en C\u00f3rdoba 4379, en pleno barrio porte\u00f1o de Palermo. Tambi\u00e9n tiene programado tocar en su Chivilcoy natal.<\/p>\n<p>\u201c<strong>A los espa\u00f1oles le gusta mucho el estilo de los m\u00fasicos argentinos<\/strong> desde Tequila y luego con Los Rodr\u00edguez, aunque conocen menos del 10 por ciento de lo que se hace en Argentina, a Charly Garc\u00eda casi ni lo conocen, por ejemplo y es una pena que pase esto\u201d, le comenta Pepe Curioni a <em><strong>Cr\u00f3nicas y versiones<\/strong> <\/em>sobre el panorama musical ib\u00e9rico respecto del rock argentino.<\/p>\n<p>Antes de <strong>Tequila<\/strong>, la banda de rock &amp; roll de Ariel Rot y Alejo Stivel, <strong>Aquelarre y Moris<\/strong> cruzaron el oc\u00e9ano y luego lo hizo tambi\u00e9n Roque Narvaja y Sergio Makaroff, para explicarles a los espa\u00f1oles que el rock en castellano era posible de realizar sin repetir formulas anglosajonas.<\/p>\n<p>El furor de <strong>Los Rodr\u00edguez<\/strong>, con Calamaro y Rot como l\u00edderes, gener\u00f3 que Andy Chango y Coti Sorokin tambi\u00e9n pudieran conquistar Espa\u00f1a. Pepe Curioni, junto a otros de su generaci\u00f3n como Frans Banfield, tambi\u00e9n se fueron ganando al p\u00fablico ib\u00e9rico con sus canciones.<\/p>\n<p><strong>\u201cEn Espa\u00f1a est\u00e1n muy acostumbrados al estilo Calamaresco,<\/strong> pero yo hago otro cosa, es algo m\u00e1s cercano al pop\u201d, explica el cantautor, guitarrista y bajista nacido en Chivilcoy sobre su estilo que le escapa a la f\u00f3rmula ya aprobada en Espa\u00f1a.<\/p>\n<p>El pop rock de Curioni tambi\u00e9n tiene aires folk y melod\u00edas Beatles. En \u201cTiempos mejores\u201d, amable y f\u00e1cil escucha, se destacan el pagadizo <em><strong>\u201cTormenta en la ciudad\u201d<\/strong> <\/em>y la melod\u00eda<em><strong> \u201cCaminos\u201d.<\/strong> <\/em>Tambi\u00e9n tocan puntos altos <em><strong>\u201cLa amapolas\u201d<\/strong><\/em> y el tema que le da t\u00edtulo al disco, ambos con letras de <strong>Sergio Makaroff<\/strong>, quien tambi\u00e9n le aport\u00f3 su pluma a Los Rodr\u00edguez, Andr\u00e9s Calamaro y Ariel Rot, entre otros.<\/p>\n<p>En el disco, el cantautor argentino, donde lo secundan<strong> Axel Riquelme<\/strong> en bater\u00eda y <strong>Toni Brunet<\/strong> en guitarras, a los que se le suman varios m\u00fasicos invitados, mantiene su impronta rioplatense con varios giros del lunfardo en las letras que se funden con los inevitables modismos castizos adquiridos durante trece a\u00f1os en Espa\u00f1a.<\/p>\n<p>El m\u00fasico hace trece a\u00f1os que se radic\u00f3 en Espa\u00f1a, donde fue parte de m\u00faltiples proyectos antes de armar a Particulares y en su nueva tierra de residencia forma integra la movida argentina junto a Claudio Gabis y Sergio Makaroff, entre otros que se fueron para quedarse.<\/p>\n<p style=\"text-align: justify;\">\n<div style=\"padding-bottom:20px; padding-top:10px;\" class=\"hupso-share-buttons\"><!-- Hupso Share Buttons - https:\/\/www.hupso.com\/share\/ --><a class=\"hupso_counters\" href=\"https:\/\/www.hupso.com\/share\/\"><img decoding=\"async\" src=\"http:\/\/static.hupso.com\/share\/buttons\/lang\/es\/share-small.png\" style=\"border:0px; padding-top:2px; float:left;\" alt=\"Share Button\"\/><\/a><script type=\"text\/javascript\">var hupso_services_c=new Array(\"twitter\",\"facebook_like\",\"google\");var hupso_counters_lang = \"es_LA\";var hupso_image_folder_url = \"\";var hupso_twitter_via=\"crsyvrs\";var hupso_url_c=\"\";<\/script><script type=\"text\/javascript\" src=\"http:\/\/static.hupso.com\/share\/js\/counters.js\"><\/script><!-- Hupso Share Buttons --><\/div> ","protected":false},"excerpt":{"rendered":"<div style=\"padding-bottom:20px; padding-top:10px;\" class=\"hupso-share-buttons\"><!-- Hupso Share Buttons - https:\/\/www.hupso.com\/share\/ --><a class=\"hupso_counters\" href=\"https:\/\/www.hupso.com\/share\/\"><img src=\"http:\/\/static.hupso.com\/share\/buttons\/lang\/es\/share-small.png\" style=\"border:0px; padding-top:2px; float:left;\" alt=\"Share Button\"\/><\/a><script type=\"text\/javascript\">var hupso_services_c=new Array(\"twitter\",\"facebook_like\",\"google\");var hupso_counters_lang = \"es_LA\";var hupso_image_folder_url = \"\";var hupso_twitter_via=\"crsyvrs\";var hupso_url_c=\"\";<\/script><script type=\"text\/javascript\" src=\"http:\/\/static.hupso.com\/share\/js\/counters.js\"><\/script><!-- Hupso Share Buttons --><\/div><p>Por Edgardo Solano El m\u00fasico argentino, radicado desde hace 13 a\u00f1os en Espa\u00f1a, regresa para mostrar sus canciones. En el \u00e1lbum fluyen amables melod\u00edas pop rock con aires de distintas influencias. Como otros exponentes del rock argentino, Pepe Curioni&#46;&#46;&#46;<\/p>\n<div style=\"padding-bottom:20px; padding-top:10px;\" class=\"hupso-share-buttons\"><!-- Hupso Share Buttons - https:\/\/www.hupso.com\/share\/ --><a class=\"hupso_counters\" href=\"https:\/\/www.hupso.com\/share\/\"><img src=\"http:\/\/static.hupso.com\/share\/buttons\/lang\/es\/share-small.png\" style=\"border:0px; padding-top:2px; float:left;\" alt=\"Share Button\"\/><\/a><script type=\"text\/javascript\">var hupso_services_c=new Array(\"twitter\",\"facebook_like\",\"google\");var hupso_counters_lang = \"es_LA\";var hupso_image_folder_url = \"\";var hupso_twitter_via=\"crsyvrs\";var hupso_url_c=\"\";<\/script><script type=\"text\/javascript\" src=\"http:\/\/static.hupso.com\/share\/js\/counters.js\"><\/script><!-- Hupso Share Buttons --><\/div>","protected":false},"author":5,"featured_media":0,"comment_status":"open","ping_status":"open","sticky":false,"template":"","format":"standard","meta":{"footnotes":""},"categories":[3],"tags":[1325,1326,1328,219,1324,1322,1321,1327,1323,1329],"class_list":["post-1568","post","type-post","status-publish","format-standard","hentry","category-musica","tag-andres-calamaro","tag-ariel-rot","tag-axel-riquelme","tag-espana","tag-los-rodriguez","tag-particulares","tag-pepe-curioni","tag-sergio-makaroff","tag-tiempos-mejores","tag-toni-brunet"],"_links":{"self":[{"href":"http:\/\/cronicasyversiones.com\/index.php?rest_route=\/wp\/v2\/posts\/1568","targetHints":{"allow":["GET"]}}],"collection":[{"href":"http:\/\/cronicasyversiones.com\/index.php?rest_route=\/wp\/v2\/posts"}],"about":[{"href":"http:\/\/cronicasyversiones.com\/index.php?rest_route=\/wp\/v2\/types\/post"}],"author":[{"embeddable":true,"href":"http:\/\/cronicasyversiones.com\/index.php?rest_route=\/wp\/v2\/users\/5"}],"replies":[{"embeddable":true,"href":"http:\/\/cronicasyversiones.com\/index.php?rest_route=%2Fwp%2Fv2%2Fcomments&post=1568"}],"version-history":[{"count":0,"href":"http:\/\/cronicasyversiones.com\/index.php?rest_route=\/wp\/v2\/posts\/1568\/revisions"}],"wp:attachment":[{"href":"http:\/\/cronicasyversiones.com\/index.php?rest_route=%2Fwp%2Fv2%2Fmedia&parent=1568"}],"wp:term":[{"taxonomy":"category","embeddable":true,"href":"http:\/\/cronicasyversiones.com\/index.php?rest_route=%2Fwp%2Fv2%2Fcategories&post=1568"},{"taxonomy":"post_tag","embeddable":true,"href":"http:\/\/cronicasyversiones.com\/index.php?rest_route=%2Fwp%2Fv2%2Ftags&post=1568"}],"curies":[{"name":"wp","href":"https:\/\/api.w.org\/{rel}","templated":true}]}}