{"id":15680,"date":"2017-06-16T13:42:37","date_gmt":"2017-06-16T16:42:37","guid":{"rendered":"http:\/\/cronicasyversiones.com\/?p=15680"},"modified":"2017-06-16T13:55:52","modified_gmt":"2017-06-16T16:55:52","slug":"cemento-el-documental-se-proyecta-en-la-biblioteca-nacional","status":"publish","type":"post","link":"http:\/\/cronicasyversiones.com\/?p=15680","title":{"rendered":"\u201cCemento, el documental\u201d se proyecta en la Biblioteca Nacional"},"content":{"rendered":"<div style=\"padding-bottom:20px; padding-top:10px;\" class=\"hupso-share-buttons\"><!-- Hupso Share Buttons - https:\/\/www.hupso.com\/share\/ --><a class=\"hupso_counters\" href=\"https:\/\/www.hupso.com\/share\/\"><img decoding=\"async\" src=\"http:\/\/static.hupso.com\/share\/buttons\/lang\/es\/share-small.png\" style=\"border:0px; padding-top:2px; float:left;\" alt=\"Share Button\"\/><\/a><script type=\"text\/javascript\">var hupso_services_c=new Array(\"twitter\",\"facebook_like\",\"google\");var hupso_counters_lang = \"es_LA\";var hupso_image_folder_url = \"\";var hupso_twitter_via=\"crsyvrs\";var hupso_url_c=\"\";<\/script><script type=\"text\/javascript\" src=\"http:\/\/static.hupso.com\/share\/js\/counters.js\"><\/script><!-- Hupso Share Buttons --><\/div><h2>El documental de Lisandro Carcavallo reconstruye ese espacio ic\u00f3nico en la memoria de la Ciudad de Buenos Aires a trav\u00e9s de sus protagonistas.<\/h2>\n<p><img loading=\"lazy\" decoding=\"async\" class=\"size-full wp-image-15683 aligncenter\" src=\"http:\/\/cronicasyversiones.com\/wp-content\/uploads\/2017\/06\/cemento-620x400.jpg\" alt=\"\" width=\"620\" height=\"400\" srcset=\"http:\/\/cronicasyversiones.com\/wp-content\/uploads\/2017\/06\/cemento-620x400.jpg 620w, http:\/\/cronicasyversiones.com\/wp-content\/uploads\/2017\/06\/cemento-620x400-300x194.jpg 300w\" sizes=\"auto, (max-width: 620px) 100vw, 620px\" \/><\/p>\n<p><strong><em>\u201cCemento, el documental\u201d,<\/em><\/strong> un documental sobre el local del barrio porte\u00f1o de Constituci\u00f3n que durante casi dos d\u00e9cadas fue en uno de los sitios emblem\u00e1ticos de la historia del rock argentino, ser\u00e1 proyectado el pr\u00f3ximo mi\u00e9rcoles a las 18.30 en la <strong>Biblioteca Nacional,<\/strong> en Ag\u00fcero 2502 del barrio porte\u00f1o de Recoleta.<\/p>\n<p>Hoy en d\u00eda Cemento es un estacionamiento. En las escenas se cuenta de <strong>su existencia como si se tratara de una persona,<\/strong> su nacimiento como espacio heterodoxo y su desarrollo como usina del rock.<\/p>\n<p>A trav\u00e9s de los testimonios de quienes fueron sus protagonistas, el documental reconstruye ese espacio tan importante en la memoria de la Ciudad de Buenos Aires.<\/p>\n<p>Con estreno en la \u00faltima edici\u00f3n del <strong>BAFICI <\/strong>y proyecciones ante 1000 espectadores en <strong>Plaza Francia<\/strong> y en el mismo Cemento, ubicado en Estados Unidos al 1200, el documental dirigido por <strong>Lisandro Carcavallo<\/strong> fue declarado de Inter\u00e9s Cultural por el Gobierno de la Ciudad de Buenos Aires.<\/p>\n<p>Inaugurado en julio de 1985 por el empresario <strong>Omar Chab\u00e1n,<\/strong> Cemento tuvo una especial ligaz\u00f3n con la cultura rock nacional y su explosi\u00f3n durante los a\u00f1os del retorno de la democracia.<\/p>\n<p><em><strong>LEA TAMBI\u00c9N:\u00a0<\/strong><\/em><\/p>\n<div class=\"video-container\">\n<blockquote class=\"wp-embedded-content\" data-secret=\"rgPdWYMmdj\"><p><a href=\"http:\/\/cronicasyversiones.com\/?p=15654\">La tragedia de Romina Tejerina, en un documental<\/a><\/p><\/blockquote>\n<p><iframe loading=\"lazy\" class=\"wp-embedded-content\" sandbox=\"allow-scripts\" security=\"restricted\" style=\"position: absolute; clip: rect(1px, 1px, 1px, 1px);\" title=\"\u00abLa tragedia de Romina Tejerina, en un documental\u00bb \u2014    \" src=\"http:\/\/cronicasyversiones.com\/?p=15654&#038;embed=true#?secret=MbhiT2R8Du#?secret=rgPdWYMmdj\" data-secret=\"rgPdWYMmdj\" width=\"600\" height=\"338\" frameborder=\"0\" marginwidth=\"0\" marginheight=\"0\" scrolling=\"no\"><\/iframe><\/div>\n<p>Es que durante su funcionamiento, Cemento alberg\u00f3 las etapas iniciales de numerosas bandas fundamentales de la escena rock argentina, como <strong>Los Violadores, Patricio Rey y sus Redonditos de Ricota, Riff, La Renga, Sumo, Rata Blanca<\/strong>, entre mucha otras.<\/p>\n<p>La discoteca tuvo actividad hasta finales de 2004, cuando los 194 muertos de la tragedia ocurrida durante un recital de Callejeros en <strong>Rep\u00fablica de Croma\u00f1\u00f3n,<\/strong> tambi\u00e9n de Chab\u00e1n, llevaron a las autoridades a realizar controles m\u00e1s rigurosos en los locales habilitados para conciertos de rock.<\/p>\n<p><em><strong>El tr\u00e1iler:\u00a0<\/strong><\/em><\/p>\n<p><iframe loading=\"lazy\" src=\"https:\/\/www.youtube.com\/embed\/IuNeEcJrwEY\" width=\"560\" height=\"315\" frameborder=\"0\" allowfullscreen=\"allowfullscreen\"><\/iframe><\/p>\n<p>&nbsp;<\/p>\n<div style=\"padding-bottom:20px; padding-top:10px;\" class=\"hupso-share-buttons\"><!-- Hupso Share Buttons - https:\/\/www.hupso.com\/share\/ --><a class=\"hupso_counters\" href=\"https:\/\/www.hupso.com\/share\/\"><img decoding=\"async\" src=\"http:\/\/static.hupso.com\/share\/buttons\/lang\/es\/share-small.png\" style=\"border:0px; padding-top:2px; float:left;\" alt=\"Share Button\"\/><\/a><script type=\"text\/javascript\">var hupso_services_c=new Array(\"twitter\",\"facebook_like\",\"google\");var hupso_counters_lang = \"es_LA\";var hupso_image_folder_url = \"\";var hupso_twitter_via=\"crsyvrs\";var hupso_url_c=\"\";<\/script><script type=\"text\/javascript\" src=\"http:\/\/static.hupso.com\/share\/js\/counters.js\"><\/script><!-- Hupso Share Buttons --><\/div> ","protected":false},"excerpt":{"rendered":"<div style=\"padding-bottom:20px; padding-top:10px;\" class=\"hupso-share-buttons\"><!-- Hupso Share Buttons - https:\/\/www.hupso.com\/share\/ --><a class=\"hupso_counters\" href=\"https:\/\/www.hupso.com\/share\/\"><img src=\"http:\/\/static.hupso.com\/share\/buttons\/lang\/es\/share-small.png\" style=\"border:0px; padding-top:2px; float:left;\" alt=\"Share Button\"\/><\/a><script type=\"text\/javascript\">var hupso_services_c=new Array(\"twitter\",\"facebook_like\",\"google\");var hupso_counters_lang = \"es_LA\";var hupso_image_folder_url = \"\";var hupso_twitter_via=\"crsyvrs\";var hupso_url_c=\"\";<\/script><script type=\"text\/javascript\" src=\"http:\/\/static.hupso.com\/share\/js\/counters.js\"><\/script><!-- Hupso Share Buttons --><\/div><p>El documental de Lisandro Carcavallo reconstruye ese espacio ic\u00f3nico en la memoria de la Ciudad de Buenos Aires a trav\u00e9s de sus protagonistas. \u201cCemento, el documental\u201d, un documental sobre el local del barrio porte\u00f1o de Constituci\u00f3n que durante casi&#46;&#46;&#46;<\/p>\n<div style=\"padding-bottom:20px; padding-top:10px;\" class=\"hupso-share-buttons\"><!-- Hupso Share Buttons - https:\/\/www.hupso.com\/share\/ --><a class=\"hupso_counters\" href=\"https:\/\/www.hupso.com\/share\/\"><img src=\"http:\/\/static.hupso.com\/share\/buttons\/lang\/es\/share-small.png\" style=\"border:0px; padding-top:2px; float:left;\" alt=\"Share Button\"\/><\/a><script type=\"text\/javascript\">var hupso_services_c=new Array(\"twitter\",\"facebook_like\",\"google\");var hupso_counters_lang = \"es_LA\";var hupso_image_folder_url = \"\";var hupso_twitter_via=\"crsyvrs\";var hupso_url_c=\"\";<\/script><script type=\"text\/javascript\" src=\"http:\/\/static.hupso.com\/share\/js\/counters.js\"><\/script><!-- Hupso Share Buttons --><\/div>","protected":false},"author":5,"featured_media":15683,"comment_status":"open","ping_status":"closed","sticky":false,"template":"","format":"standard","meta":{"footnotes":""},"categories":[4],"tags":[2046,5726,8062,8061],"class_list":["post-15680","post","type-post","status-publish","format-standard","has-post-thumbnail","hentry","category-cine","tag-biblioteca-nacional","tag-cemento","tag-lisandro-carcavallo","tag-omar-chaban"],"_links":{"self":[{"href":"http:\/\/cronicasyversiones.com\/index.php?rest_route=\/wp\/v2\/posts\/15680","targetHints":{"allow":["GET"]}}],"collection":[{"href":"http:\/\/cronicasyversiones.com\/index.php?rest_route=\/wp\/v2\/posts"}],"about":[{"href":"http:\/\/cronicasyversiones.com\/index.php?rest_route=\/wp\/v2\/types\/post"}],"author":[{"embeddable":true,"href":"http:\/\/cronicasyversiones.com\/index.php?rest_route=\/wp\/v2\/users\/5"}],"replies":[{"embeddable":true,"href":"http:\/\/cronicasyversiones.com\/index.php?rest_route=%2Fwp%2Fv2%2Fcomments&post=15680"}],"version-history":[{"count":0,"href":"http:\/\/cronicasyversiones.com\/index.php?rest_route=\/wp\/v2\/posts\/15680\/revisions"}],"wp:featuredmedia":[{"embeddable":true,"href":"http:\/\/cronicasyversiones.com\/index.php?rest_route=\/wp\/v2\/media\/15683"}],"wp:attachment":[{"href":"http:\/\/cronicasyversiones.com\/index.php?rest_route=%2Fwp%2Fv2%2Fmedia&parent=15680"}],"wp:term":[{"taxonomy":"category","embeddable":true,"href":"http:\/\/cronicasyversiones.com\/index.php?rest_route=%2Fwp%2Fv2%2Fcategories&post=15680"},{"taxonomy":"post_tag","embeddable":true,"href":"http:\/\/cronicasyversiones.com\/index.php?rest_route=%2Fwp%2Fv2%2Ftags&post=15680"}],"curies":[{"name":"wp","href":"https:\/\/api.w.org\/{rel}","templated":true}]}}