{"id":15720,"date":"2017-06-23T09:07:25","date_gmt":"2017-06-23T12:07:25","guid":{"rendered":"http:\/\/cronicasyversiones.com\/?p=15720"},"modified":"2017-06-23T09:07:25","modified_gmt":"2017-06-23T12:07:25","slug":"pequenos-heroes-un-film-animado-sobre-simon-bolivar","status":"publish","type":"post","link":"http:\/\/cronicasyversiones.com\/?p=15720","title":{"rendered":"\u201cPeque\u00f1os h\u00e9roes\u201d, un film animado sobre Sim\u00f3n Bol\u00edvar"},"content":{"rendered":"<div style=\"padding-bottom:20px; padding-top:10px;\" class=\"hupso-share-buttons\"><!-- Hupso Share Buttons - https:\/\/www.hupso.com\/share\/ --><a class=\"hupso_counters\" href=\"https:\/\/www.hupso.com\/share\/\"><img decoding=\"async\" src=\"http:\/\/static.hupso.com\/share\/buttons\/lang\/es\/share-small.png\" style=\"border:0px; padding-top:2px; float:left;\" alt=\"Share Button\"\/><\/a><script type=\"text\/javascript\">var hupso_services_c=new Array(\"twitter\",\"facebook_like\",\"google\");var hupso_counters_lang = \"es_LA\";var hupso_image_folder_url = \"\";var hupso_twitter_via=\"crsyvrs\";var hupso_url_c=\"\";<\/script><script type=\"text\/javascript\" src=\"http:\/\/static.hupso.com\/share\/js\/counters.js\"><\/script><!-- Hupso Share Buttons --><\/div><h2>Dirigido por el argentino Juan Pablo Buscarini, cuenta la historia de tres ni\u00f1os que ayudan al Libertador en su batalla contra los espa\u00f1oles.<\/h2>\n<p><img loading=\"lazy\" decoding=\"async\" class=\" wp-image-15721 aligncenter\" src=\"http:\/\/cronicasyversiones.com\/wp-content\/uploads\/2017\/06\/bolivar.jpeg\" alt=\"\" width=\"694\" height=\"413\" srcset=\"http:\/\/cronicasyversiones.com\/wp-content\/uploads\/2017\/06\/bolivar.jpeg 620w, http:\/\/cronicasyversiones.com\/wp-content\/uploads\/2017\/06\/bolivar-300x179.jpeg 300w\" sizes=\"auto, (max-width: 694px) 100vw, 694px\" \/><\/p>\n<p>La pel\u00edcula animada <em><strong>\u201cPeque\u00f1os h\u00e9roes\u201d<\/strong><\/em>, sobre la vida y la lucha de <strong>Sim\u00f3n Bol\u00edvar,<\/strong>\u00a0 arranca su recorrido por los festivales internacionales de cine con su presentaci\u00f3n en el <strong>Festival Internacional de Cine Animaci\u00f3n de Annecy,<\/strong>\u00a0en Francia, uno de los m\u00e1s importantes del g\u00e9nero de animaci\u00f3n.<\/p>\n<p>El film dirigido por el argentino <strong>Juan Pablo Buscarini<\/strong> cuenta la historia de tres ni\u00f1os que ayudan al Libertador venezolano en su batalla contra los espa\u00f1oles durante la revoluci\u00f3n de 1800.<\/p>\n<p>Hace m\u00e1s de doscientos a\u00f1os, Arturo, Pilar y Tico, tres valientes ni\u00f1os de or\u00edgenes e historias distintas, descubren un asombroso secreto: la clave para ayudar a Sim\u00f3n Bol\u00edvar a derrotar al ej\u00e9rcito enemigo.<\/p>\n<p>Es tiempo de luchar por la libertad. Las tropas avanzan impetuosas. Surge una gran amistad. <strong>La aventura ser\u00e1 \u00e9pica. La batalla, colosal.<\/strong><\/p>\n<p><em><strong>LEA TAMBI\u00c9N:\u00a0<\/strong><\/em><\/p>\n<div class=\"video-container\">\n<blockquote class=\"wp-embedded-content\" data-secret=\"Etgyf4Vwdx\"><p><a href=\"http:\/\/cronicasyversiones.com\/?p=15651\">Cine Club La Nube, un ciclo s\u00f3lo para los chicos<\/a><\/p><\/blockquote>\n<p><iframe loading=\"lazy\" class=\"wp-embedded-content\" sandbox=\"allow-scripts\" security=\"restricted\" style=\"position: absolute; clip: rect(1px, 1px, 1px, 1px);\" title=\"\u00abCine Club La Nube, un ciclo s\u00f3lo para los chicos\u00bb \u2014    \" src=\"http:\/\/cronicasyversiones.com\/?p=15651&#038;embed=true#?secret=CnaeyE5vgz#?secret=Etgyf4Vwdx\" data-secret=\"Etgyf4Vwdx\" width=\"600\" height=\"338\" frameborder=\"0\" marginwidth=\"0\" marginheight=\"0\" scrolling=\"no\"><\/iframe><\/div>\n<p>El largometraje fue producido por Orinoco Films y la Villa del Cine con el gui\u00f3n de Enrique Cort\u00e9s y la historiadora Carmen Boh\u00f3rquez bajo la direcci\u00f3n de Buscarini.<\/p>\n<p>El filme fue realizado con la t\u00e9cnica de captura de movimiento, misma con las que se hicieron <em><strong>\u201cEl Expreso Polar\u201d <\/strong><\/em>y<em><strong>\u00a0 \u201cBeowulf\u201d.<\/strong><\/em><\/p>\n<p><strong>El tr\u00e1iler:\u00a0<\/strong><\/p>\n<p><iframe loading=\"lazy\" src=\"https:\/\/www.youtube.com\/embed\/z4E-KHiStzI\" width=\"560\" height=\"315\" frameborder=\"0\" allowfullscreen=\"allowfullscreen\"><\/iframe><\/p>\n<div style=\"padding-bottom:20px; padding-top:10px;\" class=\"hupso-share-buttons\"><!-- Hupso Share Buttons - https:\/\/www.hupso.com\/share\/ --><a class=\"hupso_counters\" href=\"https:\/\/www.hupso.com\/share\/\"><img decoding=\"async\" src=\"http:\/\/static.hupso.com\/share\/buttons\/lang\/es\/share-small.png\" style=\"border:0px; padding-top:2px; float:left;\" alt=\"Share Button\"\/><\/a><script type=\"text\/javascript\">var hupso_services_c=new Array(\"twitter\",\"facebook_like\",\"google\");var hupso_counters_lang = \"es_LA\";var hupso_image_folder_url = \"\";var hupso_twitter_via=\"crsyvrs\";var hupso_url_c=\"\";<\/script><script type=\"text\/javascript\" src=\"http:\/\/static.hupso.com\/share\/js\/counters.js\"><\/script><!-- Hupso Share Buttons --><\/div> ","protected":false},"excerpt":{"rendered":"<div style=\"padding-bottom:20px; padding-top:10px;\" class=\"hupso-share-buttons\"><!-- Hupso Share Buttons - https:\/\/www.hupso.com\/share\/ --><a class=\"hupso_counters\" href=\"https:\/\/www.hupso.com\/share\/\"><img src=\"http:\/\/static.hupso.com\/share\/buttons\/lang\/es\/share-small.png\" style=\"border:0px; padding-top:2px; float:left;\" alt=\"Share Button\"\/><\/a><script type=\"text\/javascript\">var hupso_services_c=new Array(\"twitter\",\"facebook_like\",\"google\");var hupso_counters_lang = \"es_LA\";var hupso_image_folder_url = \"\";var hupso_twitter_via=\"crsyvrs\";var hupso_url_c=\"\";<\/script><script type=\"text\/javascript\" src=\"http:\/\/static.hupso.com\/share\/js\/counters.js\"><\/script><!-- Hupso Share Buttons --><\/div><p>Dirigido por el argentino Juan Pablo Buscarini, cuenta la historia de tres ni\u00f1os que ayudan al Libertador en su batalla contra los espa\u00f1oles. La pel\u00edcula animada \u201cPeque\u00f1os h\u00e9roes\u201d, sobre la vida y la lucha de Sim\u00f3n Bol\u00edvar,\u00a0 arranca su&#46;&#46;&#46;<\/p>\n<div style=\"padding-bottom:20px; padding-top:10px;\" class=\"hupso-share-buttons\"><!-- Hupso Share Buttons - https:\/\/www.hupso.com\/share\/ --><a class=\"hupso_counters\" href=\"https:\/\/www.hupso.com\/share\/\"><img src=\"http:\/\/static.hupso.com\/share\/buttons\/lang\/es\/share-small.png\" style=\"border:0px; padding-top:2px; float:left;\" alt=\"Share Button\"\/><\/a><script type=\"text\/javascript\">var hupso_services_c=new Array(\"twitter\",\"facebook_like\",\"google\");var hupso_counters_lang = \"es_LA\";var hupso_image_folder_url = \"\";var hupso_twitter_via=\"crsyvrs\";var hupso_url_c=\"\";<\/script><script type=\"text\/javascript\" src=\"http:\/\/static.hupso.com\/share\/js\/counters.js\"><\/script><!-- Hupso Share Buttons --><\/div>","protected":false},"author":5,"featured_media":15721,"comment_status":"open","ping_status":"closed","sticky":false,"template":"","format":"standard","meta":{"footnotes":""},"categories":[4],"tags":[5002,1855,8073,8072],"class_list":["post-15720","post","type-post","status-publish","format-standard","has-post-thumbnail","hentry","category-cine","tag-animacion","tag-festival-internacional-del-cine-de-animacion-de-annecy","tag-juan-pablo-buscarini","tag-pequenos-heroes"],"_links":{"self":[{"href":"http:\/\/cronicasyversiones.com\/index.php?rest_route=\/wp\/v2\/posts\/15720","targetHints":{"allow":["GET"]}}],"collection":[{"href":"http:\/\/cronicasyversiones.com\/index.php?rest_route=\/wp\/v2\/posts"}],"about":[{"href":"http:\/\/cronicasyversiones.com\/index.php?rest_route=\/wp\/v2\/types\/post"}],"author":[{"embeddable":true,"href":"http:\/\/cronicasyversiones.com\/index.php?rest_route=\/wp\/v2\/users\/5"}],"replies":[{"embeddable":true,"href":"http:\/\/cronicasyversiones.com\/index.php?rest_route=%2Fwp%2Fv2%2Fcomments&post=15720"}],"version-history":[{"count":0,"href":"http:\/\/cronicasyversiones.com\/index.php?rest_route=\/wp\/v2\/posts\/15720\/revisions"}],"wp:featuredmedia":[{"embeddable":true,"href":"http:\/\/cronicasyversiones.com\/index.php?rest_route=\/wp\/v2\/media\/15721"}],"wp:attachment":[{"href":"http:\/\/cronicasyversiones.com\/index.php?rest_route=%2Fwp%2Fv2%2Fmedia&parent=15720"}],"wp:term":[{"taxonomy":"category","embeddable":true,"href":"http:\/\/cronicasyversiones.com\/index.php?rest_route=%2Fwp%2Fv2%2Fcategories&post=15720"},{"taxonomy":"post_tag","embeddable":true,"href":"http:\/\/cronicasyversiones.com\/index.php?rest_route=%2Fwp%2Fv2%2Ftags&post=15720"}],"curies":[{"name":"wp","href":"https:\/\/api.w.org\/{rel}","templated":true}]}}