{"id":15728,"date":"2017-06-23T09:06:39","date_gmt":"2017-06-23T12:06:39","guid":{"rendered":"http:\/\/cronicasyversiones.com\/?p=15728"},"modified":"2017-06-23T09:06:39","modified_gmt":"2017-06-23T12:06:39","slug":"robespierre-un-unipersonal-sobre-el-revolucionario-frances","status":"publish","type":"post","link":"http:\/\/cronicasyversiones.com\/?p=15728","title":{"rendered":"\u201cRobespierre\u201d, un unipersonal sobre el revolucionario franc\u00e9s"},"content":{"rendered":"<div style=\"padding-bottom:20px; padding-top:10px;\" class=\"hupso-share-buttons\"><!-- Hupso Share Buttons - https:\/\/www.hupso.com\/share\/ --><a class=\"hupso_counters\" href=\"https:\/\/www.hupso.com\/share\/\"><img decoding=\"async\" src=\"http:\/\/static.hupso.com\/share\/buttons\/lang\/es\/share-small.png\" style=\"border:0px; padding-top:2px; float:left;\" alt=\"Share Button\"\/><\/a><script type=\"text\/javascript\">var hupso_services_c=new Array(\"twitter\",\"facebook_like\",\"google\");var hupso_counters_lang = \"es_LA\";var hupso_image_folder_url = \"\";var hupso_twitter_via=\"crsyvrs\";var hupso_url_c=\"\";<\/script><script type=\"text\/javascript\" src=\"http:\/\/static.hupso.com\/share\/js\/counters.js\"><\/script><!-- Hupso Share Buttons --><\/div><h2>La obra, de M\u00f3nica Ottino, con direcci\u00f3n de Alejandro Giles y actuaci\u00f3n de M\u00f3nica Lle\u00f3 alude a la vida breve e intensa de este hombre.<\/h2>\n<p><img loading=\"lazy\" decoding=\"async\" class=\"wp-image-15729 aligncenter\" src=\"http:\/\/cronicasyversiones.com\/wp-content\/uploads\/2017\/06\/Rober-1024x683.jpg\" alt=\"\" width=\"741\" height=\"494\" srcset=\"http:\/\/cronicasyversiones.com\/wp-content\/uploads\/2017\/06\/Rober-1024x683.jpg 1024w, http:\/\/cronicasyversiones.com\/wp-content\/uploads\/2017\/06\/Rober-300x200.jpg 300w, http:\/\/cronicasyversiones.com\/wp-content\/uploads\/2017\/06\/Rober-768x512.jpg 768w, http:\/\/cronicasyversiones.com\/wp-content\/uploads\/2017\/06\/Rober-480x320.jpg 480w\" sizes=\"auto, (max-width: 741px) 100vw, 741px\" \/><\/p>\n<p>El unipersonal <strong><em>\u201cRobespierre\u201d, <\/em><\/strong>de <strong>M\u00f3nica Ottino<\/strong>, con direcci\u00f3n de <strong>Alejandro Giles<\/strong> y actuaci\u00f3n de <strong>M\u00f3nica Lle\u00f3,<\/strong> oriunda de las Islas Canarias, evoca al revolucionario franc\u00e9s del Siglo XVIII que luego fue v\u00edctima de su propia historia, los viernes a las 20.30. en la sala <strong>Andamio 90,<\/strong> ubicado en Paran\u00e1 662, en el Centro porte\u00f1o.<\/p>\n<p>Mon\u00f3logo teatral, <strong>alude a la vida breve e intensa de un hombre nacido en una familia burguesa de Arras<\/strong>, peque\u00f1a ciudad provinciana muy cercana a las costas de Inglaterra.<\/p>\n<p><strong>Hu\u00e9rfano temprano de madre,<\/strong> abandonado con sus peque\u00f1os hermanos por su padre, queda al cuidado indiferente e irritado de sus abuelos maternos y de sus t\u00edos.<\/p>\n<p>Consigue su t\u00edtulo de abogado gracias a las becas que otorga el futuro <strong>Luis XVI<\/strong>. Ejerce en un estudio ajeno su profesi\u00f3n y logra ser nombrado diputado y luego representante de los Estados Generales, muy poco <strong>antes del estallido de la Revoluci\u00f3n.<\/strong><\/p>\n<p>Es intenci\u00f3n de la obra evaluar el peso de un pasado desdichado y pobre ,hasta el cobro de las herencias familiares y la aparici\u00f3n del gran hombre pol\u00edtico y su violencia que alcanza sin piedad a amigos y enemigos. <strong>Para \u00e9l la piedad es traici\u00f3n a la patria y sobre este principio act\u00faa.<\/strong><\/p>\n<p>Acosada Francia por los austr\u00edacos, alemanes, odiada por los ingleses ,puede sin embargo contener a esos ej\u00e9rcitos; tiene un general llamado <strong>Bonaparte <\/strong>y a la poblaci\u00f3n m\u00e1s numerosa de Europa, involuntaria proveedora de j\u00f3venes soldados.<\/p>\n<p>Regicida por voto y presi\u00f3n sobre sus compa\u00f1eros riega de sangre a Francia durante <strong>el per\u00edodo bien llamado \u00abdel Terror\u00bb.<\/strong><\/p>\n<p>Todo termina, los franceses est\u00e1n hartos de que maten a sus hijos. Francia est\u00e1 empobrecida, salvo para algunos oportunistas, el pueblo quiere pan, y Robespierre atac\u00f3 y humill\u00f3 a demasiados grupos y gentes. <strong>En un golpe de estado es llevado a la guillotina junto a su hermano. Agust\u00edn y a otros fieles. Ten\u00eda 36 a\u00f1os.<\/strong><\/p>\n<p><em><strong>LEA TAMBI\u00c9N:\u00a0<\/strong><\/em><\/p>\n<div class=\"video-container\">\n<blockquote class=\"wp-embedded-content\" data-secret=\"Rr8zu0gfV7\"><p><a href=\"http:\/\/cronicasyversiones.com\/?p=15667\">\u201cEncerrada\u201d, un unipersonal basado en los \u00faltimos d\u00edas de Erzs\u00e9bet B\u00e1thory<\/a><\/p><\/blockquote>\n<p><iframe loading=\"lazy\" class=\"wp-embedded-content\" sandbox=\"allow-scripts\" security=\"restricted\" style=\"position: absolute; clip: rect(1px, 1px, 1px, 1px);\" title=\"\u00ab\u201cEncerrada\u201d, un unipersonal basado en los \u00faltimos d\u00edas de Erzs\u00e9bet B\u00e1thory\u00bb \u2014    \" src=\"http:\/\/cronicasyversiones.com\/?p=15667&#038;embed=true#?secret=eQxojgimJr#?secret=Rr8zu0gfV7\" data-secret=\"Rr8zu0gfV7\" width=\"600\" height=\"338\" frameborder=\"0\" marginwidth=\"0\" marginheight=\"0\" scrolling=\"no\"><\/iframe><\/div>\n<p>El arte, el vestuario y la iluminaci\u00f3n pertenecen a <strong>Alejandro Giles<\/strong>, la ejecuci\u00f3n de vestuario a Mar\u00eda Carcagno, las pelucas y peinados a Eddy Rodr\u00edguez, la fotograf\u00eda a Santiago Botet y la asistencia de direcci\u00f3n a Micaela Orzabal.<\/p>\n<p>Con una actualidad manifiesta y m\u00fasica original de <strong>Dami\u00e1n Mahler<\/strong>, la obra es auspiciada por la Embajada Argentina en Espa\u00f1a, la Canciller\u00eda Argentina, el Consulado Argentino en Las Islas Canarias, el Centro Cultural de Espa\u00f1a en Buenos Aires, Canarias Crea Gobierno de Canarias y Centro de Comisiones Obreras Las Palmas.<\/p>\n<div style=\"padding-bottom:20px; padding-top:10px;\" class=\"hupso-share-buttons\"><!-- Hupso Share Buttons - https:\/\/www.hupso.com\/share\/ --><a class=\"hupso_counters\" href=\"https:\/\/www.hupso.com\/share\/\"><img decoding=\"async\" src=\"http:\/\/static.hupso.com\/share\/buttons\/lang\/es\/share-small.png\" style=\"border:0px; padding-top:2px; float:left;\" alt=\"Share Button\"\/><\/a><script type=\"text\/javascript\">var hupso_services_c=new Array(\"twitter\",\"facebook_like\",\"google\");var hupso_counters_lang = \"es_LA\";var hupso_image_folder_url = \"\";var hupso_twitter_via=\"crsyvrs\";var hupso_url_c=\"\";<\/script><script type=\"text\/javascript\" src=\"http:\/\/static.hupso.com\/share\/js\/counters.js\"><\/script><!-- Hupso Share Buttons --><\/div> ","protected":false},"excerpt":{"rendered":"<div style=\"padding-bottom:20px; padding-top:10px;\" class=\"hupso-share-buttons\"><!-- Hupso Share Buttons - https:\/\/www.hupso.com\/share\/ --><a class=\"hupso_counters\" href=\"https:\/\/www.hupso.com\/share\/\"><img src=\"http:\/\/static.hupso.com\/share\/buttons\/lang\/es\/share-small.png\" style=\"border:0px; padding-top:2px; float:left;\" alt=\"Share Button\"\/><\/a><script type=\"text\/javascript\">var hupso_services_c=new Array(\"twitter\",\"facebook_like\",\"google\");var hupso_counters_lang = \"es_LA\";var hupso_image_folder_url = \"\";var hupso_twitter_via=\"crsyvrs\";var hupso_url_c=\"\";<\/script><script type=\"text\/javascript\" src=\"http:\/\/static.hupso.com\/share\/js\/counters.js\"><\/script><!-- Hupso Share Buttons --><\/div><p>La obra, de M\u00f3nica Ottino, con direcci\u00f3n de Alejandro Giles y actuaci\u00f3n de M\u00f3nica Lle\u00f3 alude a la vida breve e intensa de este hombre. El unipersonal \u201cRobespierre\u201d, de M\u00f3nica Ottino, con direcci\u00f3n de Alejandro Giles y actuaci\u00f3n de&#46;&#46;&#46;<\/p>\n<div style=\"padding-bottom:20px; padding-top:10px;\" class=\"hupso-share-buttons\"><!-- Hupso Share Buttons - https:\/\/www.hupso.com\/share\/ --><a class=\"hupso_counters\" href=\"https:\/\/www.hupso.com\/share\/\"><img src=\"http:\/\/static.hupso.com\/share\/buttons\/lang\/es\/share-small.png\" style=\"border:0px; padding-top:2px; float:left;\" alt=\"Share Button\"\/><\/a><script type=\"text\/javascript\">var hupso_services_c=new Array(\"twitter\",\"facebook_like\",\"google\");var hupso_counters_lang = \"es_LA\";var hupso_image_folder_url = \"\";var hupso_twitter_via=\"crsyvrs\";var hupso_url_c=\"\";<\/script><script type=\"text\/javascript\" src=\"http:\/\/static.hupso.com\/share\/js\/counters.js\"><\/script><!-- Hupso Share Buttons --><\/div>","protected":false},"author":5,"featured_media":15729,"comment_status":"open","ping_status":"closed","sticky":false,"template":"","format":"standard","meta":{"footnotes":""},"categories":[5],"tags":[8076,6460,8077,8075],"class_list":["post-15728","post","type-post","status-publish","format-standard","has-post-thumbnail","hentry","category-teatro","tag-alejandro-giles","tag-andamio-90","tag-monica-lleo","tag-monica-ottino"],"_links":{"self":[{"href":"http:\/\/cronicasyversiones.com\/index.php?rest_route=\/wp\/v2\/posts\/15728","targetHints":{"allow":["GET"]}}],"collection":[{"href":"http:\/\/cronicasyversiones.com\/index.php?rest_route=\/wp\/v2\/posts"}],"about":[{"href":"http:\/\/cronicasyversiones.com\/index.php?rest_route=\/wp\/v2\/types\/post"}],"author":[{"embeddable":true,"href":"http:\/\/cronicasyversiones.com\/index.php?rest_route=\/wp\/v2\/users\/5"}],"replies":[{"embeddable":true,"href":"http:\/\/cronicasyversiones.com\/index.php?rest_route=%2Fwp%2Fv2%2Fcomments&post=15728"}],"version-history":[{"count":0,"href":"http:\/\/cronicasyversiones.com\/index.php?rest_route=\/wp\/v2\/posts\/15728\/revisions"}],"wp:featuredmedia":[{"embeddable":true,"href":"http:\/\/cronicasyversiones.com\/index.php?rest_route=\/wp\/v2\/media\/15729"}],"wp:attachment":[{"href":"http:\/\/cronicasyversiones.com\/index.php?rest_route=%2Fwp%2Fv2%2Fmedia&parent=15728"}],"wp:term":[{"taxonomy":"category","embeddable":true,"href":"http:\/\/cronicasyversiones.com\/index.php?rest_route=%2Fwp%2Fv2%2Fcategories&post=15728"},{"taxonomy":"post_tag","embeddable":true,"href":"http:\/\/cronicasyversiones.com\/index.php?rest_route=%2Fwp%2Fv2%2Ftags&post=15728"}],"curies":[{"name":"wp","href":"https:\/\/api.w.org\/{rel}","templated":true}]}}