{"id":15742,"date":"2017-06-22T00:04:37","date_gmt":"2017-06-22T03:04:37","guid":{"rendered":"http:\/\/cronicasyversiones.com\/?p=15742"},"modified":"2017-06-21T13:52:34","modified_gmt":"2017-06-21T16:52:34","slug":"ricardo-darin-premio-donostia-en-el-festival-de-san-sebastian","status":"publish","type":"post","link":"http:\/\/cronicasyversiones.com\/?p=15742","title":{"rendered":"Ricardo Dar\u00edn, Premio Donostia en el Festival de San Sebasti\u00e1n"},"content":{"rendered":"<div style=\"padding-bottom:20px; padding-top:10px;\" class=\"hupso-share-buttons\"><!-- Hupso Share Buttons - https:\/\/www.hupso.com\/share\/ --><a class=\"hupso_counters\" href=\"https:\/\/www.hupso.com\/share\/\"><img decoding=\"async\" src=\"http:\/\/static.hupso.com\/share\/buttons\/lang\/es\/share-small.png\" style=\"border:0px; padding-top:2px; float:left;\" alt=\"Share Button\"\/><\/a><script type=\"text\/javascript\">var hupso_services_c=new Array(\"twitter\",\"facebook_like\",\"google\");var hupso_counters_lang = \"es_LA\";var hupso_image_folder_url = \"\";var hupso_twitter_via=\"crsyvrs\";var hupso_url_c=\"\";<\/script><script type=\"text\/javascript\" src=\"http:\/\/static.hupso.com\/share\/js\/counters.js\"><\/script><!-- Hupso Share Buttons --><\/div><h2>El actor argentino recibir\u00e1 este galard\u00f3n por su trayectoria, durante la presentaci\u00f3n de la pel\u00edcula \u201cLa cordillera\u201d, de Santiago Mitre.<\/h2>\n<p><img loading=\"lazy\" decoding=\"async\" class=\" wp-image-15743\" src=\"http:\/\/cronicasyversiones.com\/wp-content\/uploads\/2017\/06\/ricardo-darin-la-cordillera1-1024x576.jpg\" alt=\"\" width=\"758\" height=\"427\" srcset=\"http:\/\/cronicasyversiones.com\/wp-content\/uploads\/2017\/06\/ricardo-darin-la-cordillera1-1024x576.jpg 1024w, http:\/\/cronicasyversiones.com\/wp-content\/uploads\/2017\/06\/ricardo-darin-la-cordillera1-300x169.jpg 300w, http:\/\/cronicasyversiones.com\/wp-content\/uploads\/2017\/06\/ricardo-darin-la-cordillera1-768x432.jpg 768w, http:\/\/cronicasyversiones.com\/wp-content\/uploads\/2017\/06\/ricardo-darin-la-cordillera1.jpg 1280w\" sizes=\"auto, (max-width: 758px) 100vw, 758px\" \/><\/p>\n<p><strong>Ricardo Dar\u00edn<\/strong> ser\u00e1 reconocido con el honor\u00edfico <strong>Premio Donostia<\/strong> en la edici\u00f3n 65\u00b0 del <strong>Festival de Cine de San Sebasti\u00e1n,<\/strong> que se tendr\u00e1n lugar entre el 22 y el 30 de septiembre, en tributo a su trayectoria.<\/p>\n<p>El premio al protagonista de <strong><em>\u201cElefante Blanco\u201d<\/em><\/strong> ser\u00e1 entregado el 26 de septiembre, durante la presentaci\u00f3n de la pel\u00edcula<strong><em> \u201cLa cordillera\u201d, <\/em><\/strong>de <strong>Santiago Mitre,<\/strong> donde se mete en la piel de un presidente argentino. Este film ya fue estrenado en la secci\u00f3n <strong><em>\u201cUn Certain Regard\u201d<\/em><\/strong> del Festival de Cannes.<\/p>\n<p>El actor argentino se qued\u00f3 en 2015 con la <strong>Concha de Plata del Festival<\/strong> al mejor actor por su labor en <strong><em>\u201cTruman\u201d, <\/em><\/strong>filme de Cesc Gay, que coprotagoniz\u00f3 junto a Javier C\u00e1mara.<\/p>\n<blockquote><p>Los organizadores del Festival calificaron a Dar\u00edn como \u201cuno de los actores m\u00e1s prestigiosos de la cinematograf\u00eda latinoamericana y mundial\u201d, en el comunicado en el que anuncian su reconocimiento.<\/p><\/blockquote>\n<p><em><strong>LEA TAMBI\u00c9N:\u00a0<\/strong><\/em><\/p>\n<div class=\"video-container\">\n<blockquote class=\"wp-embedded-content\" data-secret=\"bPEjkkriKz\"><p><a href=\"http:\/\/cronicasyversiones.com\/?p=15429\">Premian a Trapero en el Festival de Cine de Val\u00e8ncia Cinema Jove<\/a><\/p><\/blockquote>\n<p><iframe loading=\"lazy\" class=\"wp-embedded-content\" sandbox=\"allow-scripts\" security=\"restricted\" style=\"position: absolute; clip: rect(1px, 1px, 1px, 1px);\" title=\"\u00abPremian a Trapero en el Festival de Cine de Val\u00e8ncia Cinema Jove\u00bb \u2014    \" src=\"http:\/\/cronicasyversiones.com\/?p=15429&#038;embed=true#?secret=4g9A8zOwvc#?secret=bPEjkkriKz\" data-secret=\"bPEjkkriKz\" width=\"600\" height=\"338\" frameborder=\"0\" marginwidth=\"0\" marginheight=\"0\" scrolling=\"no\"><\/iframe><\/div>\n<p>A lo largo de su trayectoria, que comenz\u00f3 precozmente,, Dar\u00edn trabaj\u00f3 con directores como <strong>Alfredo Aristarain, Fabi\u00e1n Bielinsky, Eduardo Mignona, Fernando Trueba y Juan Jos\u00e9 Campanella<\/strong>, entre otros.<\/p>\n<p>Precisamente, bajo la lente este \u00faltimo, con quien hab\u00eda trabajado en otros films como \u201c<strong>El mismo amor, la misma lluvia\u201d,<\/strong> hizo <strong><em>\u201cEl secreto de sus ojos\u201d,<\/em><\/strong> pel\u00edcula que obtuvo un Premio Oscar en 2010.<\/p>\n<p>Dar\u00edn actu\u00f3 en \u201cNueve reinas\u201d, \u201cEl hijo de la novia\u201d, \u201cLuna de Avellaneda\u201d, \u201cCarancho\u201d y \u201cUn cuento chino\u201d, entre otros \u00e9xitos del cine argentino, lo que llev\u00f3 a ser reconocido a nivel internacional.<\/p>\n<div style=\"padding-bottom:20px; padding-top:10px;\" class=\"hupso-share-buttons\"><!-- Hupso Share Buttons - https:\/\/www.hupso.com\/share\/ --><a class=\"hupso_counters\" href=\"https:\/\/www.hupso.com\/share\/\"><img decoding=\"async\" src=\"http:\/\/static.hupso.com\/share\/buttons\/lang\/es\/share-small.png\" style=\"border:0px; padding-top:2px; float:left;\" alt=\"Share Button\"\/><\/a><script type=\"text\/javascript\">var hupso_services_c=new Array(\"twitter\",\"facebook_like\",\"google\");var hupso_counters_lang = \"es_LA\";var hupso_image_folder_url = \"\";var hupso_twitter_via=\"crsyvrs\";var hupso_url_c=\"\";<\/script><script type=\"text\/javascript\" src=\"http:\/\/static.hupso.com\/share\/js\/counters.js\"><\/script><!-- Hupso Share Buttons --><\/div> ","protected":false},"excerpt":{"rendered":"<div style=\"padding-bottom:20px; padding-top:10px;\" class=\"hupso-share-buttons\"><!-- Hupso Share Buttons - https:\/\/www.hupso.com\/share\/ --><a class=\"hupso_counters\" href=\"https:\/\/www.hupso.com\/share\/\"><img src=\"http:\/\/static.hupso.com\/share\/buttons\/lang\/es\/share-small.png\" style=\"border:0px; padding-top:2px; float:left;\" alt=\"Share Button\"\/><\/a><script type=\"text\/javascript\">var hupso_services_c=new Array(\"twitter\",\"facebook_like\",\"google\");var hupso_counters_lang = \"es_LA\";var hupso_image_folder_url = \"\";var hupso_twitter_via=\"crsyvrs\";var hupso_url_c=\"\";<\/script><script type=\"text\/javascript\" src=\"http:\/\/static.hupso.com\/share\/js\/counters.js\"><\/script><!-- Hupso Share Buttons --><\/div><p>El actor argentino recibir\u00e1 este galard\u00f3n por su trayectoria, durante la presentaci\u00f3n de la pel\u00edcula \u201cLa cordillera\u201d, de Santiago Mitre. Ricardo Dar\u00edn ser\u00e1 reconocido con el honor\u00edfico Premio Donostia en la edici\u00f3n 65\u00b0 del Festival de Cine de San&#46;&#46;&#46;<\/p>\n<div style=\"padding-bottom:20px; padding-top:10px;\" class=\"hupso-share-buttons\"><!-- Hupso Share Buttons - https:\/\/www.hupso.com\/share\/ --><a class=\"hupso_counters\" href=\"https:\/\/www.hupso.com\/share\/\"><img src=\"http:\/\/static.hupso.com\/share\/buttons\/lang\/es\/share-small.png\" style=\"border:0px; padding-top:2px; float:left;\" alt=\"Share Button\"\/><\/a><script type=\"text\/javascript\">var hupso_services_c=new Array(\"twitter\",\"facebook_like\",\"google\");var hupso_counters_lang = \"es_LA\";var hupso_image_folder_url = \"\";var hupso_twitter_via=\"crsyvrs\";var hupso_url_c=\"\";<\/script><script type=\"text\/javascript\" src=\"http:\/\/static.hupso.com\/share\/js\/counters.js\"><\/script><!-- Hupso Share Buttons --><\/div>","protected":false},"author":5,"featured_media":15743,"comment_status":"open","ping_status":"closed","sticky":false,"template":"","format":"standard","meta":{"footnotes":""},"categories":[4],"tags":[2586,1165],"class_list":["post-15742","post","type-post","status-publish","format-standard","has-post-thumbnail","hentry","category-cine","tag-festival-de-cine-de-san-sebastian","tag-ricardo-darin"],"_links":{"self":[{"href":"http:\/\/cronicasyversiones.com\/index.php?rest_route=\/wp\/v2\/posts\/15742","targetHints":{"allow":["GET"]}}],"collection":[{"href":"http:\/\/cronicasyversiones.com\/index.php?rest_route=\/wp\/v2\/posts"}],"about":[{"href":"http:\/\/cronicasyversiones.com\/index.php?rest_route=\/wp\/v2\/types\/post"}],"author":[{"embeddable":true,"href":"http:\/\/cronicasyversiones.com\/index.php?rest_route=\/wp\/v2\/users\/5"}],"replies":[{"embeddable":true,"href":"http:\/\/cronicasyversiones.com\/index.php?rest_route=%2Fwp%2Fv2%2Fcomments&post=15742"}],"version-history":[{"count":0,"href":"http:\/\/cronicasyversiones.com\/index.php?rest_route=\/wp\/v2\/posts\/15742\/revisions"}],"wp:featuredmedia":[{"embeddable":true,"href":"http:\/\/cronicasyversiones.com\/index.php?rest_route=\/wp\/v2\/media\/15743"}],"wp:attachment":[{"href":"http:\/\/cronicasyversiones.com\/index.php?rest_route=%2Fwp%2Fv2%2Fmedia&parent=15742"}],"wp:term":[{"taxonomy":"category","embeddable":true,"href":"http:\/\/cronicasyversiones.com\/index.php?rest_route=%2Fwp%2Fv2%2Fcategories&post=15742"},{"taxonomy":"post_tag","embeddable":true,"href":"http:\/\/cronicasyversiones.com\/index.php?rest_route=%2Fwp%2Fv2%2Ftags&post=15742"}],"curies":[{"name":"wp","href":"https:\/\/api.w.org\/{rel}","templated":true}]}}