{"id":15777,"date":"2017-06-24T00:10:45","date_gmt":"2017-06-24T03:10:45","guid":{"rendered":"http:\/\/cronicasyversiones.com\/?p=15777"},"modified":"2017-06-24T09:47:26","modified_gmt":"2017-06-24T12:47:26","slug":"paul-austerz-sera-invitado-a-la-feria-del-libro-de-buenos-aires-2018","status":"publish","type":"post","link":"http:\/\/cronicasyversiones.com\/?p=15777","title":{"rendered":"Paul Auster ser\u00e1 invitado a la Feria del Libro de Buenos Aires 2018"},"content":{"rendered":"<div style=\"padding-bottom:20px; padding-top:10px;\" class=\"hupso-share-buttons\"><!-- Hupso Share Buttons - https:\/\/www.hupso.com\/share\/ --><a class=\"hupso_counters\" href=\"https:\/\/www.hupso.com\/share\/\"><img decoding=\"async\" src=\"http:\/\/static.hupso.com\/share\/buttons\/lang\/es\/share-small.png\" style=\"border:0px; padding-top:2px; float:left;\" alt=\"Share Button\"\/><\/a><script type=\"text\/javascript\">var hupso_services_c=new Array(\"twitter\",\"facebook_like\",\"google\");var hupso_counters_lang = \"es_LA\";var hupso_image_folder_url = \"\";var hupso_twitter_via=\"crsyvrs\";var hupso_url_c=\"\";<\/script><script type=\"text\/javascript\" src=\"http:\/\/static.hupso.com\/share\/js\/counters.js\"><\/script><!-- Hupso Share Buttons --><\/div><h2>El escritor estadounidense ya hab\u00eda participado de esta cita literaria y esta nueva llegada coincide con el lanzamiento de \u201c4 3 2 1\u201d, su \u00faltima novela.<\/h2>\n<p><img loading=\"lazy\" decoding=\"async\" class=\"wp-image-15778 aligncenter\" src=\"http:\/\/cronicasyversiones.com\/wp-content\/uploads\/2017\/06\/Auster.jpg\" alt=\"\" width=\"753\" height=\"424\" srcset=\"http:\/\/cronicasyversiones.com\/wp-content\/uploads\/2017\/06\/Auster.jpg 992w, http:\/\/cronicasyversiones.com\/wp-content\/uploads\/2017\/06\/Auster-300x169.jpg 300w, http:\/\/cronicasyversiones.com\/wp-content\/uploads\/2017\/06\/Auster-768x432.jpg 768w\" sizes=\"auto, (max-width: 753px) 100vw, 753px\" \/><\/p>\n<p><strong>Paul Auster<\/strong> ser\u00e1 uno de los invitados a la pr\u00f3xima<strong> Feria Internacional del Libro de Buenos Aires<\/strong> que se desarrollar\u00e1 en abril de 2018, seg\u00fan adelantaron desde la Editorial Planeta.<\/p>\n<p>Precisamente, este sello editorial que fue la encargada de publicar<em><strong> \u201c4 3 2 1\u201d<\/strong><\/em>, la \u00faltima novela del escritor estadounidense, que llegar\u00e1 a las librer\u00edas argentinas durante en \u00a0septiembre.<\/p>\n<p><em><strong>\u201c4 3 2 1\u201d<\/strong> <\/em>es su primera novela en siete a\u00f1os, despu\u00e9s de <em><strong>\u201cSunset Park\u201d<\/strong> <\/em>y se trata de la historia de <strong>Archibald Isaac Ferguson<\/strong> a lo largo de los acontecimientos m\u00e1s emblem\u00e1ticos del Siglo XX, como el asesinato de Kennedy o las primeras revueltas sociales en los Estados Unidos, imaginando cuatro futuros diferentes en funci\u00f3n de sus decisiones en la ficci\u00f3n.<\/p>\n<p><em><strong>LEA TAMBI\u00c9N:\u00a0<\/strong><\/em><\/p>\n<div class=\"video-container\">\n<blockquote class=\"wp-embedded-content\" data-secret=\"8SOZquUuSW\"><p><a href=\"http:\/\/cronicasyversiones.com\/?p=15509\">Homenajean a Borges con una antolog\u00eda que recorre toda su obra<\/a><\/p><\/blockquote>\n<p><iframe loading=\"lazy\" class=\"wp-embedded-content\" sandbox=\"allow-scripts\" security=\"restricted\" style=\"position: absolute; clip: rect(1px, 1px, 1px, 1px);\" title=\"\u00abHomenajean a Borges con una antolog\u00eda que recorre toda su obra\u00bb \u2014    \" src=\"http:\/\/cronicasyversiones.com\/?p=15509&#038;embed=true#?secret=Qap4YTmJn3#?secret=8SOZquUuSW\" data-secret=\"8SOZquUuSW\" width=\"600\" height=\"338\" frameborder=\"0\" marginwidth=\"0\" marginheight=\"0\" scrolling=\"no\"><\/iframe><\/div>\n<p>Nacido en Newark, cerca de Nueva York, en 1947, el escritor que es hijo de inmigrantes jud\u00edos se convirti\u00f3 en uno de los escritores estadounidenses m\u00e1s populares y exitosos de su generaci\u00f3n. Su amplia obra est\u00e1 integrada por novelas, poes\u00edas, ensayos, guiones para pel\u00edculas y dos libros autobiogr\u00e1ficos: <em><strong>\u00abDiario de invierno\u00bb <\/strong><\/em>e<em><strong> \u00abInforme del interior\u00bb.<\/strong><\/em><\/p>\n<p>La \u00faltima visita de Auster a la Feria fue en 2014 cuando junto a <strong>John Maxwell Coetzee<\/strong> comparti\u00f3 una conversaci\u00f3n sobre la correspondencia que mantuvieron entre 2008 y 2011 y qued\u00f3 reunida en \u00abAqu\u00ed y ahora\u00bb.<\/p>\n<div style=\"padding-bottom:20px; padding-top:10px;\" class=\"hupso-share-buttons\"><!-- Hupso Share Buttons - https:\/\/www.hupso.com\/share\/ --><a class=\"hupso_counters\" href=\"https:\/\/www.hupso.com\/share\/\"><img decoding=\"async\" src=\"http:\/\/static.hupso.com\/share\/buttons\/lang\/es\/share-small.png\" style=\"border:0px; padding-top:2px; float:left;\" alt=\"Share Button\"\/><\/a><script type=\"text\/javascript\">var hupso_services_c=new Array(\"twitter\",\"facebook_like\",\"google\");var hupso_counters_lang = \"es_LA\";var hupso_image_folder_url = \"\";var hupso_twitter_via=\"crsyvrs\";var hupso_url_c=\"\";<\/script><script type=\"text\/javascript\" src=\"http:\/\/static.hupso.com\/share\/js\/counters.js\"><\/script><!-- Hupso Share Buttons --><\/div> ","protected":false},"excerpt":{"rendered":"<div style=\"padding-bottom:20px; padding-top:10px;\" class=\"hupso-share-buttons\"><!-- Hupso Share Buttons - https:\/\/www.hupso.com\/share\/ --><a class=\"hupso_counters\" href=\"https:\/\/www.hupso.com\/share\/\"><img src=\"http:\/\/static.hupso.com\/share\/buttons\/lang\/es\/share-small.png\" style=\"border:0px; padding-top:2px; float:left;\" alt=\"Share Button\"\/><\/a><script type=\"text\/javascript\">var hupso_services_c=new Array(\"twitter\",\"facebook_like\",\"google\");var hupso_counters_lang = \"es_LA\";var hupso_image_folder_url = \"\";var hupso_twitter_via=\"crsyvrs\";var hupso_url_c=\"\";<\/script><script type=\"text\/javascript\" src=\"http:\/\/static.hupso.com\/share\/js\/counters.js\"><\/script><!-- Hupso Share Buttons --><\/div><p>El escritor estadounidense ya hab\u00eda participado de esta cita literaria y esta nueva llegada coincide con el lanzamiento de \u201c4 3 2 1\u201d, su \u00faltima novela. Paul Auster ser\u00e1 uno de los invitados a la pr\u00f3xima Feria Internacional del&#46;&#46;&#46;<\/p>\n<div style=\"padding-bottom:20px; padding-top:10px;\" class=\"hupso-share-buttons\"><!-- Hupso Share Buttons - https:\/\/www.hupso.com\/share\/ --><a class=\"hupso_counters\" href=\"https:\/\/www.hupso.com\/share\/\"><img src=\"http:\/\/static.hupso.com\/share\/buttons\/lang\/es\/share-small.png\" style=\"border:0px; padding-top:2px; float:left;\" alt=\"Share Button\"\/><\/a><script type=\"text\/javascript\">var hupso_services_c=new Array(\"twitter\",\"facebook_like\",\"google\");var hupso_counters_lang = \"es_LA\";var hupso_image_folder_url = \"\";var hupso_twitter_via=\"crsyvrs\";var hupso_url_c=\"\";<\/script><script type=\"text\/javascript\" src=\"http:\/\/static.hupso.com\/share\/js\/counters.js\"><\/script><!-- Hupso Share Buttons --><\/div>","protected":false},"author":5,"featured_media":0,"comment_status":"open","ping_status":"closed","sticky":false,"template":"","format":"standard","meta":{"footnotes":""},"categories":[7],"tags":[1279,1418],"class_list":["post-15777","post","type-post","status-publish","format-standard","hentry","category-literatura","tag-feria-internacional-del-libro-de-buenos-aires","tag-paul-auster"],"_links":{"self":[{"href":"http:\/\/cronicasyversiones.com\/index.php?rest_route=\/wp\/v2\/posts\/15777","targetHints":{"allow":["GET"]}}],"collection":[{"href":"http:\/\/cronicasyversiones.com\/index.php?rest_route=\/wp\/v2\/posts"}],"about":[{"href":"http:\/\/cronicasyversiones.com\/index.php?rest_route=\/wp\/v2\/types\/post"}],"author":[{"embeddable":true,"href":"http:\/\/cronicasyversiones.com\/index.php?rest_route=\/wp\/v2\/users\/5"}],"replies":[{"embeddable":true,"href":"http:\/\/cronicasyversiones.com\/index.php?rest_route=%2Fwp%2Fv2%2Fcomments&post=15777"}],"version-history":[{"count":0,"href":"http:\/\/cronicasyversiones.com\/index.php?rest_route=\/wp\/v2\/posts\/15777\/revisions"}],"wp:attachment":[{"href":"http:\/\/cronicasyversiones.com\/index.php?rest_route=%2Fwp%2Fv2%2Fmedia&parent=15777"}],"wp:term":[{"taxonomy":"category","embeddable":true,"href":"http:\/\/cronicasyversiones.com\/index.php?rest_route=%2Fwp%2Fv2%2Fcategories&post=15777"},{"taxonomy":"post_tag","embeddable":true,"href":"http:\/\/cronicasyversiones.com\/index.php?rest_route=%2Fwp%2Fv2%2Ftags&post=15777"}],"curies":[{"name":"wp","href":"https:\/\/api.w.org\/{rel}","templated":true}]}}