{"id":15836,"date":"2017-07-03T10:20:00","date_gmt":"2017-07-03T13:20:00","guid":{"rendered":"http:\/\/cronicasyversiones.com\/?p=15836"},"modified":"2017-07-03T10:20:00","modified_gmt":"2017-07-03T13:20:00","slug":"feria-del-libro-infantil-y-juvenil-tendra-tres-sedes","status":"publish","type":"post","link":"http:\/\/cronicasyversiones.com\/?p=15836","title":{"rendered":"Feria del Libro Infantil y Juvenil tendr\u00e1 tres sedes"},"content":{"rendered":"<div style=\"padding-bottom:20px; padding-top:10px;\" class=\"hupso-share-buttons\"><!-- Hupso Share Buttons - https:\/\/www.hupso.com\/share\/ --><a class=\"hupso_counters\" href=\"https:\/\/www.hupso.com\/share\/\"><img decoding=\"async\" src=\"http:\/\/static.hupso.com\/share\/buttons\/lang\/es\/share-small.png\" style=\"border:0px; padding-top:2px; float:left;\" alt=\"Share Button\"\/><\/a><script type=\"text\/javascript\">var hupso_services_c=new Array(\"twitter\",\"facebook_like\",\"google\");var hupso_counters_lang = \"es_LA\";var hupso_image_folder_url = \"\";var hupso_twitter_via=\"crsyvrs\";var hupso_url_c=\"\";<\/script><script type=\"text\/javascript\" src=\"http:\/\/static.hupso.com\/share\/js\/counters.js\"><\/script><!-- Hupso Share Buttons --><\/div><h2>La 27\u00b0 edici\u00f3n de este encuentro ser\u00e1 en el Centro Cultural Kirchner (CCK), Tecn\u00f3polis y en el Centro Cultural Dardo Rocha en la ciudad de La Plata.<\/h2>\n<p><img loading=\"lazy\" decoding=\"async\" class=\" wp-image-15837 aligncenter\" src=\"http:\/\/cronicasyversiones.com\/wp-content\/uploads\/2017\/06\/feria.jpg\" alt=\"\" width=\"751\" height=\"501\" srcset=\"http:\/\/cronicasyversiones.com\/wp-content\/uploads\/2017\/06\/feria.jpg 700w, http:\/\/cronicasyversiones.com\/wp-content\/uploads\/2017\/06\/feria-300x200.jpg 300w, http:\/\/cronicasyversiones.com\/wp-content\/uploads\/2017\/06\/feria-480x320.jpg 480w\" sizes=\"auto, (max-width: 751px) 100vw, 751px\" \/><\/p>\n<p>La 27\u00b0 edici\u00f3n de la <strong>Feria del Libro Infantil y Juvenil<\/strong> tendr\u00e1 lugar desde el 10 al 30 de julio por primera vez en una triada de sedes conformada por el <strong>Centro Cultural Kirchner (CCK), Tecn\u00f3polis<\/strong> y en el C<strong>entro Cultural Dardo Rocha<\/strong> en la ciudad de La Plata, con entrada libre y gratuita.<\/p>\n<p>Organizada por la <strong>Fundaci\u00f3n El Libro,<\/strong> la Feria incluir\u00e1 numerosas actividades, como charlas, firmas de ejemplares, muestras de ilustradores, jornadas para docentes, espect\u00e1culos en vivo, festivales, premios, lecturas de famosos y por supuesto miles de libros y stands en las tres sedes.<\/p>\n<p>Como parte de las actividades de la cita literaria, en el <strong>CCK<\/strong> habr\u00e1 actividades del 10 al 30 de julio: del 10 al 14 de julio de 9 a 18 y del 15 al 30 de julio. Los d\u00edas de semana en el horario de 11 a 20 y los fines de semana de 13 a 20.<\/p>\n<p><em><strong>LEA TAMBI\u00c9N:\u00a0<\/strong><\/em><\/p>\n<div class=\"video-container\">\n<blockquote class=\"wp-embedded-content\" data-secret=\"8ERj4zvVFd\"><p><a href=\"http:\/\/cronicasyversiones.com\/?p=15777\">Paul Auster ser\u00e1 invitado a la Feria del Libro de Buenos Aires 2018<\/a><\/p><\/blockquote>\n<p><iframe loading=\"lazy\" class=\"wp-embedded-content\" sandbox=\"allow-scripts\" security=\"restricted\" style=\"position: absolute; clip: rect(1px, 1px, 1px, 1px);\" title=\"\u00abPaul Auster ser\u00e1 invitado a la Feria del Libro de Buenos Aires 2018\u00bb \u2014    \" src=\"http:\/\/cronicasyversiones.com\/?p=15777&#038;embed=true#?secret=jtqVrlPGXk#?secret=8ERj4zvVFd\" data-secret=\"8ERj4zvVFd\" width=\"600\" height=\"338\" frameborder=\"0\" marginwidth=\"0\" marginheight=\"0\" scrolling=\"no\"><\/iframe><\/div>\n<p>Mientras que en <strong>Tecn\u00f3polis<\/strong> (Avenidas Gral Paz y Constituyentes, Villa Marteli) ser\u00e1 sede de la Feria los d\u00edas viernes 7, mi\u00e9rcoles 12, jueves 13 y viernes 14 de julio de 10 a 18 y el s\u00e1bado 8, domingo 9 y desde el s\u00e1bado 15 hasta el domingo 30 de julio de 12 a 20; mientras que el lunes 10 y martes 11 de julio el Parque permanecer\u00e1 cerrado.<\/p>\n<p>Por su parte, en el <strong>Centro Cultural Dardo Rocha<\/strong> (50 y 7, Ciudad de La Plata), donde tambi\u00e9n habr\u00e1 actividades organizadas por la Fundaci\u00f3n El Libro y la Secretar\u00eda de Cultura y Educaci\u00f3n de la Municipalidad de La Plata, ser\u00e1 sede de actividades del 10 al 14 de julio de 9 a 17 y del 15 al 30 de julio, siempre en el horario de 12 a 20.<\/p>\n<div style=\"padding-bottom:20px; padding-top:10px;\" class=\"hupso-share-buttons\"><!-- Hupso Share Buttons - https:\/\/www.hupso.com\/share\/ --><a class=\"hupso_counters\" href=\"https:\/\/www.hupso.com\/share\/\"><img decoding=\"async\" src=\"http:\/\/static.hupso.com\/share\/buttons\/lang\/es\/share-small.png\" style=\"border:0px; padding-top:2px; float:left;\" alt=\"Share Button\"\/><\/a><script type=\"text\/javascript\">var hupso_services_c=new Array(\"twitter\",\"facebook_like\",\"google\");var hupso_counters_lang = \"es_LA\";var hupso_image_folder_url = \"\";var hupso_twitter_via=\"crsyvrs\";var hupso_url_c=\"\";<\/script><script type=\"text\/javascript\" src=\"http:\/\/static.hupso.com\/share\/js\/counters.js\"><\/script><!-- Hupso Share Buttons --><\/div> ","protected":false},"excerpt":{"rendered":"<div style=\"padding-bottom:20px; padding-top:10px;\" class=\"hupso-share-buttons\"><!-- Hupso Share Buttons - https:\/\/www.hupso.com\/share\/ --><a class=\"hupso_counters\" href=\"https:\/\/www.hupso.com\/share\/\"><img src=\"http:\/\/static.hupso.com\/share\/buttons\/lang\/es\/share-small.png\" style=\"border:0px; padding-top:2px; float:left;\" alt=\"Share Button\"\/><\/a><script type=\"text\/javascript\">var hupso_services_c=new Array(\"twitter\",\"facebook_like\",\"google\");var hupso_counters_lang = \"es_LA\";var hupso_image_folder_url = \"\";var hupso_twitter_via=\"crsyvrs\";var hupso_url_c=\"\";<\/script><script type=\"text\/javascript\" src=\"http:\/\/static.hupso.com\/share\/js\/counters.js\"><\/script><!-- Hupso Share Buttons --><\/div><p>La 27\u00b0 edici\u00f3n de este encuentro ser\u00e1 en el Centro Cultural Kirchner (CCK), Tecn\u00f3polis y en el Centro Cultural Dardo Rocha en la ciudad de La Plata. La 27\u00b0 edici\u00f3n de la Feria del Libro Infantil y Juvenil tendr\u00e1&#46;&#46;&#46;<\/p>\n<div style=\"padding-bottom:20px; padding-top:10px;\" class=\"hupso-share-buttons\"><!-- Hupso Share Buttons - https:\/\/www.hupso.com\/share\/ --><a class=\"hupso_counters\" href=\"https:\/\/www.hupso.com\/share\/\"><img src=\"http:\/\/static.hupso.com\/share\/buttons\/lang\/es\/share-small.png\" style=\"border:0px; padding-top:2px; float:left;\" alt=\"Share Button\"\/><\/a><script type=\"text\/javascript\">var hupso_services_c=new Array(\"twitter\",\"facebook_like\",\"google\");var hupso_counters_lang = \"es_LA\";var hupso_image_folder_url = \"\";var hupso_twitter_via=\"crsyvrs\";var hupso_url_c=\"\";<\/script><script type=\"text\/javascript\" src=\"http:\/\/static.hupso.com\/share\/js\/counters.js\"><\/script><!-- Hupso Share Buttons --><\/div>","protected":false},"author":5,"featured_media":15837,"comment_status":"open","ping_status":"closed","sticky":false,"template":"","format":"standard","meta":{"footnotes":""},"categories":[7,9],"tags":[2262],"class_list":["post-15836","post","type-post","status-publish","format-standard","has-post-thumbnail","hentry","category-literatura","category-sociedad","tag-feria-del-libro-infantil-y-juvenil"],"_links":{"self":[{"href":"http:\/\/cronicasyversiones.com\/index.php?rest_route=\/wp\/v2\/posts\/15836","targetHints":{"allow":["GET"]}}],"collection":[{"href":"http:\/\/cronicasyversiones.com\/index.php?rest_route=\/wp\/v2\/posts"}],"about":[{"href":"http:\/\/cronicasyversiones.com\/index.php?rest_route=\/wp\/v2\/types\/post"}],"author":[{"embeddable":true,"href":"http:\/\/cronicasyversiones.com\/index.php?rest_route=\/wp\/v2\/users\/5"}],"replies":[{"embeddable":true,"href":"http:\/\/cronicasyversiones.com\/index.php?rest_route=%2Fwp%2Fv2%2Fcomments&post=15836"}],"version-history":[{"count":0,"href":"http:\/\/cronicasyversiones.com\/index.php?rest_route=\/wp\/v2\/posts\/15836\/revisions"}],"wp:featuredmedia":[{"embeddable":true,"href":"http:\/\/cronicasyversiones.com\/index.php?rest_route=\/wp\/v2\/media\/15837"}],"wp:attachment":[{"href":"http:\/\/cronicasyversiones.com\/index.php?rest_route=%2Fwp%2Fv2%2Fmedia&parent=15836"}],"wp:term":[{"taxonomy":"category","embeddable":true,"href":"http:\/\/cronicasyversiones.com\/index.php?rest_route=%2Fwp%2Fv2%2Fcategories&post=15836"},{"taxonomy":"post_tag","embeddable":true,"href":"http:\/\/cronicasyversiones.com\/index.php?rest_route=%2Fwp%2Fv2%2Ftags&post=15836"}],"curies":[{"name":"wp","href":"https:\/\/api.w.org\/{rel}","templated":true}]}}