{"id":15840,"date":"2017-06-30T00:04:54","date_gmt":"2017-06-30T03:04:54","guid":{"rendered":"http:\/\/cronicasyversiones.com\/?p=15840"},"modified":"2017-06-29T16:14:25","modified_gmt":"2017-06-29T19:14:25","slug":"una-muestra-de-mafalda-en-la-alianza-francesa","status":"publish","type":"post","link":"http:\/\/cronicasyversiones.com\/?p=15840","title":{"rendered":"Una muestra sobre Mafalda, en la Alianza Francesa"},"content":{"rendered":"<div style=\"padding-bottom:20px; padding-top:10px;\" class=\"hupso-share-buttons\"><!-- Hupso Share Buttons - https:\/\/www.hupso.com\/share\/ --><a class=\"hupso_counters\" href=\"https:\/\/www.hupso.com\/share\/\"><img decoding=\"async\" src=\"http:\/\/static.hupso.com\/share\/buttons\/lang\/es\/share-small.png\" style=\"border:0px; padding-top:2px; float:left;\" alt=\"Share Button\"\/><\/a><script type=\"text\/javascript\">var hupso_services_c=new Array(\"twitter\",\"facebook_like\",\"google\");var hupso_counters_lang = \"es_LA\";var hupso_image_folder_url = \"\";var hupso_twitter_via=\"crsyvrs\";var hupso_url_c=\"\";<\/script><script type=\"text\/javascript\" src=\"http:\/\/static.hupso.com\/share\/js\/counters.js\"><\/script><!-- Hupso Share Buttons --><\/div><h2>La exhibici\u00f3n re\u00fane a los personajes creados por Quino y tambi\u00e9n habr\u00e1 talleres de dibujo y lectura y espacios l\u00fadicos.<\/h2>\n<p><img loading=\"lazy\" decoding=\"async\" class=\" wp-image-15841 aligncenter\" src=\"http:\/\/cronicasyversiones.com\/wp-content\/uploads\/2017\/06\/mafalda.jpg\" alt=\"\" width=\"713\" height=\"510\" srcset=\"http:\/\/cronicasyversiones.com\/wp-content\/uploads\/2017\/06\/mafalda.jpg 700w, http:\/\/cronicasyversiones.com\/wp-content\/uploads\/2017\/06\/mafalda-350x250.jpg 350w, http:\/\/cronicasyversiones.com\/wp-content\/uploads\/2017\/06\/mafalda-300x215.jpg 300w\" sizes=\"auto, (max-width: 713px) 100vw, 713px\" \/><\/p>\n<p><em><strong>\u201cVacaciones con Mafalda\u201d<\/strong><\/em>, una propuesta de la <strong>Alianza Francesa<\/strong> para las vacaciones de invierno porte\u00f1as, re\u00fane a los queridos personajes creados por<strong> Quino<\/strong> en su sede del barrio de Palermo, con una muestra de la emblem\u00e1tica tira, talleres de dibujo y lectura y espacios l\u00fadicos que invitan a ni\u00f1os y adultos a jugar, por ejemplo, armando historietas.<\/p>\n<p>La exhibici\u00f3n, que inaugurar\u00e1 el martes pr\u00f3ximo a las 19.30 en el edificio de <strong>Billinghurst 1926<\/strong>, podr\u00e1 visitarse hasta el 26 de agosto con entrada gratuita, de lunes a viernes de 12 a 19, informaron los organizadores.<\/p>\n<p>De esta forma, quienes visiten la muestra \u201cpodr\u00e1n compartir unas vacaciones de invierno en familia, donde grandes y chicos disfruten de las tiras gr\u00e1ficas de Quino, dibujos animados y espacios donde jugar, leer, dibujar y reencontrarse con los ic\u00f3nicos <strong>Guille, Libertad, Manolito, Susanita y Felipe,<\/strong> entre otros personajes\u201d, se\u00f1alaron voceros de la Alianza Francesa.<\/p>\n<p>La exposici\u00f3n se divide en la presentaci\u00f3n de las tiras, con un recorrido definido en tres ejes, \u201c<em><strong>Los preparativos\u201d, \u201cVacaciones en s\u00ed\u201d <\/strong><\/em>y<em><strong> \u201cEl regreso\u2018<\/strong><\/em>; y cinco espacios interactivos: Videos, Lectura con libros de Mafalda y Quino, Ta-te-ti; Ordenando la historieta (cuatro espacios con historietas para armar con distinto nivel de dificultad y Espacio de dibujo libre.<\/p>\n<p>M\u00e1s informaci\u00f3n en www.alianzafrancesa.org.ar\/cultura<\/p>\n<p><em><strong>LEA TAMBI\u00c9N:\u00a0<\/strong><\/em><\/p>\n<div class=\"video-container\">\n<blockquote class=\"wp-embedded-content\" data-secret=\"aD2KbJIfWZ\"><p><a href=\"http:\/\/cronicasyversiones.com\/?p=15226\">Mafalda ser\u00e1 traducida al guaran\u00ed<\/a><\/p><\/blockquote>\n<p><iframe loading=\"lazy\" class=\"wp-embedded-content\" sandbox=\"allow-scripts\" security=\"restricted\" style=\"position: absolute; clip: rect(1px, 1px, 1px, 1px);\" title=\"\u00abMafalda ser\u00e1 traducida al guaran\u00ed\u00bb \u2014    \" src=\"http:\/\/cronicasyversiones.com\/?p=15226&#038;embed=true#?secret=HsJN8bFxy6#?secret=aD2KbJIfWZ\" data-secret=\"aD2KbJIfWZ\" width=\"600\" height=\"338\" frameborder=\"0\" marginwidth=\"0\" marginheight=\"0\" scrolling=\"no\"><\/iframe><\/div>\n<p><strong>Quino<\/strong>, el creador de esta tira que se public\u00f3 entre 1964 y 1973, defini\u00f3 a <strong>Mafalda c<\/strong>omo un \u201cespejo de la clase media latinoamericana y de la juventud progresista\u201d.<\/p>\n<p>A pesar de que Mafalda s\u00f3lo se public\u00f3 durante menos que una d\u00e9cada, un tiempo mucho menor a otros cl\u00e1sicos del humor gr\u00e1fico, el furor posterior gener\u00f3 que la tira se traduzca a 30 idiomas y lleve vendido en la Argentina m\u00e1s de 20 millones de ejemplares y una suculenta cantidad en otras latitudes.<\/p>\n<div style=\"padding-bottom:20px; padding-top:10px;\" class=\"hupso-share-buttons\"><!-- Hupso Share Buttons - https:\/\/www.hupso.com\/share\/ --><a class=\"hupso_counters\" href=\"https:\/\/www.hupso.com\/share\/\"><img decoding=\"async\" src=\"http:\/\/static.hupso.com\/share\/buttons\/lang\/es\/share-small.png\" style=\"border:0px; padding-top:2px; float:left;\" alt=\"Share Button\"\/><\/a><script type=\"text\/javascript\">var hupso_services_c=new Array(\"twitter\",\"facebook_like\",\"google\");var hupso_counters_lang = \"es_LA\";var hupso_image_folder_url = \"\";var hupso_twitter_via=\"crsyvrs\";var hupso_url_c=\"\";<\/script><script type=\"text\/javascript\" src=\"http:\/\/static.hupso.com\/share\/js\/counters.js\"><\/script><!-- Hupso Share Buttons --><\/div> ","protected":false},"excerpt":{"rendered":"<div style=\"padding-bottom:20px; padding-top:10px;\" class=\"hupso-share-buttons\"><!-- Hupso Share Buttons - https:\/\/www.hupso.com\/share\/ --><a class=\"hupso_counters\" href=\"https:\/\/www.hupso.com\/share\/\"><img src=\"http:\/\/static.hupso.com\/share\/buttons\/lang\/es\/share-small.png\" style=\"border:0px; padding-top:2px; float:left;\" alt=\"Share Button\"\/><\/a><script type=\"text\/javascript\">var hupso_services_c=new Array(\"twitter\",\"facebook_like\",\"google\");var hupso_counters_lang = \"es_LA\";var hupso_image_folder_url = \"\";var hupso_twitter_via=\"crsyvrs\";var hupso_url_c=\"\";<\/script><script type=\"text\/javascript\" src=\"http:\/\/static.hupso.com\/share\/js\/counters.js\"><\/script><!-- Hupso Share Buttons --><\/div><p>La exhibici\u00f3n re\u00fane a los personajes creados por Quino y tambi\u00e9n habr\u00e1 talleres de dibujo y lectura y espacios l\u00fadicos. \u201cVacaciones con Mafalda\u201d, una propuesta de la Alianza Francesa para las vacaciones de invierno porte\u00f1as, re\u00fane a los queridos&#46;&#46;&#46;<\/p>\n<div style=\"padding-bottom:20px; padding-top:10px;\" class=\"hupso-share-buttons\"><!-- Hupso Share Buttons - https:\/\/www.hupso.com\/share\/ --><a class=\"hupso_counters\" href=\"https:\/\/www.hupso.com\/share\/\"><img src=\"http:\/\/static.hupso.com\/share\/buttons\/lang\/es\/share-small.png\" style=\"border:0px; padding-top:2px; float:left;\" alt=\"Share Button\"\/><\/a><script type=\"text\/javascript\">var hupso_services_c=new Array(\"twitter\",\"facebook_like\",\"google\");var hupso_counters_lang = \"es_LA\";var hupso_image_folder_url = \"\";var hupso_twitter_via=\"crsyvrs\";var hupso_url_c=\"\";<\/script><script type=\"text\/javascript\" src=\"http:\/\/static.hupso.com\/share\/js\/counters.js\"><\/script><!-- Hupso Share Buttons --><\/div>","protected":false},"author":5,"featured_media":0,"comment_status":"open","ping_status":"closed","sticky":false,"template":"","format":"standard","meta":{"footnotes":""},"categories":[8,9],"tags":[4388,62,850],"class_list":["post-15840","post","type-post","status-publish","format-standard","hentry","category-artes-plasticas","category-sociedad","tag-alianza-francesa","tag-mafalda","tag-quino"],"_links":{"self":[{"href":"http:\/\/cronicasyversiones.com\/index.php?rest_route=\/wp\/v2\/posts\/15840","targetHints":{"allow":["GET"]}}],"collection":[{"href":"http:\/\/cronicasyversiones.com\/index.php?rest_route=\/wp\/v2\/posts"}],"about":[{"href":"http:\/\/cronicasyversiones.com\/index.php?rest_route=\/wp\/v2\/types\/post"}],"author":[{"embeddable":true,"href":"http:\/\/cronicasyversiones.com\/index.php?rest_route=\/wp\/v2\/users\/5"}],"replies":[{"embeddable":true,"href":"http:\/\/cronicasyversiones.com\/index.php?rest_route=%2Fwp%2Fv2%2Fcomments&post=15840"}],"version-history":[{"count":0,"href":"http:\/\/cronicasyversiones.com\/index.php?rest_route=\/wp\/v2\/posts\/15840\/revisions"}],"wp:attachment":[{"href":"http:\/\/cronicasyversiones.com\/index.php?rest_route=%2Fwp%2Fv2%2Fmedia&parent=15840"}],"wp:term":[{"taxonomy":"category","embeddable":true,"href":"http:\/\/cronicasyversiones.com\/index.php?rest_route=%2Fwp%2Fv2%2Fcategories&post=15840"},{"taxonomy":"post_tag","embeddable":true,"href":"http:\/\/cronicasyversiones.com\/index.php?rest_route=%2Fwp%2Fv2%2Ftags&post=15840"}],"curies":[{"name":"wp","href":"https:\/\/api.w.org\/{rel}","templated":true}]}}