{"id":15849,"date":"2017-06-30T09:07:22","date_gmt":"2017-06-30T12:07:22","guid":{"rendered":"http:\/\/cronicasyversiones.com\/?p=15849"},"modified":"2017-06-30T09:07:22","modified_gmt":"2017-06-30T12:07:22","slug":"74-dias-de-otono-un-unipersonal-sobre-la-guerra-de-malvinas","status":"publish","type":"post","link":"http:\/\/cronicasyversiones.com\/?p=15849","title":{"rendered":"\u00ab74 d\u00edas de oto\u00f1o\u00bb, un unipersonal sobre la Guerra de Malvinas"},"content":{"rendered":"<div style=\"padding-bottom:20px; padding-top:10px;\" class=\"hupso-share-buttons\"><!-- Hupso Share Buttons - https:\/\/www.hupso.com\/share\/ --><a class=\"hupso_counters\" href=\"https:\/\/www.hupso.com\/share\/\"><img decoding=\"async\" src=\"http:\/\/static.hupso.com\/share\/buttons\/lang\/es\/share-small.png\" style=\"border:0px; padding-top:2px; float:left;\" alt=\"Share Button\"\/><\/a><script type=\"text\/javascript\">var hupso_services_c=new Array(\"twitter\",\"facebook_like\",\"google\");var hupso_counters_lang = \"es_LA\";var hupso_image_folder_url = \"\";var hupso_twitter_via=\"crsyvrs\";var hupso_url_c=\"\";<\/script><script type=\"text\/javascript\" src=\"http:\/\/static.hupso.com\/share\/js\/counters.js\"><\/script><!-- Hupso Share Buttons --><\/div><h2>La obra de Laura Garaglia y protagonizada por Anah\u00ed Martella recorre las vivencias de varios personajes en relaci\u00f3n el conflicto b\u00e9lico del Atl\u00e1ntico Sur.<\/h2>\n<p><img loading=\"lazy\" decoding=\"async\" class=\"wp-image-15850 aligncenter\" src=\"http:\/\/cronicasyversiones.com\/wp-content\/uploads\/2017\/06\/74.jpg\" alt=\"\" width=\"771\" height=\"514\" srcset=\"http:\/\/cronicasyversiones.com\/wp-content\/uploads\/2017\/06\/74.jpg 960w, http:\/\/cronicasyversiones.com\/wp-content\/uploads\/2017\/06\/74-300x200.jpg 300w, http:\/\/cronicasyversiones.com\/wp-content\/uploads\/2017\/06\/74-768x512.jpg 768w, http:\/\/cronicasyversiones.com\/wp-content\/uploads\/2017\/06\/74-480x320.jpg 480w\" sizes=\"auto, (max-width: 771px) 100vw, 771px\" \/><\/p>\n<p><em><strong>\u00ab74 d\u00edas de oto\u00f1o\u00bb<\/strong><\/em> es un unipersonal sobre la <strong>Guerra de Malvinas<\/strong> escrito por <strong>Laura Garaglia<\/strong> y dirigido por <strong>Sergio Amigo<\/strong> y <strong>Anah\u00ed Martella<\/strong>, que adem\u00e1s es la protagonista de esta puesta en escena.<\/p>\n<p>Esta obra, que <strong>recorre las vivencias de varios personajes<\/strong> en relaci\u00f3n el conflicto b\u00e9lico del Atl\u00e1ntico Sur, pisa las tablas los viernes a as 20,15 en el <strong>Centro Cultural de la Cooperaci\u00f3n<\/strong>, ubicado en la Avenida Corrientes 1543.<\/p>\n<p><em><strong>\u201c74 d\u00edas de oto\u00f1o\u201d<\/strong><\/em> contiene las<strong> voces del pasado, las voces del hoy y las del futuro<\/strong>. Concebido como una obra que combina im\u00e1genes y texto: una actriz es la voz de la Patria y la de un soldado, y la de una hermana y la de una directora de escuela.<\/p>\n<p><em><strong>LEA TAMBI\u00c9N:\u00a0<\/strong><\/em><\/p>\n<div class=\"video-container\">\n<blockquote class=\"wp-embedded-content\" data-secret=\"1w7whfbrDx\"><p><a href=\"http:\/\/cronicasyversiones.com\/?p=15728\">\u201cRobespierre\u201d, un unipersonal sobre el revolucionario franc\u00e9s<\/a><\/p><\/blockquote>\n<p><iframe loading=\"lazy\" class=\"wp-embedded-content\" sandbox=\"allow-scripts\" security=\"restricted\" style=\"position: absolute; clip: rect(1px, 1px, 1px, 1px);\" title=\"\u00ab\u201cRobespierre\u201d, un unipersonal sobre el revolucionario franc\u00e9s\u00bb \u2014    \" src=\"http:\/\/cronicasyversiones.com\/?p=15728&#038;embed=true#?secret=VjDnt3DeFa#?secret=1w7whfbrDx\" data-secret=\"1w7whfbrDx\" width=\"600\" height=\"338\" frameborder=\"0\" marginwidth=\"0\" marginheight=\"0\" scrolling=\"no\"><\/iframe><\/div>\n<p>En la obra, pensar en Malvinas es memoria, son sensaciones, es la certeza de soberan\u00eda e identidad, de que ser\u00e1n recuperadas. <strong>Pensar en Malvinas es el libro de historia<\/strong>, el mapa con divisi\u00f3n pol\u00edtica, el billete de 50.<\/p>\n<p>Pensar en Malvinas son los reclamos en la ONU y la negativa a negociar por un poder nost\u00e1lgico de un imperio que ya no es. Pensar en Malvinas es el horror de una guerra desigual.<\/p>\n<p>&nbsp;<\/p>\n<div style=\"padding-bottom:20px; padding-top:10px;\" class=\"hupso-share-buttons\"><!-- Hupso Share Buttons - https:\/\/www.hupso.com\/share\/ --><a class=\"hupso_counters\" href=\"https:\/\/www.hupso.com\/share\/\"><img decoding=\"async\" src=\"http:\/\/static.hupso.com\/share\/buttons\/lang\/es\/share-small.png\" style=\"border:0px; padding-top:2px; float:left;\" alt=\"Share Button\"\/><\/a><script type=\"text\/javascript\">var hupso_services_c=new Array(\"twitter\",\"facebook_like\",\"google\");var hupso_counters_lang = \"es_LA\";var hupso_image_folder_url = \"\";var hupso_twitter_via=\"crsyvrs\";var hupso_url_c=\"\";<\/script><script type=\"text\/javascript\" src=\"http:\/\/static.hupso.com\/share\/js\/counters.js\"><\/script><!-- Hupso Share Buttons --><\/div> ","protected":false},"excerpt":{"rendered":"<div style=\"padding-bottom:20px; padding-top:10px;\" class=\"hupso-share-buttons\"><!-- Hupso Share Buttons - https:\/\/www.hupso.com\/share\/ --><a class=\"hupso_counters\" href=\"https:\/\/www.hupso.com\/share\/\"><img src=\"http:\/\/static.hupso.com\/share\/buttons\/lang\/es\/share-small.png\" style=\"border:0px; padding-top:2px; float:left;\" alt=\"Share Button\"\/><\/a><script type=\"text\/javascript\">var hupso_services_c=new Array(\"twitter\",\"facebook_like\",\"google\");var hupso_counters_lang = \"es_LA\";var hupso_image_folder_url = \"\";var hupso_twitter_via=\"crsyvrs\";var hupso_url_c=\"\";<\/script><script type=\"text\/javascript\" src=\"http:\/\/static.hupso.com\/share\/js\/counters.js\"><\/script><!-- Hupso Share Buttons --><\/div><p>La obra de Laura Garaglia y protagonizada por Anah\u00ed Martella recorre las vivencias de varios personajes en relaci\u00f3n el conflicto b\u00e9lico del Atl\u00e1ntico Sur. \u00ab74 d\u00edas de oto\u00f1o\u00bb es un unipersonal sobre la Guerra de Malvinas escrito por Laura&#46;&#46;&#46;<\/p>\n<div style=\"padding-bottom:20px; padding-top:10px;\" class=\"hupso-share-buttons\"><!-- Hupso Share Buttons - https:\/\/www.hupso.com\/share\/ --><a class=\"hupso_counters\" href=\"https:\/\/www.hupso.com\/share\/\"><img src=\"http:\/\/static.hupso.com\/share\/buttons\/lang\/es\/share-small.png\" style=\"border:0px; padding-top:2px; float:left;\" alt=\"Share Button\"\/><\/a><script type=\"text\/javascript\">var hupso_services_c=new Array(\"twitter\",\"facebook_like\",\"google\");var hupso_counters_lang = \"es_LA\";var hupso_image_folder_url = \"\";var hupso_twitter_via=\"crsyvrs\";var hupso_url_c=\"\";<\/script><script type=\"text\/javascript\" src=\"http:\/\/static.hupso.com\/share\/js\/counters.js\"><\/script><!-- Hupso Share Buttons --><\/div>","protected":false},"author":5,"featured_media":15850,"comment_status":"open","ping_status":"closed","sticky":false,"template":"","format":"standard","meta":{"footnotes":""},"categories":[5],"tags":[8109,8108,579,8106,8107],"class_list":["post-15849","post","type-post","status-publish","format-standard","has-post-thumbnail","hentry","category-teatro","tag-74-dias-de-otono","tag-anahi-martella","tag-centro-cultural-de-la-cooperacion","tag-laura-garaglia","tag-sergio-amigo"],"_links":{"self":[{"href":"http:\/\/cronicasyversiones.com\/index.php?rest_route=\/wp\/v2\/posts\/15849","targetHints":{"allow":["GET"]}}],"collection":[{"href":"http:\/\/cronicasyversiones.com\/index.php?rest_route=\/wp\/v2\/posts"}],"about":[{"href":"http:\/\/cronicasyversiones.com\/index.php?rest_route=\/wp\/v2\/types\/post"}],"author":[{"embeddable":true,"href":"http:\/\/cronicasyversiones.com\/index.php?rest_route=\/wp\/v2\/users\/5"}],"replies":[{"embeddable":true,"href":"http:\/\/cronicasyversiones.com\/index.php?rest_route=%2Fwp%2Fv2%2Fcomments&post=15849"}],"version-history":[{"count":0,"href":"http:\/\/cronicasyversiones.com\/index.php?rest_route=\/wp\/v2\/posts\/15849\/revisions"}],"wp:featuredmedia":[{"embeddable":true,"href":"http:\/\/cronicasyversiones.com\/index.php?rest_route=\/wp\/v2\/media\/15850"}],"wp:attachment":[{"href":"http:\/\/cronicasyversiones.com\/index.php?rest_route=%2Fwp%2Fv2%2Fmedia&parent=15849"}],"wp:term":[{"taxonomy":"category","embeddable":true,"href":"http:\/\/cronicasyversiones.com\/index.php?rest_route=%2Fwp%2Fv2%2Fcategories&post=15849"},{"taxonomy":"post_tag","embeddable":true,"href":"http:\/\/cronicasyversiones.com\/index.php?rest_route=%2Fwp%2Fv2%2Ftags&post=15849"}],"curies":[{"name":"wp","href":"https:\/\/api.w.org\/{rel}","templated":true}]}}