{"id":15876,"date":"2017-07-03T14:55:47","date_gmt":"2017-07-03T17:55:47","guid":{"rendered":"http:\/\/cronicasyversiones.com\/?p=15876"},"modified":"2017-07-03T14:55:47","modified_gmt":"2017-07-03T17:55:47","slug":"una-charla-con-mariana-enriquez-en-la-galeria-ruth-benzacar","status":"publish","type":"post","link":"http:\/\/cronicasyversiones.com\/?p=15876","title":{"rendered":"Una charla con Mariana Enr\u00edquez, en la galer\u00eda Ruth Benzacar"},"content":{"rendered":"<div style=\"padding-bottom:20px; padding-top:10px;\" class=\"hupso-share-buttons\"><!-- Hupso Share Buttons - https:\/\/www.hupso.com\/share\/ --><a class=\"hupso_counters\" href=\"https:\/\/www.hupso.com\/share\/\"><img decoding=\"async\" src=\"http:\/\/static.hupso.com\/share\/buttons\/lang\/es\/share-small.png\" style=\"border:0px; padding-top:2px; float:left;\" alt=\"Share Button\"\/><\/a><script type=\"text\/javascript\">var hupso_services_c=new Array(\"twitter\",\"facebook_like\",\"google\");var hupso_counters_lang = \"es_LA\";var hupso_image_folder_url = \"\";var hupso_twitter_via=\"crsyvrs\";var hupso_url_c=\"\";<\/script><script type=\"text\/javascript\" src=\"http:\/\/static.hupso.com\/share\/js\/counters.js\"><\/script><!-- Hupso Share Buttons --><\/div><h2>La escritora disertar\u00e1 con el p\u00fablico en la muestra <strong><em>\u00abD\u00edptico\u00bb<\/em><\/strong> del artista <strong>Jorge Macchi<\/strong> y el arquitecto <strong>Nicol\u00e1s Fern\u00e1ndez Sanz.<\/strong><\/h2>\n<p><img loading=\"lazy\" decoding=\"async\" class=\"size-full wp-image-15878 aligncenter\" src=\"http:\/\/cronicasyversiones.com\/wp-content\/uploads\/2017\/07\/enriquez-1.jpg\" alt=\"\" width=\"760\" height=\"460\" srcset=\"http:\/\/cronicasyversiones.com\/wp-content\/uploads\/2017\/07\/enriquez-1.jpg 760w, http:\/\/cronicasyversiones.com\/wp-content\/uploads\/2017\/07\/enriquez-1-300x182.jpg 300w\" sizes=\"auto, (max-width: 760px) 100vw, 760px\" \/><\/p>\n<p>&nbsp;<\/p>\n<p>La escritora <strong>Mariana Enr\u00edquez<\/strong> leer\u00e1 un texto de su autor\u00eda que acompa\u00f1a la muestra <strong><em>\u00abD\u00edptico\u00bb<\/em><\/strong> del artista <strong>Jorge Macchi<\/strong> y el arquitecto <strong>Nicol\u00e1s Fern\u00e1ndez Sanz,<\/strong> y luego dialogar\u00e1 con el p\u00fablico, el viernes 7 a las 18 en la galer\u00eda <strong>Ruth Benzacar.<\/strong><\/p>\n<p>El texto de la escritora es el \u00fanico material por escrito que acompa\u00f1a esta instalaci\u00f3n que busca yuxtaponer las caracter\u00edsticas y el entorno del m\u00edtico el subsuelo que antiguamente ocupaba <strong>Ruth Benzacar<\/strong> en la calle Florida al 100 y trasladarlo o evocarlo a su nueva sede del barrio de Villa Crespo.<\/p>\n<p>En su texto, <strong>Mariana Enr\u00edquez<\/strong> realiza un despliegue narrativo que recorre ambas sedes de la galer\u00eda, pero especialmente algunos de los m\u00e1s c\u00e9lebres escritos de la literatura universal ligados a fantasmas, conjuros y presencias de otros mundos.<\/p>\n<blockquote><p>\u00abCada visitante debe conjurar su propio recuerdo de la galer\u00eda que fue y vuelve a ser, evocar aquellas presencias, tocar estas paredes y regresar a una tarde de lluvia, a un cuadro que hizo llorar, a una risa de burbujas\u00bb, propone Enr\u00edquez.<\/p><\/blockquote>\n<p>La muestra se podr\u00e1 visitar hasta el 15 de julio, de martes a s\u00e1bados de 14 a 19, en la galer\u00eda <strong>Ruth Benzacar,<\/strong> ubicada en Juan Ram\u00edrez de Velasco 1287, en el barrio porte\u00f1o de Villa Crespo.<\/p>\n<p><em><strong>LEA TAMBI\u00c9N:\u00a0<\/strong><\/em><\/p>\n<div class=\"video-container\">\n<blockquote class=\"wp-embedded-content\" data-secret=\"pXSMu3gI39\"><p><a href=\"http:\/\/cronicasyversiones.com\/?p=15759\">Se viene una nueva edici\u00f3n de la Semana Negra de Gij\u00f3n<\/a><\/p><\/blockquote>\n<p><iframe loading=\"lazy\" class=\"wp-embedded-content\" sandbox=\"allow-scripts\" security=\"restricted\" style=\"position: absolute; clip: rect(1px, 1px, 1px, 1px);\" title=\"\u00abSe viene una nueva edici\u00f3n de la Semana Negra de Gij\u00f3n\u00bb \u2014    \" src=\"http:\/\/cronicasyversiones.com\/?p=15759&#038;embed=true#?secret=Ce2280Gl4e#?secret=pXSMu3gI39\" data-secret=\"pXSMu3gI39\" width=\"600\" height=\"338\" frameborder=\"0\" marginwidth=\"0\" marginheight=\"0\" scrolling=\"no\"><\/iframe><\/div>\n<p><strong>Mariana Enr\u00edquez<\/strong> naci\u00f3 en Buenos Aires, Argentina, en 1973. Se licenci\u00f3 en Comunicaci\u00f3n Social en la Universidad Nacional de La Plata. Como periodista colabor\u00f3 \u00a0en Radar del diario P\u00e1gina\/12 y las revistas TXT, La Mano, La Mujer de mi Vida y El Guardi\u00e1n. Tambi\u00e9n particip\u00f3 en radio, en el programa Gente de a pie, de Radio Nacional.<\/p>\n<p>Public\u00f3 su primera novela, <em><strong>\u201cBajar es lo peor\u201d,<\/strong> <\/em>a los 21 a\u00f1os. Le siguieron <em><strong>\u201cC\u00f3mo desaparecer completamente\u201d<\/strong><\/em> en 2004 y <em><strong>\u201cChicos que vuelven\u201d<\/strong><\/em> en 2011, y el libro de relatos <em><strong>\u201cLos peligros de fumar en la cama\u201d<\/strong><\/em> en 2009.<\/p>\n<p>Y ensayos como <em><strong>\u201cMitolog\u00eda celta\u201d<\/strong> <\/em>(2007), <em><strong>\u201cAlguien camina sobre tu tumba: Mis viajes a cementerios\u201d<\/strong><\/em> (2013) y <em><strong>\u201cLa hermana menor, un retrato de Silvina Ocampo\u201d<\/strong><\/em> (2014).<\/p>\n<div style=\"padding-bottom:20px; padding-top:10px;\" class=\"hupso-share-buttons\"><!-- Hupso Share Buttons - https:\/\/www.hupso.com\/share\/ --><a class=\"hupso_counters\" href=\"https:\/\/www.hupso.com\/share\/\"><img decoding=\"async\" src=\"http:\/\/static.hupso.com\/share\/buttons\/lang\/es\/share-small.png\" style=\"border:0px; padding-top:2px; float:left;\" alt=\"Share Button\"\/><\/a><script type=\"text\/javascript\">var hupso_services_c=new Array(\"twitter\",\"facebook_like\",\"google\");var hupso_counters_lang = \"es_LA\";var hupso_image_folder_url = \"\";var hupso_twitter_via=\"crsyvrs\";var hupso_url_c=\"\";<\/script><script type=\"text\/javascript\" src=\"http:\/\/static.hupso.com\/share\/js\/counters.js\"><\/script><!-- Hupso Share Buttons --><\/div> ","protected":false},"excerpt":{"rendered":"<div style=\"padding-bottom:20px; padding-top:10px;\" class=\"hupso-share-buttons\"><!-- Hupso Share Buttons - https:\/\/www.hupso.com\/share\/ --><a class=\"hupso_counters\" href=\"https:\/\/www.hupso.com\/share\/\"><img src=\"http:\/\/static.hupso.com\/share\/buttons\/lang\/es\/share-small.png\" style=\"border:0px; padding-top:2px; float:left;\" alt=\"Share Button\"\/><\/a><script type=\"text\/javascript\">var hupso_services_c=new Array(\"twitter\",\"facebook_like\",\"google\");var hupso_counters_lang = \"es_LA\";var hupso_image_folder_url = \"\";var hupso_twitter_via=\"crsyvrs\";var hupso_url_c=\"\";<\/script><script type=\"text\/javascript\" src=\"http:\/\/static.hupso.com\/share\/js\/counters.js\"><\/script><!-- Hupso Share Buttons --><\/div><p>La escritora disertar\u00e1 con el p\u00fablico en la muestra \u00abD\u00edptico\u00bb del artista Jorge Macchi y el arquitecto Nicol\u00e1s Fern\u00e1ndez Sanz. &nbsp; La escritora Mariana Enr\u00edquez leer\u00e1 un texto de su autor\u00eda que acompa\u00f1a la muestra \u00abD\u00edptico\u00bb del artista Jorge&#46;&#46;&#46;<\/p>\n<div style=\"padding-bottom:20px; padding-top:10px;\" class=\"hupso-share-buttons\"><!-- Hupso Share Buttons - https:\/\/www.hupso.com\/share\/ --><a class=\"hupso_counters\" href=\"https:\/\/www.hupso.com\/share\/\"><img src=\"http:\/\/static.hupso.com\/share\/buttons\/lang\/es\/share-small.png\" style=\"border:0px; padding-top:2px; float:left;\" alt=\"Share Button\"\/><\/a><script type=\"text\/javascript\">var hupso_services_c=new Array(\"twitter\",\"facebook_like\",\"google\");var hupso_counters_lang = \"es_LA\";var hupso_image_folder_url = \"\";var hupso_twitter_via=\"crsyvrs\";var hupso_url_c=\"\";<\/script><script type=\"text\/javascript\" src=\"http:\/\/static.hupso.com\/share\/js\/counters.js\"><\/script><!-- Hupso Share Buttons --><\/div>","protected":false},"author":5,"featured_media":15878,"comment_status":"open","ping_status":"closed","sticky":false,"template":"","format":"standard","meta":{"footnotes":""},"categories":[8,7],"tags":[5041],"class_list":["post-15876","post","type-post","status-publish","format-standard","has-post-thumbnail","hentry","category-artes-plasticas","category-literatura","tag-mariana-enriquez"],"_links":{"self":[{"href":"http:\/\/cronicasyversiones.com\/index.php?rest_route=\/wp\/v2\/posts\/15876","targetHints":{"allow":["GET"]}}],"collection":[{"href":"http:\/\/cronicasyversiones.com\/index.php?rest_route=\/wp\/v2\/posts"}],"about":[{"href":"http:\/\/cronicasyversiones.com\/index.php?rest_route=\/wp\/v2\/types\/post"}],"author":[{"embeddable":true,"href":"http:\/\/cronicasyversiones.com\/index.php?rest_route=\/wp\/v2\/users\/5"}],"replies":[{"embeddable":true,"href":"http:\/\/cronicasyversiones.com\/index.php?rest_route=%2Fwp%2Fv2%2Fcomments&post=15876"}],"version-history":[{"count":0,"href":"http:\/\/cronicasyversiones.com\/index.php?rest_route=\/wp\/v2\/posts\/15876\/revisions"}],"wp:featuredmedia":[{"embeddable":true,"href":"http:\/\/cronicasyversiones.com\/index.php?rest_route=\/wp\/v2\/media\/15878"}],"wp:attachment":[{"href":"http:\/\/cronicasyversiones.com\/index.php?rest_route=%2Fwp%2Fv2%2Fmedia&parent=15876"}],"wp:term":[{"taxonomy":"category","embeddable":true,"href":"http:\/\/cronicasyversiones.com\/index.php?rest_route=%2Fwp%2Fv2%2Fcategories&post=15876"},{"taxonomy":"post_tag","embeddable":true,"href":"http:\/\/cronicasyversiones.com\/index.php?rest_route=%2Fwp%2Fv2%2Ftags&post=15876"}],"curies":[{"name":"wp","href":"https:\/\/api.w.org\/{rel}","templated":true}]}}