{"id":16082,"date":"2017-07-23T11:23:33","date_gmt":"2017-07-23T14:23:33","guid":{"rendered":"http:\/\/cronicasyversiones.com\/?p=16082"},"modified":"2017-07-23T11:23:33","modified_gmt":"2017-07-23T14:23:33","slug":"miguel-abuelo-et-nada-el-documental-se-estrena-en-festival-de-lima","status":"publish","type":"post","link":"http:\/\/cronicasyversiones.com\/?p=16082","title":{"rendered":"\u00abMiguel Abuelo et Nada, el documental\u00bb se estrena en Festival de Lima"},"content":{"rendered":"<div style=\"padding-bottom:20px; padding-top:10px;\" class=\"hupso-share-buttons\"><!-- Hupso Share Buttons - https:\/\/www.hupso.com\/share\/ --><a class=\"hupso_counters\" href=\"https:\/\/www.hupso.com\/share\/\"><img decoding=\"async\" src=\"http:\/\/static.hupso.com\/share\/buttons\/lang\/es\/share-small.png\" style=\"border:0px; padding-top:2px; float:left;\" alt=\"Share Button\"\/><\/a><script type=\"text\/javascript\">var hupso_services_c=new Array(\"twitter\",\"facebook_like\",\"google\");var hupso_counters_lang = \"es_LA\";var hupso_image_folder_url = \"\";var hupso_twitter_via=\"crsyvrs\";var hupso_url_c=\"\";<\/script><script type=\"text\/javascript\" src=\"http:\/\/static.hupso.com\/share\/js\/counters.js\"><\/script><!-- Hupso Share Buttons --><\/div><h2>Dirigido por de Agust\u00edn Argento, Facundo Caramelo y Juan Manuel Mu\u00f1iz Oribe, el film cuenta la historia de ese disco, una joya oculta del rock argentino.<\/h2>\n<p><img loading=\"lazy\" decoding=\"async\" class=\" wp-image-16117 aligncenter\" src=\"http:\/\/cronicasyversiones.com\/wp-content\/uploads\/2017\/07\/Miguel.jpg\" alt=\"\" width=\"750\" height=\"577\" srcset=\"http:\/\/cronicasyversiones.com\/wp-content\/uploads\/2017\/07\/Miguel.jpg 771w, http:\/\/cronicasyversiones.com\/wp-content\/uploads\/2017\/07\/Miguel-300x231.jpg 300w, http:\/\/cronicasyversiones.com\/wp-content\/uploads\/2017\/07\/Miguel-768x591.jpg 768w\" sizes=\"auto, (max-width: 750px) 100vw, 750px\" \/><\/p>\n<p><em><strong>\u00abMiguel Abuelo et Nada, el documental\u00bb<\/strong><\/em>, de <strong>Agust\u00edn Argento, Facundo Caramelo y Juan Manuel Mu\u00f1iz Oribe<\/strong>, sobre la historia de ese disco del fallecido cantante de <strong>Los Abuelos de la Nada,<\/strong> se estrenar\u00e1 en el <strong>Festival de Cine de Lima<\/strong>, que se tendr\u00e1 lugar en la capital peruana entre el 4 y el 12 de agosto.<\/p>\n<p>El film participa en la muestra paralela <em><strong>\u00abEl rock en el documental\u00bb<\/strong><\/em>, junto a la tambi\u00e9n argentina <em><strong>\u00abExistir sin vos, una noche con Charly Garc\u00eda\u00bb<\/strong><\/em>, de Alejandro Chomsky, que ya tuvo su estreno en Buenos Aires, y la mexicana<em><strong> \u00abPanorama\u00bb,<\/strong><\/em> de Rodrigo Guardiola y Juan Cruz Rivas, sobre el grupo Zo\u00e9.<\/p>\n<p>En la <strong>Europa post Mayo Franc\u00e9s,<\/strong> un grupo de m\u00fasicos latinoamericanos indocumentados graba un disco de rock en espa\u00f1ol en Par\u00eds, una joya oculta del rock argentino.<\/p>\n<p>Hippies, casas tomadas, pintores, obras de teatro, fotograf\u00eda y psicodelia formaron parte del delirante paisaje que dio rienda suelta a <strong>uno de los mejores discos de la m\u00fasica argentina,<\/strong> pero desconocido para el gran p\u00fablico, en un contexto de apertura cultural y sexual en la Europa post Mayo Franc\u00e9s.<\/p>\n<p><em><strong>\u00abMiguel Abuelo et nada\u00bb<\/strong><\/em> fue grabado en Francia en 1972 con composiciones de Miguel Abuelo y el ahora guitarrista de Virus, Daniel Sbarra, y nunca fue editado oficialmente en la Argentina.<\/p>\n<p><em><strong>LEA TAMBI\u00c9N:\u00a0<\/strong><\/em><\/p>\n<div class=\"video-container\">\n<blockquote class=\"wp-embedded-content\" data-secret=\"vRsOKP10oU\"><p><a href=\"http:\/\/cronicasyversiones.com\/?p=16064\">\u201cEl Club de los 50\u201d, el otro lado del rock argentino<\/a><\/p><\/blockquote>\n<p><iframe loading=\"lazy\" class=\"wp-embedded-content\" sandbox=\"allow-scripts\" security=\"restricted\" style=\"position: absolute; clip: rect(1px, 1px, 1px, 1px);\" title=\"\u00ab\u201cEl Club de los 50\u201d, el otro lado del rock argentino\u00bb \u2014    \" src=\"http:\/\/cronicasyversiones.com\/?p=16064&#038;embed=true#?secret=Fsu9f23fAc#?secret=vRsOKP10oU\" data-secret=\"vRsOKP10oU\" width=\"600\" height=\"338\" frameborder=\"0\" marginwidth=\"0\" marginheight=\"0\" scrolling=\"no\"><\/iframe><\/div>\n<p>El documental desentra\u00f1a esta intrigante y vertiginosa historia. Se mete en el hueso de la \u00e9poca por medio im\u00e1genes exclusivas e in\u00e9ditas, junto a entrevistas a personajes jam\u00e1s encontrados hasta el momento, quienes dan cuenta de la envergadura de esta reliquia musical,<strong> enmarcados en coloridos y psicod\u00e9licos video clips,<\/strong> armados 44 a\u00f1os despu\u00e9s.\u00a0Adem\u00e1s, cuenta con una entrevista exclusiva al productor Mosh\u00e9 Naim.<\/p>\n<p><em><strong>\u00abMiguel Abuelo et Nada, el documental\u00bb<\/strong> <\/em>es la \u00f3pera prima de Mu\u00f1iz Oribe, Caramelo y Argento, quien se encuentra en la producci\u00f3n de<em><strong> \u00abUn sue\u00f1o en Par\u00eds\u00bb,<\/strong><\/em> una pel\u00edcula dirigida por Sergio \u00abCucho\u00bb Costantino acerca de la tanguer\u00eda parisina apadrinada por Julio Cort\u00e1zar, \u00abTrottoirs de Buenos Aires\u201d.<\/p>\n<p><em><strong>El tr\u00e1iler:\u00a0<\/strong><\/em><\/p>\n<p><iframe loading=\"lazy\" src=\"https:\/\/www.youtube.com\/embed\/sZwQalgN0vI\" width=\"600\" height=\"350\" frameborder=\"0\" allowfullscreen=\"allowfullscreen\"><\/iframe><\/p>\n<p>&nbsp;<\/p>\n<p>&nbsp;<\/p>\n<div style=\"padding-bottom:20px; padding-top:10px;\" class=\"hupso-share-buttons\"><!-- Hupso Share Buttons - https:\/\/www.hupso.com\/share\/ --><a class=\"hupso_counters\" href=\"https:\/\/www.hupso.com\/share\/\"><img decoding=\"async\" src=\"http:\/\/static.hupso.com\/share\/buttons\/lang\/es\/share-small.png\" style=\"border:0px; padding-top:2px; float:left;\" alt=\"Share Button\"\/><\/a><script type=\"text\/javascript\">var hupso_services_c=new Array(\"twitter\",\"facebook_like\",\"google\");var hupso_counters_lang = \"es_LA\";var hupso_image_folder_url = \"\";var hupso_twitter_via=\"crsyvrs\";var hupso_url_c=\"\";<\/script><script type=\"text\/javascript\" src=\"http:\/\/static.hupso.com\/share\/js\/counters.js\"><\/script><!-- Hupso Share Buttons --><\/div> ","protected":false},"excerpt":{"rendered":"<div style=\"padding-bottom:20px; padding-top:10px;\" class=\"hupso-share-buttons\"><!-- Hupso Share Buttons - https:\/\/www.hupso.com\/share\/ --><a class=\"hupso_counters\" href=\"https:\/\/www.hupso.com\/share\/\"><img src=\"http:\/\/static.hupso.com\/share\/buttons\/lang\/es\/share-small.png\" style=\"border:0px; padding-top:2px; float:left;\" alt=\"Share Button\"\/><\/a><script type=\"text\/javascript\">var hupso_services_c=new Array(\"twitter\",\"facebook_like\",\"google\");var hupso_counters_lang = \"es_LA\";var hupso_image_folder_url = \"\";var hupso_twitter_via=\"crsyvrs\";var hupso_url_c=\"\";<\/script><script type=\"text\/javascript\" src=\"http:\/\/static.hupso.com\/share\/js\/counters.js\"><\/script><!-- Hupso Share Buttons --><\/div><p>Dirigido por de Agust\u00edn Argento, Facundo Caramelo y Juan Manuel Mu\u00f1iz Oribe, el film cuenta la historia de ese disco, una joya oculta del rock argentino. \u00abMiguel Abuelo et Nada, el documental\u00bb, de Agust\u00edn Argento, Facundo Caramelo y Juan&#46;&#46;&#46;<\/p>\n<div style=\"padding-bottom:20px; padding-top:10px;\" class=\"hupso-share-buttons\"><!-- Hupso Share Buttons - https:\/\/www.hupso.com\/share\/ --><a class=\"hupso_counters\" href=\"https:\/\/www.hupso.com\/share\/\"><img src=\"http:\/\/static.hupso.com\/share\/buttons\/lang\/es\/share-small.png\" style=\"border:0px; padding-top:2px; float:left;\" alt=\"Share Button\"\/><\/a><script type=\"text\/javascript\">var hupso_services_c=new Array(\"twitter\",\"facebook_like\",\"google\");var hupso_counters_lang = \"es_LA\";var hupso_image_folder_url = \"\";var hupso_twitter_via=\"crsyvrs\";var hupso_url_c=\"\";<\/script><script type=\"text\/javascript\" src=\"http:\/\/static.hupso.com\/share\/js\/counters.js\"><\/script><!-- Hupso Share Buttons --><\/div>","protected":false},"author":5,"featured_media":16117,"comment_status":"open","ping_status":"closed","sticky":false,"template":"","format":"standard","meta":{"footnotes":""},"categories":[4,3],"tags":[8158,944,8159,8160,6320],"class_list":["post-16082","post","type-post","status-publish","format-standard","has-post-thumbnail","hentry","category-cine","category-musica","tag-agustin-argento","tag-documentales","tag-facundo-caramelo","tag-juan-manuel-muniz-oribe","tag-miguel-abuelo"],"_links":{"self":[{"href":"http:\/\/cronicasyversiones.com\/index.php?rest_route=\/wp\/v2\/posts\/16082","targetHints":{"allow":["GET"]}}],"collection":[{"href":"http:\/\/cronicasyversiones.com\/index.php?rest_route=\/wp\/v2\/posts"}],"about":[{"href":"http:\/\/cronicasyversiones.com\/index.php?rest_route=\/wp\/v2\/types\/post"}],"author":[{"embeddable":true,"href":"http:\/\/cronicasyversiones.com\/index.php?rest_route=\/wp\/v2\/users\/5"}],"replies":[{"embeddable":true,"href":"http:\/\/cronicasyversiones.com\/index.php?rest_route=%2Fwp%2Fv2%2Fcomments&post=16082"}],"version-history":[{"count":0,"href":"http:\/\/cronicasyversiones.com\/index.php?rest_route=\/wp\/v2\/posts\/16082\/revisions"}],"wp:featuredmedia":[{"embeddable":true,"href":"http:\/\/cronicasyversiones.com\/index.php?rest_route=\/wp\/v2\/media\/16117"}],"wp:attachment":[{"href":"http:\/\/cronicasyversiones.com\/index.php?rest_route=%2Fwp%2Fv2%2Fmedia&parent=16082"}],"wp:term":[{"taxonomy":"category","embeddable":true,"href":"http:\/\/cronicasyversiones.com\/index.php?rest_route=%2Fwp%2Fv2%2Fcategories&post=16082"},{"taxonomy":"post_tag","embeddable":true,"href":"http:\/\/cronicasyversiones.com\/index.php?rest_route=%2Fwp%2Fv2%2Ftags&post=16082"}],"curies":[{"name":"wp","href":"https:\/\/api.w.org\/{rel}","templated":true}]}}