{"id":16204,"date":"2017-07-29T09:17:10","date_gmt":"2017-07-29T12:17:10","guid":{"rendered":"http:\/\/cronicasyversiones.com\/?p=16204"},"modified":"2017-07-29T09:17:10","modified_gmt":"2017-07-29T12:17:10","slug":"un-libro-revela-detalles-de-los-ultimos-dias-del-che-guevara","status":"publish","type":"post","link":"http:\/\/cronicasyversiones.com\/?p=16204","title":{"rendered":"Un libro revela detalles de los \u00faltimos d\u00edas del Che Guevara"},"content":{"rendered":"<div style=\"padding-bottom:20px; padding-top:10px;\" class=\"hupso-share-buttons\"><!-- Hupso Share Buttons - https:\/\/www.hupso.com\/share\/ --><a class=\"hupso_counters\" href=\"https:\/\/www.hupso.com\/share\/\"><img decoding=\"async\" src=\"http:\/\/static.hupso.com\/share\/buttons\/lang\/es\/share-small.png\" style=\"border:0px; padding-top:2px; float:left;\" alt=\"Share Button\"\/><\/a><script type=\"text\/javascript\">var hupso_services_c=new Array(\"twitter\",\"facebook_like\",\"google\");var hupso_counters_lang = \"es_LA\";var hupso_image_folder_url = \"\";var hupso_twitter_via=\"crsyvrs\";var hupso_url_c=\"\";<\/script><script type=\"text\/javascript\" src=\"http:\/\/static.hupso.com\/share\/js\/counters.js\"><\/script><!-- Hupso Share Buttons --><\/div><h2>\u201cLa guerrilla que contamos\u201d, de Jos\u00e9 Luis Alc\u00e1zar, Juan Carlos Salazar y Humberto Vacaflor, narra hechos poco conocidos de lo ocurrido en Bolivia en octubre de 1967.<\/h2>\n<p><img loading=\"lazy\" decoding=\"async\" class=\"wp-image-16205 aligncenter\" src=\"http:\/\/cronicasyversiones.com\/wp-content\/uploads\/2017\/07\/che-datos-2-1024x689.jpg\" alt=\"\" width=\"755\" height=\"508\" srcset=\"http:\/\/cronicasyversiones.com\/wp-content\/uploads\/2017\/07\/che-datos-2-1024x689.jpg 1024w, http:\/\/cronicasyversiones.com\/wp-content\/uploads\/2017\/07\/che-datos-2-300x202.jpg 300w, http:\/\/cronicasyversiones.com\/wp-content\/uploads\/2017\/07\/che-datos-2-768x516.jpg 768w, http:\/\/cronicasyversiones.com\/wp-content\/uploads\/2017\/07\/che-datos-2.jpg 1600w\" sizes=\"auto, (max-width: 755px) 100vw, 755px\" \/><\/p>\n<p>En las v\u00edsperas de cumplirse 50 a\u00f1os de la muerte del <strong>Che Guevara<\/strong>, el pr\u00f3ximo 9 de octubre, tres periodistas bolivianos editaron <em><strong>\u201cLa guerrilla que contamos: Historia \u00edntima de una cobertura emblem\u00e1tica\u201d,<\/strong><\/em> un libro que acopia sus experiencias durante la etapa guerrillera del l\u00edder revolucionario en Bolivia en 1967, que ofrece nuevos datos sobre su muerte.<\/p>\n<p>En el libro, que ya fue presentado en La Paz, <strong>Jos\u00e9 Luis Alc\u00e1zar, Juan Carlos Salazar y Humberto Vacaflor<\/strong> narran detalles no del todo conocidos de los hechos acontecidos en Bolivia, junto con sus experiencias y an\u00e9cdotas period\u00edsticas cuando eran unos j\u00f3venes corresponsales de guerra.<\/p>\n<p>Los autores, que rondaban los 20 a\u00f1os en 1967, tambi\u00e9n se refieren al rol de agentes cubanos de la CIA y una foto al franc\u00e9s <strong>Regis Debray,<\/strong> que salv\u00f3 la vida de uno de ellos con una de sus fotograf\u00edas.<\/p>\n<p>Debray, ex consejero del presidente franc\u00e9s <strong>Fran\u00e7ois Mitterrand<\/strong> y autor de varios textos de filosof\u00eda, fue detenido el 20 de abril de 1967 en el poblado de Muyupampa, despu\u00e9s reunirse con el Che.<\/p>\n<p>Bajo el seud\u00f3nimo de \u201cDanton\u201d, Debray fue capturado junto al argentino <strong>Ciro Bustos,<\/strong> quien traz\u00f3 precisos dibujos de los guerrilleros, y al periodista chileno-ingl\u00e9s <strong>George Andrew Roth.<\/strong><\/p>\n<p>Por su parte, Vacaflor, que por aquellos d\u00eda era periodista del diario cat\u00f3lico Presencia, recuerda que en Muyupampa estaba su colega fot\u00f3grafo <strong>Hugo Delgadillo,<\/strong> que tom\u00f3 casualmente una foto de Debray.<\/p>\n<p>Delgadillo envi\u00f3 el rollo de fotos a La Paz. Demor\u00f3 m\u00e1s de una semana en llegar y durante ese tiempo, el gobierno del entonces presidente militar Ren\u00e9 Barrientos anunci\u00f3 la muerte de <em><strong>\u201ctres extranjeros en combate\u201d.<\/strong><\/em><\/p>\n<p>De todos modos, la posterior difusi\u00f3n p\u00fablica de las fotos de Debray en el diario Presencia derrumbaron esa versi\u00f3n generando una gran campa\u00f1a por su liberaci\u00f3n, en la que participaron el presidente franc\u00e9s <strong>Charles de Gaulle, el papa Pablo VI, el fil\u00f3sofo Jean-Paul Sartre y el novelista Andr\u00e9 Malraux.<\/strong><\/p>\n<p><em><strong>LEA TAMBI\u00c9N:\u00a0<\/strong><\/em><\/p>\n<div class=\"video-container\">\n<blockquote class=\"wp-embedded-content\" data-secret=\"0igaV3crjd\"><p><a href=\"http:\/\/cronicasyversiones.com\/?p=15672\">Un libro muestra pasajes poco conocidos del Che Guevara<\/a><\/p><\/blockquote>\n<p><iframe loading=\"lazy\" class=\"wp-embedded-content\" sandbox=\"allow-scripts\" security=\"restricted\" style=\"position: absolute; clip: rect(1px, 1px, 1px, 1px);\" title=\"\u00abUn libro muestra pasajes poco conocidos del Che Guevara\u00bb \u2014    \" src=\"http:\/\/cronicasyversiones.com\/?p=15672&#038;embed=true#?secret=y7FTkfFm2p#?secret=0igaV3crjd\" data-secret=\"0igaV3crjd\" width=\"600\" height=\"338\" frameborder=\"0\" marginwidth=\"0\" marginheight=\"0\" scrolling=\"no\"><\/iframe><\/div>\n<p><strong>El Che fue capturado herido el 8 de octubre de 1967 y fusilado un d\u00eda despu\u00e9s en La Higuera.<\/strong> Sus restos, enterrados de manera secreta, fueron hallados en 1997 en Vallegrande, un poblado cercano, junto a seis de sus compa\u00f1eros de lucha.<\/p>\n<p>Debray fue detenido cuando ten\u00eda 26 a\u00f1os y condenado a 30 a\u00f1os de c\u00e1rcel por una corte militar boliviana, aunque recibi\u00f3 una amnist\u00eda en 1970.<\/p>\n<p><strong>La muerte el Che fue anunciada por c\u00f3digo morse,<\/strong> una de las pocas v\u00edas de comunicaci\u00f3n, en lo que fue una primicia mundial, por el periodista Alc\u00e1zar, otro de los autores del libro que por aquel entonces era periodista de la radio cat\u00f3lica Fides y redactor de Presencia.<\/p>\n<p>El cuerpo del Che fue trasladado en helic\u00f3ptero a Vallegrande, donde estaban Alc\u00e1zar y el cubano Gustavo Villoldo, entonces agente de la CIA, <strong>bajo el nombre de \u2019capit\u00e1n Eduardo Gonz\u00e1lez\u2019<\/strong>, seg\u00fan la obra escrita.<\/p>\n<p>Alc\u00e1zar relata que juntos se abalanzaron hacia el cad\u00e1ver del guerrillero, cubierto en una camilla atada al costado de la nave, donde fue testigo de dos hechos llamativos.<\/p>\n<p><em><strong>\u201cMientras Villoldo\/Gonz\u00e1lez levantaban la cobija para ver el rostro y jalarle la barba y decirle \u2018por fin has ca\u00eddo!\u2019\u201d,<\/strong> <\/em>el periodista toc\u00f3 la mano del Che. \u201cSent\u00ed un escalofr\u00edo, un estremecimiento (pues) estaba caliente\u201d.<\/p>\n<p>El mismo Alc\u00e1zar da cuenta en el libro, que por investigaciones posteriores, se supo que la muerte del Che fue resuelta por el general Barrientos y los comandantes de las FFAA, Alfredo Ovando, y del Estado Mayor, Juan Jos\u00e9 Torres. Esta informaci\u00f3n deja afuera la versi\u00f3n de que Estados Unidos presion\u00f3 para su fusilamiento.<\/p>\n<p>&nbsp;<\/p>\n<p>&nbsp;<\/p>\n<div style=\"padding-bottom:20px; padding-top:10px;\" class=\"hupso-share-buttons\"><!-- Hupso Share Buttons - https:\/\/www.hupso.com\/share\/ --><a class=\"hupso_counters\" href=\"https:\/\/www.hupso.com\/share\/\"><img decoding=\"async\" src=\"http:\/\/static.hupso.com\/share\/buttons\/lang\/es\/share-small.png\" style=\"border:0px; padding-top:2px; float:left;\" alt=\"Share Button\"\/><\/a><script type=\"text\/javascript\">var hupso_services_c=new Array(\"twitter\",\"facebook_like\",\"google\");var hupso_counters_lang = \"es_LA\";var hupso_image_folder_url = \"\";var hupso_twitter_via=\"crsyvrs\";var hupso_url_c=\"\";<\/script><script type=\"text\/javascript\" src=\"http:\/\/static.hupso.com\/share\/js\/counters.js\"><\/script><!-- Hupso Share Buttons --><\/div> ","protected":false},"excerpt":{"rendered":"<div style=\"padding-bottom:20px; padding-top:10px;\" class=\"hupso-share-buttons\"><!-- Hupso Share Buttons - https:\/\/www.hupso.com\/share\/ --><a class=\"hupso_counters\" href=\"https:\/\/www.hupso.com\/share\/\"><img src=\"http:\/\/static.hupso.com\/share\/buttons\/lang\/es\/share-small.png\" style=\"border:0px; padding-top:2px; float:left;\" alt=\"Share Button\"\/><\/a><script type=\"text\/javascript\">var hupso_services_c=new Array(\"twitter\",\"facebook_like\",\"google\");var hupso_counters_lang = \"es_LA\";var hupso_image_folder_url = \"\";var hupso_twitter_via=\"crsyvrs\";var hupso_url_c=\"\";<\/script><script type=\"text\/javascript\" src=\"http:\/\/static.hupso.com\/share\/js\/counters.js\"><\/script><!-- Hupso Share Buttons --><\/div><p>\u201cLa guerrilla que contamos\u201d, de Jos\u00e9 Luis Alc\u00e1zar, Juan Carlos Salazar y Humberto Vacaflor, narra hechos poco conocidos de lo ocurrido en Bolivia en octubre de 1967. En las v\u00edsperas de cumplirse 50 a\u00f1os de la muerte del Che&#46;&#46;&#46;<\/p>\n<div style=\"padding-bottom:20px; padding-top:10px;\" class=\"hupso-share-buttons\"><!-- Hupso Share Buttons - https:\/\/www.hupso.com\/share\/ --><a class=\"hupso_counters\" href=\"https:\/\/www.hupso.com\/share\/\"><img src=\"http:\/\/static.hupso.com\/share\/buttons\/lang\/es\/share-small.png\" style=\"border:0px; padding-top:2px; float:left;\" alt=\"Share Button\"\/><\/a><script type=\"text\/javascript\">var hupso_services_c=new Array(\"twitter\",\"facebook_like\",\"google\");var hupso_counters_lang = \"es_LA\";var hupso_image_folder_url = \"\";var hupso_twitter_via=\"crsyvrs\";var hupso_url_c=\"\";<\/script><script type=\"text\/javascript\" src=\"http:\/\/static.hupso.com\/share\/js\/counters.js\"><\/script><!-- Hupso Share Buttons --><\/div>","protected":false},"author":5,"featured_media":16205,"comment_status":"open","ping_status":"closed","sticky":false,"template":"","format":"standard","meta":{"footnotes":""},"categories":[9],"tags":[4227,8182],"class_list":["post-16204","post","type-post","status-publish","format-standard","has-post-thumbnail","hentry","category-sociedad","tag-che-guevara","tag-la-guerrilla-que-contamos"],"_links":{"self":[{"href":"http:\/\/cronicasyversiones.com\/index.php?rest_route=\/wp\/v2\/posts\/16204","targetHints":{"allow":["GET"]}}],"collection":[{"href":"http:\/\/cronicasyversiones.com\/index.php?rest_route=\/wp\/v2\/posts"}],"about":[{"href":"http:\/\/cronicasyversiones.com\/index.php?rest_route=\/wp\/v2\/types\/post"}],"author":[{"embeddable":true,"href":"http:\/\/cronicasyversiones.com\/index.php?rest_route=\/wp\/v2\/users\/5"}],"replies":[{"embeddable":true,"href":"http:\/\/cronicasyversiones.com\/index.php?rest_route=%2Fwp%2Fv2%2Fcomments&post=16204"}],"version-history":[{"count":0,"href":"http:\/\/cronicasyversiones.com\/index.php?rest_route=\/wp\/v2\/posts\/16204\/revisions"}],"wp:featuredmedia":[{"embeddable":true,"href":"http:\/\/cronicasyversiones.com\/index.php?rest_route=\/wp\/v2\/media\/16205"}],"wp:attachment":[{"href":"http:\/\/cronicasyversiones.com\/index.php?rest_route=%2Fwp%2Fv2%2Fmedia&parent=16204"}],"wp:term":[{"taxonomy":"category","embeddable":true,"href":"http:\/\/cronicasyversiones.com\/index.php?rest_route=%2Fwp%2Fv2%2Fcategories&post=16204"},{"taxonomy":"post_tag","embeddable":true,"href":"http:\/\/cronicasyversiones.com\/index.php?rest_route=%2Fwp%2Fv2%2Ftags&post=16204"}],"curies":[{"name":"wp","href":"https:\/\/api.w.org\/{rel}","templated":true}]}}