{"id":16321,"date":"2017-08-09T07:52:42","date_gmt":"2017-08-09T10:52:42","guid":{"rendered":"http:\/\/cronicasyversiones.com\/?p=16321"},"modified":"2017-08-09T07:59:36","modified_gmt":"2017-08-09T10:59:36","slug":"maria-elia-recorre-la-musica-popular-argentina-en-el-ciclo-musica-mixta","status":"publish","type":"post","link":"http:\/\/cronicasyversiones.com\/?p=16321","title":{"rendered":"Mar\u00eda El\u00eda presenta el Ciclo M\u00fasica Mixta en Buenos Aires, Mar del Plata y C\u00f3rdoba"},"content":{"rendered":"<div style=\"padding-bottom:20px; padding-top:10px;\" class=\"hupso-share-buttons\"><!-- Hupso Share Buttons - https:\/\/www.hupso.com\/share\/ --><a class=\"hupso_counters\" href=\"https:\/\/www.hupso.com\/share\/\"><img decoding=\"async\" src=\"http:\/\/static.hupso.com\/share\/buttons\/lang\/es\/share-small.png\" style=\"border:0px; padding-top:2px; float:left;\" alt=\"Share Button\"\/><\/a><script type=\"text\/javascript\">var hupso_services_c=new Array(\"twitter\",\"facebook_like\",\"google\");var hupso_counters_lang = \"es_LA\";var hupso_image_folder_url = \"\";var hupso_twitter_via=\"crsyvrs\";var hupso_url_c=\"\";<\/script><script type=\"text\/javascript\" src=\"http:\/\/static.hupso.com\/share\/js\/counters.js\"><\/script><!-- Hupso Share Buttons --><\/div><h4>Por Edgardo Solano<\/h4>\n<h2>La notable cantante y pianista, junto a Emmanuel \u00c1lvarez y a m\u00fasicos invitados, comienza una movida de seis presentaciones con un variado repertorio de compositores argentinos.<\/h2>\n<p><img loading=\"lazy\" decoding=\"async\" class=\"alignleft wp-image-16322\" src=\"http:\/\/cronicasyversiones.com\/wp-content\/uploads\/2017\/08\/Fotos-de-Mar\u00eda-El\u00eda-y-Emmanuel-\u00c1lvarez-en-Caf\u00e9-Vinilo-en-2016-1024x705.jpg\" alt=\"\" width=\"801\" height=\"551\" srcset=\"http:\/\/cronicasyversiones.com\/wp-content\/uploads\/2017\/08\/Fotos-de-Mar\u00eda-El\u00eda-y-Emmanuel-\u00c1lvarez-en-Caf\u00e9-Vinilo-en-2016-1024x705.jpg 1024w, http:\/\/cronicasyversiones.com\/wp-content\/uploads\/2017\/08\/Fotos-de-Mar\u00eda-El\u00eda-y-Emmanuel-\u00c1lvarez-en-Caf\u00e9-Vinilo-en-2016-300x206.jpg 300w, http:\/\/cronicasyversiones.com\/wp-content\/uploads\/2017\/08\/Fotos-de-Mar\u00eda-El\u00eda-y-Emmanuel-\u00c1lvarez-en-Caf\u00e9-Vinilo-en-2016-768x529.jpg 768w\" sizes=\"auto, (max-width: 801px) 100vw, 801px\" \/><\/p>\n<p>La pianista y cantante <strong>Mar\u00eda El\u00eda<\/strong> presenta el <strong>Ciclo de M\u00fasica Mixta M\u00fasica popular contempor\u00e1nea argentina<\/strong>, junto con el pianista, arreglista y compositor chaque\u00f1o <strong>Emmanuel \u00c1lvarez<\/strong> y a m\u00fasicos invitados, durante seis actuaciones en escenarios de Buenos Aires, Mar del Plata y C\u00f3rdoba.<\/p>\n<p>La presentaci\u00f3n oficial de esta movida ser\u00e1 el <strong>s\u00e1bado 26 de agosto a las 21,30, en el Espacio Borges 1975,<\/strong> en el barrio de Palermo. En esta oportunidad se sumar\u00e1n como invitados <strong>Victoria Zotalis<\/strong> en composiciones, voz y piano y <strong>Cristian \u00c1lvarez<\/strong> en composiciones y flauta.<\/p>\n<p>\u201c<strong>El ciclo naci\u00f3 como una espacio de intercambio con otros m\u00fasicos poder general el material de mi pr\u00f3ximo disco.<\/strong> Empezaron a surgir otras ideas se est\u00e1n convirtiendo en algo m\u00e1s grande, quiero tomar obras de los m\u00fasicos invitados para arreglarlas juntos\u201d, le comenta <strong>Mar\u00eda El\u00eda<\/strong> a <em>Cr\u00f3nicas y versiones<\/em> sobre este ciclo.<\/p>\n<p>Esta serie de recitales tiene el objetivo de <strong>construir un contexto de exploraci\u00f3n, creaci\u00f3n y difusi\u00f3n de la cultura musical argentina<\/strong>, que atraviesa y une diversas regiones, generando generar a partir de all\u00ed un nuevo repertorio musical para su cuarto disco, la compositora, cantante, pianista y docente.<\/p>\n<p>\u201c<strong>En todos los conciertos la idea es nuclear a m\u00fasicos locales que est\u00e1n componiendo y arreglando m\u00fasica nueva<\/strong> que queda afuera de los encasillamientos, por eso al ciclo lo llamamos como M\u00fasica Mixta M\u00fasica popular contempor\u00e1nea argentina\u201d, explica Mar\u00eda.<\/p>\n<p>Esta definici\u00f3n amplia del estilo que tendr\u00e1 este ciclo responde a no caer en encasillamientos estil\u00edsticos. \u201c<strong>Los r\u00f3tulos son una cuesti\u00f3n de mercado<\/strong> y no art\u00edstica, hay un nuevo lenguaje que emerge que no trova, ni folklore, ni canci\u00f3n de autor, de artistas que no quieren limitar su propia obra\u201d, acota.<\/p>\n<p>La intenci\u00f3n de caer a en \u201cr\u00f3tulos\u201d gener\u00f3 que se contacten a trav\u00e9s de las redes sociales del Ciclo m\u00fasicos de diversos estilos, incluso del mundo del rock, del pop y de la canci\u00f3n.<\/p>\n<p><strong>M\u00fasica Mixta<\/strong> tendr\u00e1 cuatro conciertos porte\u00f1os, uno en Mar del Plata y otro en C\u00f3rdoba. \u201cA partir de lo que surja en los ensayos y los conciertos vamos a ver lo que queda para el disco. En los ensayos surgen un mont\u00f3n de cosas, pero el vivo te termina de completar es cuando te expon\u00e9s a la mirada del otro\u201d, se\u00f1ala.<\/p>\n<p><em><strong>LEA TAMBI\u00c9N:\u00a0<\/strong><\/em><\/p>\n<div class=\"video-container\">\n<blockquote class=\"wp-embedded-content\" data-secret=\"D63OVBIAZl\"><p><a href=\"http:\/\/cronicasyversiones.com\/?p=16240\">Homenajean a Violeta Parra en el Festival Americanto<\/a><\/p><\/blockquote>\n<p><iframe loading=\"lazy\" class=\"wp-embedded-content\" sandbox=\"allow-scripts\" security=\"restricted\" style=\"position: absolute; clip: rect(1px, 1px, 1px, 1px);\" title=\"\u00abHomenajean a Violeta Parra en el Festival Americanto\u00bb \u2014    \" src=\"http:\/\/cronicasyversiones.com\/?p=16240&#038;embed=true#?secret=WMMFis6EaR#?secret=D63OVBIAZl\" data-secret=\"D63OVBIAZl\" width=\"600\" height=\"338\" frameborder=\"0\" marginwidth=\"0\" marginheight=\"0\" scrolling=\"no\"><\/iframe><\/div>\n<p>El repertorio de los conciertos incluir\u00e1 obras propias de los artistas del ciclo y de autores argentinos como <strong>Carlos Aguirre, Lucas Heredia, Diego Penelas, Mart\u00edn Neri, Sebasti\u00e1n Monk, Homero Manzi, Sebasti\u00e1n Piana y de Gardel y Le Pera<\/strong>, entre otros. Adem\u00e1s, se sumar\u00e1n composiciones de autores latinoamericanos, como del brasile\u00f1o Iv\u00e1n Lins y de la chilena Elizabeth Morris.?<\/p>\n<p>En estos seis encuentros, al margen de los convidados especiales, a Mar\u00eda la va a acompa\u00f1ar Emmanuel \u00c1lvarez, pianista, compositor, arreglista y gestor cultural en Resistencia, Chaco. Este artista se mueve activamente desde hace m\u00e1s de dos d\u00e9cadas \u00a0en diversos proyectos en diferentes escenarios del mundo.<\/p>\n<p>Mientras que Mar\u00eda El\u00eda es porte\u00f1a, cantante, pianista, compositora y docente de canto.\u00a0Lleva editados tres discos, dos junto al compositor Diego Penelas, <strong><em>\u201cAtajo\u201d, \u201cCamal\u00e9on de papel\u201d <\/em><\/strong>y<strong><em> \u201cDesde m\u00ed misma\u201d.<\/em><\/strong> En este \u00faltimo trabajo se luci\u00f3 como cantante, pianista solista y arreglista de canciones de tango.<\/p>\n<p>Esta artista fue convocada por los compositores Sebasti\u00e1n Monk, Georgina Hassan, Nora Sarmoria, Luis Pescetti, H\u00e9ctor Denguis, Alejandro Martino, Zulema Alcayaga, Waldo Belloso (h) y Cecilia Zabala, entre otros.<\/p>\n<p>Adem\u00e1s, comparti\u00f3 escenario y grabaciones junto a Liliana Herrero, Juan Quintero, Lucas Heredia, Mario Gusso, C\u00e9sar Angeleri, N\u00e9stor Basurto, Franco Luciani, Xavier D\u00edaz, Finlay MacDonald, Hern\u00e1n Crespo, Juan Pablo Navarro, Alejandro Manzoni, Beto Caletti, Emmanuel \u00c1lvarez y Brian Chambouleyron.<\/p>\n<p>\u201c<strong>Las influencias son todas,<\/strong> la m\u00fasica que uno viene escuchando los \u00faltimos 20 a\u00f1os, como \u00a0toda la m\u00fasica independiente y muchos m\u00fasicos del Litoral\u201d, comenta Mar\u00eda sobre las influencias que marcaron su m\u00fasica.<\/p>\n<p>Entre las influencias de Mar\u00eda hay un listado de destacados nombres propios. \u201c<strong>El Negro Aguirre<\/strong> es muy importante para m\u00ed y para muchos m\u00fasicos, es como una cabeza. Tambi\u00e9n me marcaron <strong>Jorge Fandermole, Juan Fal\u00fa y Luis Alberto Spinetta<\/strong>, que me cuesta encasillarlo como un m\u00fasico de rock. Tambi\u00e9n est\u00e1 muy presenta la m\u00fasica de Brasil, meti todo en una licuadora\u201d, cierra.<\/p>\n<h1>Para agendar<\/h1>\n<p><strong>Viernes 15 de septiembre:<\/strong> Cocina de Culturas (Julio A. Roca 491 &#8211; Ciudad de C\u00f3rdoba).\u00a0Invitado: Lucas Heredia en composiciones, voz y guitarra.<\/p>\n<p><strong>S\u00e1bado 23 de septiembre:<\/strong> Espacio Borges 1975 (Jorge L. Borges 1975- Palermo).\u00a0Invitados: Pablo Tozzi en composiciones, contrabajo y voz, Leandro Savel\u00f3n en \u00a0composiciones, bater\u00eda y percusi\u00f3n.<\/p>\n<p><strong>S\u00e1bado 14 de octubre:<\/strong> Espacio Borges 1975 (Jorge L. Borges 1975- Palermo).\u00a0Invitado: Sebasti\u00e1n Esp\u00f3sito en composiciones y guitarra.<\/p>\n<p><strong>Domingo 15 de octubre:<\/strong> Blofh Latinoam\u00e9rica (Falucho 2406 &#8211; Mar del Plata).\u00a0Invitado: Sebasti\u00e1n Echarry en composiciones, guitarra y voz.<\/p>\n<p><strong>S\u00e1bado 11 de noviembre:<\/strong> Espacio Borges 1975 (Jorge L. Borges 1975- Palermo).\u00a0Invitada: Victoria Zotalis en composiciones, voz y piano.<\/p>\n<p><strong>Mar\u00eda El\u00eda, en vivo:\u00a0<\/strong><\/p>\n<p><iframe loading=\"lazy\" src=\"https:\/\/www.youtube.com\/embed\/ftHRr3W1SbU\" width=\"600\" height=\"350\" frameborder=\"0\" allowfullscreen=\"allowfullscreen\"><\/iframe><\/p>\n<div style=\"padding-bottom:20px; padding-top:10px;\" class=\"hupso-share-buttons\"><!-- Hupso Share Buttons - https:\/\/www.hupso.com\/share\/ --><a class=\"hupso_counters\" href=\"https:\/\/www.hupso.com\/share\/\"><img decoding=\"async\" src=\"http:\/\/static.hupso.com\/share\/buttons\/lang\/es\/share-small.png\" style=\"border:0px; padding-top:2px; float:left;\" alt=\"Share Button\"\/><\/a><script type=\"text\/javascript\">var hupso_services_c=new Array(\"twitter\",\"facebook_like\",\"google\");var hupso_counters_lang = \"es_LA\";var hupso_image_folder_url = \"\";var hupso_twitter_via=\"crsyvrs\";var hupso_url_c=\"\";<\/script><script type=\"text\/javascript\" src=\"http:\/\/static.hupso.com\/share\/js\/counters.js\"><\/script><!-- Hupso Share Buttons --><\/div> ","protected":false},"excerpt":{"rendered":"<div style=\"padding-bottom:20px; padding-top:10px;\" class=\"hupso-share-buttons\"><!-- Hupso Share Buttons - https:\/\/www.hupso.com\/share\/ --><a class=\"hupso_counters\" href=\"https:\/\/www.hupso.com\/share\/\"><img src=\"http:\/\/static.hupso.com\/share\/buttons\/lang\/es\/share-small.png\" style=\"border:0px; padding-top:2px; float:left;\" alt=\"Share Button\"\/><\/a><script type=\"text\/javascript\">var hupso_services_c=new Array(\"twitter\",\"facebook_like\",\"google\");var hupso_counters_lang = \"es_LA\";var hupso_image_folder_url = \"\";var hupso_twitter_via=\"crsyvrs\";var hupso_url_c=\"\";<\/script><script type=\"text\/javascript\" src=\"http:\/\/static.hupso.com\/share\/js\/counters.js\"><\/script><!-- Hupso Share Buttons --><\/div><p>Por Edgardo Solano La notable cantante y pianista, junto a Emmanuel \u00c1lvarez y a m\u00fasicos invitados, comienza una movida de seis presentaciones con un variado repertorio de compositores argentinos. La pianista y cantante Mar\u00eda El\u00eda presenta el Ciclo de&#46;&#46;&#46;<\/p>\n<div style=\"padding-bottom:20px; padding-top:10px;\" class=\"hupso-share-buttons\"><!-- Hupso Share Buttons - https:\/\/www.hupso.com\/share\/ --><a class=\"hupso_counters\" href=\"https:\/\/www.hupso.com\/share\/\"><img src=\"http:\/\/static.hupso.com\/share\/buttons\/lang\/es\/share-small.png\" style=\"border:0px; padding-top:2px; float:left;\" alt=\"Share Button\"\/><\/a><script type=\"text\/javascript\">var hupso_services_c=new Array(\"twitter\",\"facebook_like\",\"google\");var hupso_counters_lang = \"es_LA\";var hupso_image_folder_url = \"\";var hupso_twitter_via=\"crsyvrs\";var hupso_url_c=\"\";<\/script><script type=\"text\/javascript\" src=\"http:\/\/static.hupso.com\/share\/js\/counters.js\"><\/script><!-- Hupso Share Buttons --><\/div>","protected":false},"author":5,"featured_media":16322,"comment_status":"open","ping_status":"closed","sticky":false,"template":"","format":"standard","meta":{"footnotes":""},"categories":[3],"tags":[1136,8206],"class_list":["post-16321","post","type-post","status-publish","format-standard","has-post-thumbnail","hentry","category-musica","tag-folklore","tag-maria-elia"],"_links":{"self":[{"href":"http:\/\/cronicasyversiones.com\/index.php?rest_route=\/wp\/v2\/posts\/16321","targetHints":{"allow":["GET"]}}],"collection":[{"href":"http:\/\/cronicasyversiones.com\/index.php?rest_route=\/wp\/v2\/posts"}],"about":[{"href":"http:\/\/cronicasyversiones.com\/index.php?rest_route=\/wp\/v2\/types\/post"}],"author":[{"embeddable":true,"href":"http:\/\/cronicasyversiones.com\/index.php?rest_route=\/wp\/v2\/users\/5"}],"replies":[{"embeddable":true,"href":"http:\/\/cronicasyversiones.com\/index.php?rest_route=%2Fwp%2Fv2%2Fcomments&post=16321"}],"version-history":[{"count":0,"href":"http:\/\/cronicasyversiones.com\/index.php?rest_route=\/wp\/v2\/posts\/16321\/revisions"}],"wp:featuredmedia":[{"embeddable":true,"href":"http:\/\/cronicasyversiones.com\/index.php?rest_route=\/wp\/v2\/media\/16322"}],"wp:attachment":[{"href":"http:\/\/cronicasyversiones.com\/index.php?rest_route=%2Fwp%2Fv2%2Fmedia&parent=16321"}],"wp:term":[{"taxonomy":"category","embeddable":true,"href":"http:\/\/cronicasyversiones.com\/index.php?rest_route=%2Fwp%2Fv2%2Fcategories&post=16321"},{"taxonomy":"post_tag","embeddable":true,"href":"http:\/\/cronicasyversiones.com\/index.php?rest_route=%2Fwp%2Fv2%2Ftags&post=16321"}],"curies":[{"name":"wp","href":"https:\/\/api.w.org\/{rel}","templated":true}]}}