{"id":16327,"date":"2017-08-09T13:55:56","date_gmt":"2017-08-09T16:55:56","guid":{"rendered":"http:\/\/cronicasyversiones.com\/?p=16327"},"modified":"2017-08-09T13:55:56","modified_gmt":"2017-08-09T16:55:56","slug":"selena-gomez-protagonizara-el-nuevo-film-de-woody-allen","status":"publish","type":"post","link":"http:\/\/cronicasyversiones.com\/?p=16327","title":{"rendered":"Selena G\u00f3mez protagonizar\u00e1 el nuevo film de Woody Allen"},"content":{"rendered":"<div style=\"padding-bottom:20px; padding-top:10px;\" class=\"hupso-share-buttons\"><!-- Hupso Share Buttons - https:\/\/www.hupso.com\/share\/ --><a class=\"hupso_counters\" href=\"https:\/\/www.hupso.com\/share\/\"><img decoding=\"async\" src=\"http:\/\/static.hupso.com\/share\/buttons\/lang\/es\/share-small.png\" style=\"border:0px; padding-top:2px; float:left;\" alt=\"Share Button\"\/><\/a><script type=\"text\/javascript\">var hupso_services_c=new Array(\"twitter\",\"facebook_like\",\"google\");var hupso_counters_lang = \"es_LA\";var hupso_image_folder_url = \"\";var hupso_twitter_via=\"crsyvrs\";var hupso_url_c=\"\";<\/script><script type=\"text\/javascript\" src=\"http:\/\/static.hupso.com\/share\/js\/counters.js\"><\/script><!-- Hupso Share Buttons --><\/div><h2>Junto con Elle Fanning y Timoth\u00e9e Chalamet, la cantante pop ser\u00e1 una de las protagonistas nueva pel\u00edcula del veterano realizador.<\/h2>\n<p><img loading=\"lazy\" decoding=\"async\" class=\"wp-image-16328 aligncenter\" src=\"http:\/\/cronicasyversiones.com\/wp-content\/uploads\/2017\/08\/Uh.jpg\" alt=\"\" width=\"749\" height=\"426\" srcset=\"http:\/\/cronicasyversiones.com\/wp-content\/uploads\/2017\/08\/Uh.jpg 900w, http:\/\/cronicasyversiones.com\/wp-content\/uploads\/2017\/08\/Uh-300x171.jpg 300w, http:\/\/cronicasyversiones.com\/wp-content\/uploads\/2017\/08\/Uh-768x437.jpg 768w\" sizes=\"auto, (max-width: 749px) 100vw, 749px\" \/><\/p>\n<p>La cantante pop <strong>Selena G\u00f3mez<\/strong> ser\u00e1 una de las protagonistas de la nueva pel\u00edcula de <strong>Woody Allen<\/strong>, compartiendo los roles protag\u00f3nicos con <strong>Elle Fanning y Timoth\u00e9e Chalamet<\/strong>, en lo que ser\u00e1 la tercera producci\u00f3n del veterano realizador neoyorquino para Amazon.<\/p>\n<p>De todos modos, a\u00fan no se revel\u00f3 el t\u00edtulo ni la tem\u00e1tica del film que suceder\u00e1 <em>a<\/em><strong><em> \u201cWonder Wheel\u201d,<\/em><\/strong> el largometraje protagonizado por <strong>Kate Winslet y Justin Timberlake.<\/strong><\/p>\n<p>Selena G\u00f3mez comenz\u00f3 su carrera art\u00edstica en Disney pero con su participaci\u00f3n en la pel\u00edcula <strong><em>\u201cSpring Breakers\u201d,<\/em><\/strong> de 2012, dirigida por Harmony Korine, cambi\u00f3 su estilo al abandonar su imagen infantil.<\/p>\n<p>Mientras que Woody Allen continuar\u00e1 con este proyecto su lazo con Amazon, el cual se inici\u00f3 en 2016 con <strong><em>\u201cCafe Society\u201d <\/em><\/strong>y con la serie televisiva <strong><em>\u201cCrisis in six scenes\u201d.<\/em><\/strong><\/p>\n<p><em><strong>LEA TAMBI\u00c9N:\u00a0<\/strong><\/em><\/p>\n<div class=\"video-container\">\n<blockquote class=\"wp-embedded-content\" data-secret=\"mEPq8tD7dn\"><p><a href=\"http:\/\/cronicasyversiones.com\/?p=15988\">De Niro, Al Pacino, Keitel y Joe Pesci, bajo la lente de Scorsese<\/a><\/p><\/blockquote>\n<p><iframe loading=\"lazy\" class=\"wp-embedded-content\" sandbox=\"allow-scripts\" security=\"restricted\" style=\"position: absolute; clip: rect(1px, 1px, 1px, 1px);\" title=\"\u00abDe Niro, Al Pacino, Keitel y Joe Pesci, bajo la lente de Scorsese\u00bb \u2014    \" src=\"http:\/\/cronicasyversiones.com\/?p=15988&#038;embed=true#?secret=J5V2EJr0P8#?secret=mEPq8tD7dn\" data-secret=\"mEPq8tD7dn\" width=\"600\" height=\"338\" frameborder=\"0\" marginwidth=\"0\" marginheight=\"0\" scrolling=\"no\"><\/iframe><\/div>\n<p><strong>Woody Allen<\/strong> es uno de los directores m\u00e1s respetados, influyentes y prol\u00edficos del Siglo XX y tambi\u00e9n de la nueva centuria con una filmograf\u00eda que arranc\u00f3 en 1969 un total y que ya acumula media centuria de films, sin marcados baches creativos en su frondosa producci\u00f3n.<\/p>\n<p>Sus grandes influencias cinematogr\u00e1ficas est\u00e1n en directores europeos como <strong>Ingmar Bergman, Federico Fellini, <\/strong>y tambi\u00e9n comediantes como <strong>Groucho Marx y Bob Hope.<\/strong><\/p>\n<p>Su cine fue m\u00e1s reconocido en Europa que en su propio pa\u00eds y tambi\u00e9n utiliz\u00f3 al Viejo Continente como escenario de muchos de sus films. Este amante de jazz tambi\u00e9n fue parte de algunos esc\u00e1ndalos medi\u00e1ticos, que no perturbaron su labor creativa.<\/p>\n<div style=\"padding-bottom:20px; padding-top:10px;\" class=\"hupso-share-buttons\"><!-- Hupso Share Buttons - https:\/\/www.hupso.com\/share\/ --><a class=\"hupso_counters\" href=\"https:\/\/www.hupso.com\/share\/\"><img decoding=\"async\" src=\"http:\/\/static.hupso.com\/share\/buttons\/lang\/es\/share-small.png\" style=\"border:0px; padding-top:2px; float:left;\" alt=\"Share Button\"\/><\/a><script type=\"text\/javascript\">var hupso_services_c=new Array(\"twitter\",\"facebook_like\",\"google\");var hupso_counters_lang = \"es_LA\";var hupso_image_folder_url = \"\";var hupso_twitter_via=\"crsyvrs\";var hupso_url_c=\"\";<\/script><script type=\"text\/javascript\" src=\"http:\/\/static.hupso.com\/share\/js\/counters.js\"><\/script><!-- Hupso Share Buttons --><\/div> ","protected":false},"excerpt":{"rendered":"<div style=\"padding-bottom:20px; padding-top:10px;\" class=\"hupso-share-buttons\"><!-- Hupso Share Buttons - https:\/\/www.hupso.com\/share\/ --><a class=\"hupso_counters\" href=\"https:\/\/www.hupso.com\/share\/\"><img src=\"http:\/\/static.hupso.com\/share\/buttons\/lang\/es\/share-small.png\" style=\"border:0px; padding-top:2px; float:left;\" alt=\"Share Button\"\/><\/a><script type=\"text\/javascript\">var hupso_services_c=new Array(\"twitter\",\"facebook_like\",\"google\");var hupso_counters_lang = \"es_LA\";var hupso_image_folder_url = \"\";var hupso_twitter_via=\"crsyvrs\";var hupso_url_c=\"\";<\/script><script type=\"text\/javascript\" src=\"http:\/\/static.hupso.com\/share\/js\/counters.js\"><\/script><!-- Hupso Share Buttons --><\/div><p>Junto con Elle Fanning y Timoth\u00e9e Chalamet, la cantante pop ser\u00e1 una de las protagonistas nueva pel\u00edcula del veterano realizador. La cantante pop Selena G\u00f3mez ser\u00e1 una de las protagonistas de la nueva pel\u00edcula de Woody Allen, compartiendo los&#46;&#46;&#46;<\/p>\n<div style=\"padding-bottom:20px; padding-top:10px;\" class=\"hupso-share-buttons\"><!-- Hupso Share Buttons - https:\/\/www.hupso.com\/share\/ --><a class=\"hupso_counters\" href=\"https:\/\/www.hupso.com\/share\/\"><img src=\"http:\/\/static.hupso.com\/share\/buttons\/lang\/es\/share-small.png\" style=\"border:0px; padding-top:2px; float:left;\" alt=\"Share Button\"\/><\/a><script type=\"text\/javascript\">var hupso_services_c=new Array(\"twitter\",\"facebook_like\",\"google\");var hupso_counters_lang = \"es_LA\";var hupso_image_folder_url = \"\";var hupso_twitter_via=\"crsyvrs\";var hupso_url_c=\"\";<\/script><script type=\"text\/javascript\" src=\"http:\/\/static.hupso.com\/share\/js\/counters.js\"><\/script><!-- Hupso Share Buttons --><\/div>","protected":false},"author":5,"featured_media":16328,"comment_status":"open","ping_status":"closed","sticky":false,"template":"","format":"standard","meta":{"footnotes":""},"categories":[4],"tags":[8207,57],"class_list":["post-16327","post","type-post","status-publish","format-standard","has-post-thumbnail","hentry","category-cine","tag-selena-gomez","tag-woody-allen"],"_links":{"self":[{"href":"http:\/\/cronicasyversiones.com\/index.php?rest_route=\/wp\/v2\/posts\/16327","targetHints":{"allow":["GET"]}}],"collection":[{"href":"http:\/\/cronicasyversiones.com\/index.php?rest_route=\/wp\/v2\/posts"}],"about":[{"href":"http:\/\/cronicasyversiones.com\/index.php?rest_route=\/wp\/v2\/types\/post"}],"author":[{"embeddable":true,"href":"http:\/\/cronicasyversiones.com\/index.php?rest_route=\/wp\/v2\/users\/5"}],"replies":[{"embeddable":true,"href":"http:\/\/cronicasyversiones.com\/index.php?rest_route=%2Fwp%2Fv2%2Fcomments&post=16327"}],"version-history":[{"count":0,"href":"http:\/\/cronicasyversiones.com\/index.php?rest_route=\/wp\/v2\/posts\/16327\/revisions"}],"wp:featuredmedia":[{"embeddable":true,"href":"http:\/\/cronicasyversiones.com\/index.php?rest_route=\/wp\/v2\/media\/16328"}],"wp:attachment":[{"href":"http:\/\/cronicasyversiones.com\/index.php?rest_route=%2Fwp%2Fv2%2Fmedia&parent=16327"}],"wp:term":[{"taxonomy":"category","embeddable":true,"href":"http:\/\/cronicasyversiones.com\/index.php?rest_route=%2Fwp%2Fv2%2Fcategories&post=16327"},{"taxonomy":"post_tag","embeddable":true,"href":"http:\/\/cronicasyversiones.com\/index.php?rest_route=%2Fwp%2Fv2%2Ftags&post=16327"}],"curies":[{"name":"wp","href":"https:\/\/api.w.org\/{rel}","templated":true}]}}