{"id":16378,"date":"2017-08-14T14:26:36","date_gmt":"2017-08-14T17:26:36","guid":{"rendered":"http:\/\/cronicasyversiones.com\/?p=16378"},"modified":"2017-08-19T17:41:35","modified_gmt":"2017-08-19T20:41:35","slug":"rodrigo-de-la-serna-y-el-yotivenco-presentan-estilos-criollos","status":"publish","type":"post","link":"http:\/\/cronicasyversiones.com\/?p=16378","title":{"rendered":"Rodrigo de la Serna y El Yotivenco presentan \u00abEstilos criollos\u00bb"},"content":{"rendered":"<div style=\"padding-bottom:20px; padding-top:10px;\" class=\"hupso-share-buttons\"><!-- Hupso Share Buttons - https:\/\/www.hupso.com\/share\/ --><a class=\"hupso_counters\" href=\"https:\/\/www.hupso.com\/share\/\"><img decoding=\"async\" src=\"http:\/\/static.hupso.com\/share\/buttons\/lang\/es\/share-small.png\" style=\"border:0px; padding-top:2px; float:left;\" alt=\"Share Button\"\/><\/a><script type=\"text\/javascript\">var hupso_services_c=new Array(\"twitter\",\"facebook_like\",\"google\");var hupso_counters_lang = \"es_LA\";var hupso_image_folder_url = \"\";var hupso_twitter_via=\"crsyvrs\";var hupso_url_c=\"\";<\/script><script type=\"text\/javascript\" src=\"http:\/\/static.hupso.com\/share\/js\/counters.js\"><\/script><!-- Hupso Share Buttons --><\/div><h2>La banda del reconocido actor arranca una gira con su nuevo espect\u00e1culo, donde recorren los distintos g\u00e9neros m\u00fasica criolla y argentina.<\/h2>\n<p><img loading=\"lazy\" decoding=\"async\" class=\"wp-image-16379 aligncenter\" src=\"http:\/\/cronicasyversiones.com\/wp-content\/uploads\/2017\/08\/yoti.jpg\" alt=\"\" width=\"752\" height=\"501\" srcset=\"http:\/\/cronicasyversiones.com\/wp-content\/uploads\/2017\/08\/yoti.jpg 960w, http:\/\/cronicasyversiones.com\/wp-content\/uploads\/2017\/08\/yoti-300x200.jpg 300w, http:\/\/cronicasyversiones.com\/wp-content\/uploads\/2017\/08\/yoti-768x511.jpg 768w, http:\/\/cronicasyversiones.com\/wp-content\/uploads\/2017\/08\/yoti-480x320.jpg 480w\" sizes=\"auto, (max-width: 752px) 100vw, 752px\" \/><\/p>\n<p><strong>Rodrigo de la Serna<\/strong> se presenta junto a su banda, <strong>El Yotivenco<\/strong>, en un espect\u00e1culo donde recorren los distintos g\u00e9neros y estilos de la m\u00fasica criolla y argentina, al ritmo de un cuarteto de guitarras \u201cbien pulentas\u201d.<\/p>\n<p>Con su nuevo espect\u00e1culo, <em><strong>\u201cEstilos criollos\u201d<\/strong><\/em>, a formaci\u00f3n actuar\u00e1 el viernes 18 a las 21.30 en la <strong>Plataforma Lavard\u00e9n de Rosario<\/strong> (Mendoza 1085); el lunes 21 a las 21 en el <strong>Teatro Astral<\/strong> (Avenida Corrientes 1639) de la Ciudad de Buenos Aires; y s\u00e1bado 26 a las 21 en <strong>Quality Espacio de la ciudad de C\u00f3rdoba<\/strong> (Avenida Cruz Roja Argentina 200).<\/p>\n<p><strong>Tangos, milongas, chamarritas, gatos cuyanos, rasguidos dobles y candombe,<\/strong> ser\u00e1n parte del repertorio, junto con una interpretaci\u00f3n \u00fanica y una calidad musical excelente.<\/p>\n<p>Adem\u00e1s, la presentaci\u00f3n en el Astral contar\u00e1 con invitados especiales, adem\u00e1s de la presencia de una orquesta en vivo invitada y una cuerda de tambores acompa\u00f1ando la m\u00fasica del R\u00edo de la Plata.<\/p>\n<p><em><strong>LEA TAMBI\u00c9N: \u00a0<\/strong><\/em><\/p>\n<div class=\"video-container\">\n<blockquote class=\"wp-embedded-content\" data-secret=\"4ukpmKJmy4\"><p><a href=\"https:\/\/cronicasyversiones.com\/?p=16321\">Mar\u00eda El\u00eda presenta el Ciclo M\u00fasica Mixta en Buenos Aires, Mar del Plata y C\u00f3rdoba<\/a><\/p><\/blockquote>\n<p><iframe loading=\"lazy\" class=\"wp-embedded-content\" sandbox=\"allow-scripts\" security=\"restricted\" style=\"position: absolute; clip: rect(1px, 1px, 1px, 1px);\" title=\"\u00abMar\u00eda El\u00eda presenta el Ciclo M\u00fasica Mixta en Buenos Aires, Mar del Plata y C\u00f3rdoba\u00bb \u2014    \" src=\"https:\/\/cronicasyversiones.com\/?p=16321&#038;embed=true#?secret=lBXEPKVq8O#?secret=4ukpmKJmy4\" data-secret=\"4ukpmKJmy4\" width=\"600\" height=\"338\" frameborder=\"0\" marginwidth=\"0\" marginheight=\"0\" scrolling=\"no\"><\/iframe><\/div>\n<p><strong>El Yotivenco se form\u00f3 en 2005.<\/strong> Cuenta con un disco de estudio, varias giras nacionales e internacionales y haber sido parte de importantes festivales.<\/p>\n<p>Rodrigo de la Serna, adem\u00e1s notable actor, es la voz del grupo. Lo acompa\u00f1an<strong> Juan Pablo D\u00edaz Hermelo<\/strong> en guitarr\u00f3n, <strong>Blas Alberti<\/strong> en guitarra y <strong>Fabio Bramuglia<\/strong> en guitarra.<\/p>\n<p>La banda se encuentra terminando su segundo disco de estudio, el cual apunta a un estilo totalmente criollo y argentino, con un repertorio de ra\u00edces propiamente argentinas.<\/p>\n<p><em><strong>\u00abMilonga lunfarda\u00bb<\/strong><\/em><\/p>\n<p><iframe loading=\"lazy\" src=\"https:\/\/www.youtube.com\/embed\/ggxRF1ud6ok\" width=\"560\" height=\"315\" frameborder=\"0\" allowfullscreen=\"allowfullscreen\"><\/iframe><\/p>\n<p>&nbsp;<\/p>\n<p>&nbsp;<\/p>\n<div style=\"padding-bottom:20px; padding-top:10px;\" class=\"hupso-share-buttons\"><!-- Hupso Share Buttons - https:\/\/www.hupso.com\/share\/ --><a class=\"hupso_counters\" href=\"https:\/\/www.hupso.com\/share\/\"><img decoding=\"async\" src=\"http:\/\/static.hupso.com\/share\/buttons\/lang\/es\/share-small.png\" style=\"border:0px; padding-top:2px; float:left;\" alt=\"Share Button\"\/><\/a><script type=\"text\/javascript\">var hupso_services_c=new Array(\"twitter\",\"facebook_like\",\"google\");var hupso_counters_lang = \"es_LA\";var hupso_image_folder_url = \"\";var hupso_twitter_via=\"crsyvrs\";var hupso_url_c=\"\";<\/script><script type=\"text\/javascript\" src=\"http:\/\/static.hupso.com\/share\/js\/counters.js\"><\/script><!-- Hupso Share Buttons --><\/div> ","protected":false},"excerpt":{"rendered":"<div style=\"padding-bottom:20px; padding-top:10px;\" class=\"hupso-share-buttons\"><!-- Hupso Share Buttons - https:\/\/www.hupso.com\/share\/ --><a class=\"hupso_counters\" href=\"https:\/\/www.hupso.com\/share\/\"><img src=\"http:\/\/static.hupso.com\/share\/buttons\/lang\/es\/share-small.png\" style=\"border:0px; padding-top:2px; float:left;\" alt=\"Share Button\"\/><\/a><script type=\"text\/javascript\">var hupso_services_c=new Array(\"twitter\",\"facebook_like\",\"google\");var hupso_counters_lang = \"es_LA\";var hupso_image_folder_url = \"\";var hupso_twitter_via=\"crsyvrs\";var hupso_url_c=\"\";<\/script><script type=\"text\/javascript\" src=\"http:\/\/static.hupso.com\/share\/js\/counters.js\"><\/script><!-- Hupso Share Buttons --><\/div><p>La banda del reconocido actor arranca una gira con su nuevo espect\u00e1culo, donde recorren los distintos g\u00e9neros m\u00fasica criolla y argentina. Rodrigo de la Serna se presenta junto a su banda, El Yotivenco, en un espect\u00e1culo donde recorren los&#46;&#46;&#46;<\/p>\n<div style=\"padding-bottom:20px; padding-top:10px;\" class=\"hupso-share-buttons\"><!-- Hupso Share Buttons - https:\/\/www.hupso.com\/share\/ --><a class=\"hupso_counters\" href=\"https:\/\/www.hupso.com\/share\/\"><img src=\"http:\/\/static.hupso.com\/share\/buttons\/lang\/es\/share-small.png\" style=\"border:0px; padding-top:2px; float:left;\" alt=\"Share Button\"\/><\/a><script type=\"text\/javascript\">var hupso_services_c=new Array(\"twitter\",\"facebook_like\",\"google\");var hupso_counters_lang = \"es_LA\";var hupso_image_folder_url = \"\";var hupso_twitter_via=\"crsyvrs\";var hupso_url_c=\"\";<\/script><script type=\"text\/javascript\" src=\"http:\/\/static.hupso.com\/share\/js\/counters.js\"><\/script><!-- Hupso Share Buttons --><\/div>","protected":false},"author":5,"featured_media":16379,"comment_status":"open","ping_status":"closed","sticky":false,"template":"","format":"standard","meta":{"footnotes":""},"categories":[3],"tags":[8219,4018,467],"class_list":["post-16378","post","type-post","status-publish","format-standard","has-post-thumbnail","hentry","category-musica","tag-el-yotivenco","tag-rodrigo-de-la-serna","tag-tango"],"_links":{"self":[{"href":"http:\/\/cronicasyversiones.com\/index.php?rest_route=\/wp\/v2\/posts\/16378","targetHints":{"allow":["GET"]}}],"collection":[{"href":"http:\/\/cronicasyversiones.com\/index.php?rest_route=\/wp\/v2\/posts"}],"about":[{"href":"http:\/\/cronicasyversiones.com\/index.php?rest_route=\/wp\/v2\/types\/post"}],"author":[{"embeddable":true,"href":"http:\/\/cronicasyversiones.com\/index.php?rest_route=\/wp\/v2\/users\/5"}],"replies":[{"embeddable":true,"href":"http:\/\/cronicasyversiones.com\/index.php?rest_route=%2Fwp%2Fv2%2Fcomments&post=16378"}],"version-history":[{"count":0,"href":"http:\/\/cronicasyversiones.com\/index.php?rest_route=\/wp\/v2\/posts\/16378\/revisions"}],"wp:featuredmedia":[{"embeddable":true,"href":"http:\/\/cronicasyversiones.com\/index.php?rest_route=\/wp\/v2\/media\/16379"}],"wp:attachment":[{"href":"http:\/\/cronicasyversiones.com\/index.php?rest_route=%2Fwp%2Fv2%2Fmedia&parent=16378"}],"wp:term":[{"taxonomy":"category","embeddable":true,"href":"http:\/\/cronicasyversiones.com\/index.php?rest_route=%2Fwp%2Fv2%2Fcategories&post=16378"},{"taxonomy":"post_tag","embeddable":true,"href":"http:\/\/cronicasyversiones.com\/index.php?rest_route=%2Fwp%2Fv2%2Ftags&post=16378"}],"curies":[{"name":"wp","href":"https:\/\/api.w.org\/{rel}","templated":true}]}}