{"id":16416,"date":"2017-08-22T07:00:38","date_gmt":"2017-08-22T10:00:38","guid":{"rendered":"http:\/\/cronicasyversiones.com\/?p=16416"},"modified":"2017-08-22T09:37:52","modified_gmt":"2017-08-22T12:37:52","slug":"entrepalabras-dicta-su-primer-taller-de-introduccion-a-la-narracion-oral","status":"publish","type":"post","link":"http:\/\/cronicasyversiones.com\/?p=16416","title":{"rendered":"Entrepalabras dicta su primer taller de introducci\u00f3n a la narraci\u00f3n oral"},"content":{"rendered":"<div style=\"padding-bottom:20px; padding-top:10px;\" class=\"hupso-share-buttons\"><!-- Hupso Share Buttons - https:\/\/www.hupso.com\/share\/ --><a class=\"hupso_counters\" href=\"https:\/\/www.hupso.com\/share\/\"><img decoding=\"async\" src=\"http:\/\/static.hupso.com\/share\/buttons\/lang\/es\/share-small.png\" style=\"border:0px; padding-top:2px; float:left;\" alt=\"Share Button\"\/><\/a><script type=\"text\/javascript\">var hupso_services_c=new Array(\"twitter\",\"facebook_like\",\"google\");var hupso_counters_lang = \"es_LA\";var hupso_image_folder_url = \"\";var hupso_twitter_via=\"crsyvrs\";var hupso_url_c=\"\";<\/script><script type=\"text\/javascript\" src=\"http:\/\/static.hupso.com\/share\/js\/counters.js\"><\/script><!-- Hupso Share Buttons --><\/div><h2>Entre otros contenidos, se ver\u00e1 la adaptaci\u00f3n de cuentos y microcuentos, la voz y el cuerpo como herramientas de la narraci\u00f3n.<\/h2>\n<p><img loading=\"lazy\" decoding=\"async\" class=\"wp-image-16468 aligncenter\" src=\"http:\/\/cronicasyversiones.com\/wp-content\/uploads\/2017\/08\/entre.jpg\" alt=\"\" width=\"764\" height=\"587\" srcset=\"http:\/\/cronicasyversiones.com\/wp-content\/uploads\/2017\/08\/entre.jpg 800w, http:\/\/cronicasyversiones.com\/wp-content\/uploads\/2017\/08\/entre-300x231.jpg 300w, http:\/\/cronicasyversiones.com\/wp-content\/uploads\/2017\/08\/entre-768x590.jpg 768w\" sizes=\"auto, (max-width: 764px) 100vw, 764px\" \/><\/p>\n<p>En su tercer a\u00f1o de vida, el grupo<strong>\u00a0Entrepalabras\u00a0<\/strong>dictar\u00e1 por primera vez un taller de introducci\u00f3n a la narraci\u00f3n oral.<\/p>\n<p>\u00abTodos podemos contar\u00bb es el nombre del taller destinado a adultos (de 18 a\u00f1os en adelante) sin experiencia en la tem\u00e1tica.\u00a0<strong>\u00abLa narraci\u00f3n oral es un arte tan antiguo como la humanidad, un arte que sigue vivo\u00bb<\/strong>, aseguran desde Entrepalabras.<\/p>\n<blockquote><p>Detallan que \u00abeste espacio nos abre a la comunicaci\u00f3n, al est\u00edmulo de la creatividad y a la expresi\u00f3n, facilita la concentraci\u00f3n, el orden, la secuencia y el desarrollo del pensamiento simb\u00f3lico y de la expresi\u00f3n verbal; predispone el acercamiento a la lengua y a la literatura; hace deseable los objetos de la cultura\u00bb.<\/p><\/blockquote>\n<p>Constar\u00e1 de cuatro encuentros, donde se tratar\u00e1n las herramientas b\u00e1sicas de la\u00a0<strong>narraci\u00f3n oral<\/strong>. Entre los contenidos, se ver\u00e1: <strong>adaptaci\u00f3n de cuentos y microcuentos,<\/strong> la voz y el cuerpo como herramientas de la narraci\u00f3n y los espacios parciales y totales.<\/p>\n<p>El taller se dictar\u00e1 los\u00a0<strong>martes de 18 a 20<\/strong>, en el centro cultural El Nido (Manuel Castro 478, Lomas de Zamora). Comienza el\u00a0<strong>12 de septiembre<\/strong>.<\/p>\n<p>Para m\u00e1s informaci\u00f3n sobre costos e inscripci\u00f3n, los interesados pueden enviar un mail a \u00a0<a href=\"mailto:hola@elnidoarte.com.ar\">hola@elnidoarte.com.ar<\/a><\/p>\n<p><strong>Sobre Entrepalabras<\/strong><\/p>\n<p><img loading=\"lazy\" decoding=\"async\" class=\"wp-image-16417 aligncenter\" src=\"http:\/\/cronicasyversiones.com\/wp-content\/uploads\/2017\/08\/thumbnail_collage-1024x339.jpg\" alt=\"\" width=\"723\" height=\"239\" srcset=\"http:\/\/cronicasyversiones.com\/wp-content\/uploads\/2017\/08\/thumbnail_collage-1024x339.jpg 1024w, http:\/\/cronicasyversiones.com\/wp-content\/uploads\/2017\/08\/thumbnail_collage-300x99.jpg 300w, http:\/\/cronicasyversiones.com\/wp-content\/uploads\/2017\/08\/thumbnail_collage-768x254.jpg 768w, http:\/\/cronicasyversiones.com\/wp-content\/uploads\/2017\/08\/thumbnail_collage.jpg 1280w\" sizes=\"auto, (max-width: 723px) 100vw, 723px\" \/><\/p>\n<p><strong>Entrepalabras<\/strong> es un grupo de narraci\u00f3n oral, integrado por seis mujeres, de distintas generaciones, con distintas profesiones y ocupaciones, unidas por el placer de narrar.<\/p>\n<blockquote><p>\u00abNo, no leemos cuentos ni recitamos historias de memoria: utilizamos la palabra y el texto como columna vertebral y los trasladamos a la oralidad, acompa\u00f1\u00e1ndolo con el cuerpo, con los gestos, con la mirada\u00bb, dicen.<\/p><\/blockquote>\n<p>En estos tres a\u00f1os de trayectoria, el grupo se present\u00f3 en diversos espacios culturales como el Teatro del Municipio de Lomas de Zamora, El galp\u00f3n de la Estaci\u00f3n (Esteban Echeverr\u00eda), el Teatro del C\u00edrculo M\u00e9dico de Lomas de Zamora, Peumay\u00e9n Casa de T\u00e9 (Adrogu\u00e9), La Rueca Teatro (Monte Grande); y particip\u00f3 de eventos como la Feria del Libro de Lomas de Zamora (2016), el Festival Internacional de Narraci\u00f3n Oral \u00abPalabras m\u00e1s\u00bb (2015-2016) y el Festival Internacional de Narraci\u00f3n Oral \u00abPalabra m\u00eda\u00bb (2016).<\/p>\n<p>El grupo lo integran\u00a0<strong>Natalia Arenas, Roxana G\u00f3mez, Adriana Molina, Cristina Rodr\u00edguez, Betty Rubens y Victoria Russo.<\/strong><\/p>\n<div style=\"padding-bottom:20px; padding-top:10px;\" class=\"hupso-share-buttons\"><!-- Hupso Share Buttons - https:\/\/www.hupso.com\/share\/ --><a class=\"hupso_counters\" href=\"https:\/\/www.hupso.com\/share\/\"><img decoding=\"async\" src=\"http:\/\/static.hupso.com\/share\/buttons\/lang\/es\/share-small.png\" style=\"border:0px; padding-top:2px; float:left;\" alt=\"Share Button\"\/><\/a><script type=\"text\/javascript\">var hupso_services_c=new Array(\"twitter\",\"facebook_like\",\"google\");var hupso_counters_lang = \"es_LA\";var hupso_image_folder_url = \"\";var hupso_twitter_via=\"crsyvrs\";var hupso_url_c=\"\";<\/script><script type=\"text\/javascript\" src=\"http:\/\/static.hupso.com\/share\/js\/counters.js\"><\/script><!-- Hupso Share Buttons --><\/div> ","protected":false},"excerpt":{"rendered":"<div style=\"padding-bottom:20px; padding-top:10px;\" class=\"hupso-share-buttons\"><!-- Hupso Share Buttons - https:\/\/www.hupso.com\/share\/ --><a class=\"hupso_counters\" href=\"https:\/\/www.hupso.com\/share\/\"><img src=\"http:\/\/static.hupso.com\/share\/buttons\/lang\/es\/share-small.png\" style=\"border:0px; padding-top:2px; float:left;\" alt=\"Share Button\"\/><\/a><script type=\"text\/javascript\">var hupso_services_c=new Array(\"twitter\",\"facebook_like\",\"google\");var hupso_counters_lang = \"es_LA\";var hupso_image_folder_url = \"\";var hupso_twitter_via=\"crsyvrs\";var hupso_url_c=\"\";<\/script><script type=\"text\/javascript\" src=\"http:\/\/static.hupso.com\/share\/js\/counters.js\"><\/script><!-- Hupso Share Buttons --><\/div><p>Entre otros contenidos, se ver\u00e1 la adaptaci\u00f3n de cuentos y microcuentos, la voz y el cuerpo como herramientas de la narraci\u00f3n. En su tercer a\u00f1o de vida, el grupo\u00a0Entrepalabras\u00a0dictar\u00e1 por primera vez un taller de introducci\u00f3n a la narraci\u00f3n&#46;&#46;&#46;<\/p>\n<div style=\"padding-bottom:20px; padding-top:10px;\" class=\"hupso-share-buttons\"><!-- Hupso Share Buttons - https:\/\/www.hupso.com\/share\/ --><a class=\"hupso_counters\" href=\"https:\/\/www.hupso.com\/share\/\"><img src=\"http:\/\/static.hupso.com\/share\/buttons\/lang\/es\/share-small.png\" style=\"border:0px; padding-top:2px; float:left;\" alt=\"Share Button\"\/><\/a><script type=\"text\/javascript\">var hupso_services_c=new Array(\"twitter\",\"facebook_like\",\"google\");var hupso_counters_lang = \"es_LA\";var hupso_image_folder_url = \"\";var hupso_twitter_via=\"crsyvrs\";var hupso_url_c=\"\";<\/script><script type=\"text\/javascript\" src=\"http:\/\/static.hupso.com\/share\/js\/counters.js\"><\/script><!-- Hupso Share Buttons --><\/div>","protected":false},"author":5,"featured_media":16468,"comment_status":"open","ping_status":"closed","sticky":false,"template":"","format":"standard","meta":{"footnotes":""},"categories":[7,9],"tags":[7030,1283],"class_list":["post-16416","post","type-post","status-publish","format-standard","has-post-thumbnail","hentry","category-literatura","category-sociedad","tag-entrepalabras","tag-narracion-oral"],"_links":{"self":[{"href":"http:\/\/cronicasyversiones.com\/index.php?rest_route=\/wp\/v2\/posts\/16416","targetHints":{"allow":["GET"]}}],"collection":[{"href":"http:\/\/cronicasyversiones.com\/index.php?rest_route=\/wp\/v2\/posts"}],"about":[{"href":"http:\/\/cronicasyversiones.com\/index.php?rest_route=\/wp\/v2\/types\/post"}],"author":[{"embeddable":true,"href":"http:\/\/cronicasyversiones.com\/index.php?rest_route=\/wp\/v2\/users\/5"}],"replies":[{"embeddable":true,"href":"http:\/\/cronicasyversiones.com\/index.php?rest_route=%2Fwp%2Fv2%2Fcomments&post=16416"}],"version-history":[{"count":0,"href":"http:\/\/cronicasyversiones.com\/index.php?rest_route=\/wp\/v2\/posts\/16416\/revisions"}],"wp:featuredmedia":[{"embeddable":true,"href":"http:\/\/cronicasyversiones.com\/index.php?rest_route=\/wp\/v2\/media\/16468"}],"wp:attachment":[{"href":"http:\/\/cronicasyversiones.com\/index.php?rest_route=%2Fwp%2Fv2%2Fmedia&parent=16416"}],"wp:term":[{"taxonomy":"category","embeddable":true,"href":"http:\/\/cronicasyversiones.com\/index.php?rest_route=%2Fwp%2Fv2%2Fcategories&post=16416"},{"taxonomy":"post_tag","embeddable":true,"href":"http:\/\/cronicasyversiones.com\/index.php?rest_route=%2Fwp%2Fv2%2Ftags&post=16416"}],"curies":[{"name":"wp","href":"https:\/\/api.w.org\/{rel}","templated":true}]}}