{"id":16426,"date":"2017-08-18T07:23:50","date_gmt":"2017-08-18T10:23:50","guid":{"rendered":"http:\/\/cronicasyversiones.com\/?p=16426"},"modified":"2017-08-18T07:23:50","modified_gmt":"2017-08-18T10:23:50","slug":"guerra-el-nuevo-video-de-rene-perez-joglar","status":"publish","type":"post","link":"http:\/\/cronicasyversiones.com\/?p=16426","title":{"rendered":"\u201cGuerra\u201d, el nuevo video de Ren\u00e9 P\u00e9rez Joglar"},"content":{"rendered":"<div style=\"padding-bottom:20px; padding-top:10px;\" class=\"hupso-share-buttons\"><!-- Hupso Share Buttons - https:\/\/www.hupso.com\/share\/ --><a class=\"hupso_counters\" href=\"https:\/\/www.hupso.com\/share\/\"><img decoding=\"async\" src=\"http:\/\/static.hupso.com\/share\/buttons\/lang\/es\/share-small.png\" style=\"border:0px; padding-top:2px; float:left;\" alt=\"Share Button\"\/><\/a><script type=\"text\/javascript\">var hupso_services_c=new Array(\"twitter\",\"facebook_like\",\"google\");var hupso_counters_lang = \"es_LA\";var hupso_image_folder_url = \"\";var hupso_twitter_via=\"crsyvrs\";var hupso_url_c=\"\";<\/script><script type=\"text\/javascript\" src=\"http:\/\/static.hupso.com\/share\/js\/counters.js\"><\/script><!-- Hupso Share Buttons --><\/div><h2>Conocido tambi\u00e9n como Residente, el ex Calle 13 estren\u00f3 el clip de un tema incluido en su primer disco como solista.<\/h2>\n<p><strong>\u00a0<img loading=\"lazy\" decoding=\"async\" class=\"size-full wp-image-16427 aligncenter\" src=\"http:\/\/cronicasyversiones.com\/wp-content\/uploads\/2017\/08\/Guerra.jpg\" alt=\"\" width=\"750\" height=\"448\" srcset=\"http:\/\/cronicasyversiones.com\/wp-content\/uploads\/2017\/08\/Guerra.jpg 750w, http:\/\/cronicasyversiones.com\/wp-content\/uploads\/2017\/08\/Guerra-300x179.jpg 300w\" sizes=\"auto, (max-width: 750px) 100vw, 750px\" \/><\/strong><\/p>\n<p><strong>Ren\u00e9 P\u00e9rez Joglar,<\/strong> mejor conocido como <strong>Residente,<\/strong> estren\u00f3 \u201cGuerra\u201d, su nuevo video de del \u00a0tema incluido en su primer \u00e1lbum como solista y este estreno va acompa\u00f1ado por el lanzamiento de un nuevo proyecto cuyo prop\u00f3sito es promover la paz y concientizar a cerca de las v\u00edctimas de conflictos alrededor del mundo.<\/p>\n<p>El nuevo video clip marca el lanzamiento del ex <strong>Calle 13<\/strong> del proyecto extendido de \u201cGuerra\u201d, el cual incluye contenido digital, TV y experiencias.<\/p>\n<p>El video fue dirigido bajo la lente del artista, convirti\u00e9ndose en el tercer clip dirigido por Residente luego de \u00ab<em><strong>Somos Anormales\u201d <\/strong><\/em>y<em><strong> \u201cDesencuentro.\u201d<\/strong><\/em><\/p>\n<p>Filmado en Espa\u00f1a y en el campamento de Refugiados Zahlee; un campamento informal en el borde entre Syria y el L\u00edbano donde viven sobre 250 refugiados de Syria.<\/p>\n<p><em><strong>LEA M\u00c1S:\u00a0<\/strong><\/em><\/p>\n<div class=\"video-container\">\n<blockquote class=\"wp-embedded-content\" data-secret=\"A0vc2xiUx8\"><p><a href=\"http:\/\/cronicasyversiones.com\/?p=15968\">Ren\u00e9 P\u00e9rez, ex Calle 13, agrega otro concierto en Argentina<\/a><\/p><\/blockquote>\n<p><iframe loading=\"lazy\" class=\"wp-embedded-content\" sandbox=\"allow-scripts\" security=\"restricted\" style=\"position: absolute; clip: rect(1px, 1px, 1px, 1px);\" title=\"\u00abRen\u00e9 P\u00e9rez, ex Calle 13, agrega otro concierto en Argentina\u00bb \u2014    \" src=\"http:\/\/cronicasyversiones.com\/?p=15968&#038;embed=true#?secret=KN58MsLCTv#?secret=A0vc2xiUx8\" data-secret=\"A0vc2xiUx8\" width=\"600\" height=\"338\" frameborder=\"0\" marginwidth=\"0\" marginheight=\"0\" scrolling=\"no\"><\/iframe><\/div>\n<blockquote><p>Sobre el clip Residente expres\u00f3: \u201cCon este video del tema \u00abGuerra\u00bb relato el ciclo de la misma. La llegada del invasor, la gente que sufre en carne propia los ataques, la gente que resiste luchando para defenderse de estos ataques, los refugiados que huyen de la guerra y nosotros los c\u00f3modos que estamos totalmente enajenados a la dura realidad de la guerra. Hoy en d\u00eda dentro de un circuito que promueve solo canciones para bailar las cuales yo tambi\u00e9n tengo, es para m\u00ed vital como artista tambi\u00e9n sacar el espacio para promover este tipo de temas tan relevantes y necesarios\u201d.<\/p><\/blockquote>\n<p>El proyecto <em><strong>\u201cGuerra\u201d<\/strong> <\/em>est\u00e1 centrado alrededor de la canci\u00f3n y video musical. La canci\u00f3n fue producida por Residente &amp; Trooko (Jeff Pe\u00f1alva)\u00a0 y grabada por Residente en la zona de guerra la regi\u00f3n de Caucasus, y cuenta con la participaci\u00f3n especial de m\u00fasicos de la oposici\u00f3n de la guerra reciente en Georgia, Rusia y el Sur de Ossetia.<\/p>\n<p><strong>El video de \u00abGuerra\u00bb<\/strong><\/p>\n<p><iframe loading=\"lazy\" src=\"https:\/\/www.youtube.com\/embed\/Zl_GlPquElI\" width=\"600\" height=\"350\" frameborder=\"0\" allowfullscreen=\"allowfullscreen\"><\/iframe><\/p>\n<div style=\"padding-bottom:20px; padding-top:10px;\" class=\"hupso-share-buttons\"><!-- Hupso Share Buttons - https:\/\/www.hupso.com\/share\/ --><a class=\"hupso_counters\" href=\"https:\/\/www.hupso.com\/share\/\"><img decoding=\"async\" src=\"http:\/\/static.hupso.com\/share\/buttons\/lang\/es\/share-small.png\" style=\"border:0px; padding-top:2px; float:left;\" alt=\"Share Button\"\/><\/a><script type=\"text\/javascript\">var hupso_services_c=new Array(\"twitter\",\"facebook_like\",\"google\");var hupso_counters_lang = \"es_LA\";var hupso_image_folder_url = \"\";var hupso_twitter_via=\"crsyvrs\";var hupso_url_c=\"\";<\/script><script type=\"text\/javascript\" src=\"http:\/\/static.hupso.com\/share\/js\/counters.js\"><\/script><!-- Hupso Share Buttons --><\/div> ","protected":false},"excerpt":{"rendered":"<div style=\"padding-bottom:20px; padding-top:10px;\" class=\"hupso-share-buttons\"><!-- Hupso Share Buttons - https:\/\/www.hupso.com\/share\/ --><a class=\"hupso_counters\" href=\"https:\/\/www.hupso.com\/share\/\"><img src=\"http:\/\/static.hupso.com\/share\/buttons\/lang\/es\/share-small.png\" style=\"border:0px; padding-top:2px; float:left;\" alt=\"Share Button\"\/><\/a><script type=\"text\/javascript\">var hupso_services_c=new Array(\"twitter\",\"facebook_like\",\"google\");var hupso_counters_lang = \"es_LA\";var hupso_image_folder_url = \"\";var hupso_twitter_via=\"crsyvrs\";var hupso_url_c=\"\";<\/script><script type=\"text\/javascript\" src=\"http:\/\/static.hupso.com\/share\/js\/counters.js\"><\/script><!-- Hupso Share Buttons --><\/div><p>Conocido tambi\u00e9n como Residente, el ex Calle 13 estren\u00f3 el clip de un tema incluido en su primer disco como solista. \u00a0 Ren\u00e9 P\u00e9rez Joglar, mejor conocido como Residente, estren\u00f3 \u201cGuerra\u201d, su nuevo video de del \u00a0tema incluido en&#46;&#46;&#46;<\/p>\n<div style=\"padding-bottom:20px; padding-top:10px;\" class=\"hupso-share-buttons\"><!-- Hupso Share Buttons - https:\/\/www.hupso.com\/share\/ --><a class=\"hupso_counters\" href=\"https:\/\/www.hupso.com\/share\/\"><img src=\"http:\/\/static.hupso.com\/share\/buttons\/lang\/es\/share-small.png\" style=\"border:0px; padding-top:2px; float:left;\" alt=\"Share Button\"\/><\/a><script type=\"text\/javascript\">var hupso_services_c=new Array(\"twitter\",\"facebook_like\",\"google\");var hupso_counters_lang = \"es_LA\";var hupso_image_folder_url = \"\";var hupso_twitter_via=\"crsyvrs\";var hupso_url_c=\"\";<\/script><script type=\"text\/javascript\" src=\"http:\/\/static.hupso.com\/share\/js\/counters.js\"><\/script><!-- Hupso Share Buttons --><\/div>","protected":false},"author":5,"featured_media":16427,"comment_status":"open","ping_status":"closed","sticky":false,"template":"","format":"standard","meta":{"footnotes":""},"categories":[3],"tags":[374,4613],"class_list":["post-16426","post","type-post","status-publish","format-standard","has-post-thumbnail","hentry","category-musica","tag-calle-13","tag-rene-perez"],"_links":{"self":[{"href":"http:\/\/cronicasyversiones.com\/index.php?rest_route=\/wp\/v2\/posts\/16426","targetHints":{"allow":["GET"]}}],"collection":[{"href":"http:\/\/cronicasyversiones.com\/index.php?rest_route=\/wp\/v2\/posts"}],"about":[{"href":"http:\/\/cronicasyversiones.com\/index.php?rest_route=\/wp\/v2\/types\/post"}],"author":[{"embeddable":true,"href":"http:\/\/cronicasyversiones.com\/index.php?rest_route=\/wp\/v2\/users\/5"}],"replies":[{"embeddable":true,"href":"http:\/\/cronicasyversiones.com\/index.php?rest_route=%2Fwp%2Fv2%2Fcomments&post=16426"}],"version-history":[{"count":0,"href":"http:\/\/cronicasyversiones.com\/index.php?rest_route=\/wp\/v2\/posts\/16426\/revisions"}],"wp:featuredmedia":[{"embeddable":true,"href":"http:\/\/cronicasyversiones.com\/index.php?rest_route=\/wp\/v2\/media\/16427"}],"wp:attachment":[{"href":"http:\/\/cronicasyversiones.com\/index.php?rest_route=%2Fwp%2Fv2%2Fmedia&parent=16426"}],"wp:term":[{"taxonomy":"category","embeddable":true,"href":"http:\/\/cronicasyversiones.com\/index.php?rest_route=%2Fwp%2Fv2%2Fcategories&post=16426"},{"taxonomy":"post_tag","embeddable":true,"href":"http:\/\/cronicasyversiones.com\/index.php?rest_route=%2Fwp%2Fv2%2Ftags&post=16426"}],"curies":[{"name":"wp","href":"https:\/\/api.w.org\/{rel}","templated":true}]}}