{"id":16458,"date":"2017-08-20T00:08:10","date_gmt":"2017-08-20T03:08:10","guid":{"rendered":"http:\/\/cronicasyversiones.com\/?p=16458"},"modified":"2017-08-19T16:38:34","modified_gmt":"2017-08-19T19:38:34","slug":"de-puno-y-letra-boxeo-literatura-y-cine-en-la-biblioteca-nacional","status":"publish","type":"post","link":"http:\/\/cronicasyversiones.com\/?p=16458","title":{"rendered":"\u201cDe pu\u00f1o y letra\u201d, boxeo, literatura y cine en la Biblioteca Nacional"},"content":{"rendered":"<div style=\"padding-bottom:20px; padding-top:10px;\" class=\"hupso-share-buttons\"><!-- Hupso Share Buttons - https:\/\/www.hupso.com\/share\/ --><a class=\"hupso_counters\" href=\"https:\/\/www.hupso.com\/share\/\"><img decoding=\"async\" src=\"http:\/\/static.hupso.com\/share\/buttons\/lang\/es\/share-small.png\" style=\"border:0px; padding-top:2px; float:left;\" alt=\"Share Button\"\/><\/a><script type=\"text\/javascript\">var hupso_services_c=new Array(\"twitter\",\"facebook_like\",\"google\");var hupso_counters_lang = \"es_LA\";var hupso_image_folder_url = \"\";var hupso_twitter_via=\"crsyvrs\";var hupso_url_c=\"\";<\/script><script type=\"text\/javascript\" src=\"http:\/\/static.hupso.com\/share\/js\/counters.js\"><\/script><!-- Hupso Share Buttons --><\/div><h2>Estas disciplinas se juntan con el objetivo de repensar la pregunta \u00ab\u00bfqu\u00e9 y c\u00f3mo escriben quienes escriben sobre boxeo?\u00bb.<\/h2>\n<p><img loading=\"lazy\" decoding=\"async\" class=\"wp-image-16459 aligncenter\" src=\"http:\/\/cronicasyversiones.com\/wp-content\/uploads\/2017\/08\/box-1024x576.jpg\" alt=\"\" width=\"765\" height=\"431\" srcset=\"http:\/\/cronicasyversiones.com\/wp-content\/uploads\/2017\/08\/box-1024x576.jpg 1024w, http:\/\/cronicasyversiones.com\/wp-content\/uploads\/2017\/08\/box-300x169.jpg 300w, http:\/\/cronicasyversiones.com\/wp-content\/uploads\/2017\/08\/box-768x432.jpg 768w, http:\/\/cronicasyversiones.com\/wp-content\/uploads\/2017\/08\/box.jpg 1280w\" sizes=\"auto, (max-width: 765px) 100vw, 765px\" \/><\/p>\n<p>La literatura y el boxeo se alinean en <em><strong>\u00abDe pu\u00f1o y letra\u00bb<\/strong><\/em> con el objetivo de repensar la pregunta \u00ab\u00bfqu\u00e9 y c\u00f3mo escriben quienes escriben sobre boxeo?\u00bb durante el 23, 24 y 25 de agosto en la <strong>Biblioteca Nacional<\/strong>, ubicada en Ag\u00fcero 2502, con entrada libre y gratuita.<\/p>\n<p>A trav\u00e9s de este interrogante proponen reflexionar sobre un deporte que involucra tanto a la narrativa como a la cr\u00f3nica period\u00edstica, a la<strong> poes\u00eda, el cine y el teatro<\/strong> y para esto convocaron a periodistas, escritores y deportista.<\/p>\n<p>La inauguraci\u00f3n ser\u00e1 el mi\u00e9rcoles 23 de agosto a las 19 en el Auditorio Jorge Luis Borges con un mesa de debate en la que participar\u00e1n <strong>Liliana Heker, Rolando Hanglin, Carlos Irusta, Abel Celestino Bailone y Esteban Lamothe<\/strong>.<\/p>\n<p>La segunda jornada ser\u00e1 el jueves 24 y habr\u00e1 una mesa a las 17 en el Auditorio David Vi\u00f1as del Museo del Libro y de la lengua en la que bajo el t\u00edtulo <em><strong>\u00abCr\u00f3nicas de boxeadores y escritores\u00bb<\/strong><\/em> conversar\u00e1n <strong>Ariel Scher, Enrique Mart\u00edn, Osvaldo Pr\u00edncipi y Ernesto Cherquis Bialo.<\/strong><\/p>\n<p>Ese mismo d\u00eda a las 19 se llevar\u00e1 a cabo otra charla, <em><strong>\u00abEl boxeo y sus escenarios\u00bb<\/strong><\/em>, en la que disertar\u00e1n <strong>Ricardo Bart\u00eds, Mijal Katzowicz, Pablo Cirio y Alejandro Venturini<\/strong> y el encargado de finalizar esa jornada ser\u00e1 el cineasta <strong>Carlos Sor\u00edn.<\/strong><\/p>\n<p><em><strong>LEA TAMBI\u00c9N:\u00a0<\/strong><\/em><\/p>\n<div class=\"video-container\">\n<blockquote class=\"wp-embedded-content\" data-secret=\"zk4EB4QlPe\"><p><a href=\"http:\/\/cronicasyversiones.com\/?p=16188\">Homenajean a Roberto Fontanarrosa en el Museo del Libro y de la Lengua<\/a><\/p><\/blockquote>\n<p><iframe loading=\"lazy\" class=\"wp-embedded-content\" sandbox=\"allow-scripts\" security=\"restricted\" style=\"position: absolute; clip: rect(1px, 1px, 1px, 1px);\" title=\"\u00abHomenajean a Roberto Fontanarrosa en el Museo del Libro y de la Lengua\u00bb \u2014    \" src=\"http:\/\/cronicasyversiones.com\/?p=16188&#038;embed=true#?secret=bD2FtHEhNs#?secret=zk4EB4QlPe\" data-secret=\"zk4EB4QlPe\" width=\"600\" height=\"338\" frameborder=\"0\" marginwidth=\"0\" marginheight=\"0\" scrolling=\"no\"><\/iframe><\/div>\n<p>Por \u00faltimo, el viernes 25 tambi\u00e9n en el Auditorio David Vi\u00f1as, desde las 17 tendr\u00e1 lugar la mesa <em><strong>\u00abDe cuadril\u00e1teros y policiales\u00bb<\/strong><\/em>, con <strong>Ezequiel Fern\u00e1ndez Moores, Ana Mar\u00eda Shua, Horacio Convertini y Juan Carr\u00e1.<\/strong><\/p>\n<p>Luego, a las 19, <strong>Walter Nelson, Mart\u00edn Kohan, Mariano Carrera, Juan Jos\u00e9 Zurro y Carlos Bernatek<\/strong> expondr\u00e1n bajo el t\u00edtulo<em><strong> \u201cLa narrativa del ring\u00bb.<\/strong><\/em><\/p>\n<p>Dentro de las actividades, en el Auditorio David Vi\u00f1as del Museo del libro y de la lengua, un ciclo de cine en el que los domingos a las 17 se podr\u00e1n ver las siguientes pel\u00edculas:<em><strong> \u00abM\u00e1s dura ser\u00e1 la ca\u00edda\u00bb<\/strong><\/em> (1956, Mark Robson) el 27 de agosto; <em><strong>\u00abToro Salvaje\u00bb<\/strong><\/em> (1980, Mart\u00edn Scorsese) el 3 de septiembre; <em><strong>\u00abGatica, el mono\u00bb<\/strong><\/em> (1993, Leonardo Favio) el 3 de septiembre y Entrevista in\u00e9dita a Sergio V\u00edctor Palma (1999) el 17 de septiembre.<\/p>\n<p>&nbsp;<\/p>\n<p>&nbsp;<\/p>\n<div style=\"padding-bottom:20px; padding-top:10px;\" class=\"hupso-share-buttons\"><!-- Hupso Share Buttons - https:\/\/www.hupso.com\/share\/ --><a class=\"hupso_counters\" href=\"https:\/\/www.hupso.com\/share\/\"><img decoding=\"async\" src=\"http:\/\/static.hupso.com\/share\/buttons\/lang\/es\/share-small.png\" style=\"border:0px; padding-top:2px; float:left;\" alt=\"Share Button\"\/><\/a><script type=\"text\/javascript\">var hupso_services_c=new Array(\"twitter\",\"facebook_like\",\"google\");var hupso_counters_lang = \"es_LA\";var hupso_image_folder_url = \"\";var hupso_twitter_via=\"crsyvrs\";var hupso_url_c=\"\";<\/script><script type=\"text\/javascript\" src=\"http:\/\/static.hupso.com\/share\/js\/counters.js\"><\/script><!-- Hupso Share Buttons --><\/div> ","protected":false},"excerpt":{"rendered":"<div style=\"padding-bottom:20px; padding-top:10px;\" class=\"hupso-share-buttons\"><!-- Hupso Share Buttons - https:\/\/www.hupso.com\/share\/ --><a class=\"hupso_counters\" href=\"https:\/\/www.hupso.com\/share\/\"><img src=\"http:\/\/static.hupso.com\/share\/buttons\/lang\/es\/share-small.png\" style=\"border:0px; padding-top:2px; float:left;\" alt=\"Share Button\"\/><\/a><script type=\"text\/javascript\">var hupso_services_c=new Array(\"twitter\",\"facebook_like\",\"google\");var hupso_counters_lang = \"es_LA\";var hupso_image_folder_url = \"\";var hupso_twitter_via=\"crsyvrs\";var hupso_url_c=\"\";<\/script><script type=\"text\/javascript\" src=\"http:\/\/static.hupso.com\/share\/js\/counters.js\"><\/script><!-- Hupso Share Buttons --><\/div><p>Estas disciplinas se juntan con el objetivo de repensar la pregunta \u00ab\u00bfqu\u00e9 y c\u00f3mo escriben quienes escriben sobre boxeo?\u00bb. La literatura y el boxeo se alinean en \u00abDe pu\u00f1o y letra\u00bb con el objetivo de repensar la pregunta \u00ab\u00bfqu\u00e9&#46;&#46;&#46;<\/p>\n<div style=\"padding-bottom:20px; padding-top:10px;\" class=\"hupso-share-buttons\"><!-- Hupso Share Buttons - https:\/\/www.hupso.com\/share\/ --><a class=\"hupso_counters\" href=\"https:\/\/www.hupso.com\/share\/\"><img src=\"http:\/\/static.hupso.com\/share\/buttons\/lang\/es\/share-small.png\" style=\"border:0px; padding-top:2px; float:left;\" alt=\"Share Button\"\/><\/a><script type=\"text\/javascript\">var hupso_services_c=new Array(\"twitter\",\"facebook_like\",\"google\");var hupso_counters_lang = \"es_LA\";var hupso_image_folder_url = \"\";var hupso_twitter_via=\"crsyvrs\";var hupso_url_c=\"\";<\/script><script type=\"text\/javascript\" src=\"http:\/\/static.hupso.com\/share\/js\/counters.js\"><\/script><!-- Hupso Share Buttons --><\/div>","protected":false},"author":5,"featured_media":0,"comment_status":"open","ping_status":"closed","sticky":false,"template":"","format":"standard","meta":{"footnotes":""},"categories":[9],"tags":[2046],"class_list":["post-16458","post","type-post","status-publish","format-standard","hentry","category-sociedad","tag-biblioteca-nacional"],"_links":{"self":[{"href":"http:\/\/cronicasyversiones.com\/index.php?rest_route=\/wp\/v2\/posts\/16458","targetHints":{"allow":["GET"]}}],"collection":[{"href":"http:\/\/cronicasyversiones.com\/index.php?rest_route=\/wp\/v2\/posts"}],"about":[{"href":"http:\/\/cronicasyversiones.com\/index.php?rest_route=\/wp\/v2\/types\/post"}],"author":[{"embeddable":true,"href":"http:\/\/cronicasyversiones.com\/index.php?rest_route=\/wp\/v2\/users\/5"}],"replies":[{"embeddable":true,"href":"http:\/\/cronicasyversiones.com\/index.php?rest_route=%2Fwp%2Fv2%2Fcomments&post=16458"}],"version-history":[{"count":0,"href":"http:\/\/cronicasyversiones.com\/index.php?rest_route=\/wp\/v2\/posts\/16458\/revisions"}],"wp:attachment":[{"href":"http:\/\/cronicasyversiones.com\/index.php?rest_route=%2Fwp%2Fv2%2Fmedia&parent=16458"}],"wp:term":[{"taxonomy":"category","embeddable":true,"href":"http:\/\/cronicasyversiones.com\/index.php?rest_route=%2Fwp%2Fv2%2Fcategories&post=16458"},{"taxonomy":"post_tag","embeddable":true,"href":"http:\/\/cronicasyversiones.com\/index.php?rest_route=%2Fwp%2Fv2%2Ftags&post=16458"}],"curies":[{"name":"wp","href":"https:\/\/api.w.org\/{rel}","templated":true}]}}