{"id":1657,"date":"2014-04-21T09:56:39","date_gmt":"2014-04-21T12:56:39","guid":{"rendered":"http:\/\/cronicasyversiones.com\/?p=1657"},"modified":"2014-04-21T09:56:39","modified_gmt":"2014-04-21T12:56:39","slug":"ocho-apellidos-vascos-ya-es-la-pelicula-espanola-mas-taquillera","status":"publish","type":"post","link":"http:\/\/cronicasyversiones.com\/?p=1657","title":{"rendered":"\u201cOcho apellidos vascos\u201d ya es la pel\u00edcula espa\u00f1ola m\u00e1s taquillera"},"content":{"rendered":"<div style=\"padding-bottom:20px; padding-top:10px;\" class=\"hupso-share-buttons\"><!-- Hupso Share Buttons - https:\/\/www.hupso.com\/share\/ --><a class=\"hupso_counters\" href=\"https:\/\/www.hupso.com\/share\/\"><img decoding=\"async\" src=\"http:\/\/static.hupso.com\/share\/buttons\/lang\/es\/share-small.png\" style=\"border:0px; padding-top:2px; float:left;\" alt=\"Share Button\"\/><\/a><script type=\"text\/javascript\">var hupso_services_c=new Array(\"twitter\",\"facebook_like\",\"google\");var hupso_counters_lang = \"es_LA\";var hupso_image_folder_url = \"\";var hupso_twitter_via=\"crsyvrs\";var hupso_url_c=\"\";<\/script><script type=\"text\/javascript\" src=\"http:\/\/static.hupso.com\/share\/js\/counters.js\"><\/script><!-- Hupso Share Buttons --><\/div><h2 style=\"text-align: justify;\">La comedia dirigida por Emilio Mart\u00ednez-L\u00e1zaro alcanz\u00f3 el r\u00e9cord el pasado fin de semana al llegar a 6,5 millones de espectadores y 38 millones de euros recaudados.<\/h2>\n<p><a href=\"http:\/\/cronicasyversiones.com\/wp-content\/uploads\/2014\/04\/8-apellidos-vascos_ampliacion.jpg\"><img loading=\"lazy\" decoding=\"async\" class=\"wp-image-1658 aligncenter\" alt=\"8-apellidos-vascos_ampliacion\" src=\"http:\/\/cronicasyversiones.com\/wp-content\/uploads\/2014\/04\/8-apellidos-vascos_ampliacion.jpg\" width=\"711\" height=\"399\" srcset=\"http:\/\/cronicasyversiones.com\/wp-content\/uploads\/2014\/04\/8-apellidos-vascos_ampliacion.jpg 800w, http:\/\/cronicasyversiones.com\/wp-content\/uploads\/2014\/04\/8-apellidos-vascos_ampliacion-300x168.jpg 300w, http:\/\/cronicasyversiones.com\/wp-content\/uploads\/2014\/04\/8-apellidos-vascos_ampliacion-624x351.jpg 624w\" sizes=\"auto, (max-width: 711px) 100vw, 711px\" \/><\/a><\/p>\n<p><em><strong>\u201cOcho apellidos vascos\u201d<\/strong><\/em> se convirti\u00f3 en la pel\u00edcula espa\u00f1ola m\u00e1s taquillera en la historia del pa\u00eds, la comedia dirigida por <strong>Emilio Mart\u00ednez-L\u00e1zaro<\/strong> (\u2018El otro lado de la cama\u2018), alcanz\u00f3 el r\u00e9cord el pasado fin de semana al llegar a <strong>6,5 millones de espectadores y 38 millones de euros recaudados.<\/strong><\/p>\n<p>La p\u00e9l\u00edcula, que lleva seis semanas en la cartelera en Espa\u00f1a, super\u00f3 a <em><strong>\u201cLos otros\u201d<\/strong><\/em> (2001), de <strong>Alejandro Amen\u00e1bar<\/strong>, hasta ahora la m\u00e1s taquillera con 6,4 millones de espectadores y una recaudaci\u00f3n de 27 millones.<\/p>\n<p>Con el ritmo de ventas que en el cabalga este furor, y despu\u00e9s superado en ventas a tanques como <strong><em>\u201cEl Capit\u00e1n Am\u00e9rica: el soldado de invierno\u201d<\/em><\/strong>, \u201cNon-stop\u201d, \u201cR\u00edo 2\u201d o \u201cSpider-man 2&#8243;, \u201cOcho apellidos vascos\u201d podr\u00e1 sobrepasar pronto la taquilla de <em><strong>\u201cTitanic\u201d<\/strong><\/em>, de James Cameron, (41,6 millones de euros logrados, eso s\u00ed, con 11,2 millones de espectadores) y de \u201cLo imposible\u201d (42.386.171 euros). De todos modos, muy lejos parece quedar <em><strong>\u00abAvatar\u00bb<\/strong><\/em>, tambi\u00e9n de Cameron, con 77 millones de euros gracias a m\u00e1s de nueve millones de entradas vendidas.<\/p>\n<p>La comedia, protagonizada por <strong>Dani Rovira y Clara Lago<\/strong>, narra la historia de<strong> Rafa<\/strong> es un joven sevillano de familia adinerada que conoce a <strong>Amaia<\/strong>, una preciosa chica vasca durante los d\u00edas de la Feria de Sevilla. El chico se enamora completamente de ella y cuando regresa a su ciudad, este se da cuenta\u00a0 de que tendr\u00e1 que viajar al norte si quiere recuperarla.<\/p>\n<p>As\u00ed, emprende una loca aventura enfrent\u00e1ndose al miedo de un lugar desconocido, distinto a todo lo que ha visto hasta ahora. Pero las cosas no ser\u00e1n m\u00e1s f\u00e1ciles una vez all\u00ed, para conseguir la aprobaci\u00f3n del padre de la chica, Rafa tendr\u00e1 que <strong>hacerse pasar por vasco, una de sus peores pesadillas.<\/strong><\/p>\n<p><object width=\"560\" height=\"315\" classid=\"clsid:d27cdb6e-ae6d-11cf-96b8-444553540000\" codebase=\"http:\/\/download.macromedia.com\/pub\/shockwave\/cabs\/flash\/swflash.cab#version=6,0,40,0\"><param name=\"allowFullScreen\" value=\"true\" \/><param name=\"allowscriptaccess\" value=\"always\" \/><param name=\"src\" value=\"\/\/www.youtube.com\/v\/YfopzNHLp4o?version=3&amp;hl=es_MX\" \/><param name=\"allowfullscreen\" value=\"true\" \/><embed width=\"560\" height=\"315\" type=\"application\/x-shockwave-flash\" src=\"\/\/www.youtube.com\/v\/YfopzNHLp4o?version=3&amp;hl=es_MX\" allowFullScreen=\"true\" allowscriptaccess=\"always\" allowfullscreen=\"true\" \/><\/object><\/p>\n<div style=\"padding-bottom:20px; padding-top:10px;\" class=\"hupso-share-buttons\"><!-- Hupso Share Buttons - https:\/\/www.hupso.com\/share\/ --><a class=\"hupso_counters\" href=\"https:\/\/www.hupso.com\/share\/\"><img decoding=\"async\" src=\"http:\/\/static.hupso.com\/share\/buttons\/lang\/es\/share-small.png\" style=\"border:0px; padding-top:2px; float:left;\" alt=\"Share Button\"\/><\/a><script type=\"text\/javascript\">var hupso_services_c=new Array(\"twitter\",\"facebook_like\",\"google\");var hupso_counters_lang = \"es_LA\";var hupso_image_folder_url = \"\";var hupso_twitter_via=\"crsyvrs\";var hupso_url_c=\"\";<\/script><script type=\"text\/javascript\" src=\"http:\/\/static.hupso.com\/share\/js\/counters.js\"><\/script><!-- Hupso Share Buttons --><\/div> ","protected":false},"excerpt":{"rendered":"<div style=\"padding-bottom:20px; padding-top:10px;\" class=\"hupso-share-buttons\"><!-- Hupso Share Buttons - https:\/\/www.hupso.com\/share\/ --><a class=\"hupso_counters\" href=\"https:\/\/www.hupso.com\/share\/\"><img src=\"http:\/\/static.hupso.com\/share\/buttons\/lang\/es\/share-small.png\" style=\"border:0px; padding-top:2px; float:left;\" alt=\"Share Button\"\/><\/a><script type=\"text\/javascript\">var hupso_services_c=new Array(\"twitter\",\"facebook_like\",\"google\");var hupso_counters_lang = \"es_LA\";var hupso_image_folder_url = \"\";var hupso_twitter_via=\"crsyvrs\";var hupso_url_c=\"\";<\/script><script type=\"text\/javascript\" src=\"http:\/\/static.hupso.com\/share\/js\/counters.js\"><\/script><!-- Hupso Share Buttons --><\/div><p>La comedia dirigida por Emilio Mart\u00ednez-L\u00e1zaro alcanz\u00f3 el r\u00e9cord el pasado fin de semana al llegar a 6,5 millones de espectadores y 38 millones de euros recaudados. \u201cOcho apellidos vascos\u201d se convirti\u00f3 en la pel\u00edcula espa\u00f1ola m\u00e1s taquillera en&#46;&#46;&#46;<\/p>\n<div style=\"padding-bottom:20px; padding-top:10px;\" class=\"hupso-share-buttons\"><!-- Hupso Share Buttons - https:\/\/www.hupso.com\/share\/ --><a class=\"hupso_counters\" href=\"https:\/\/www.hupso.com\/share\/\"><img src=\"http:\/\/static.hupso.com\/share\/buttons\/lang\/es\/share-small.png\" style=\"border:0px; padding-top:2px; float:left;\" alt=\"Share Button\"\/><\/a><script type=\"text\/javascript\">var hupso_services_c=new Array(\"twitter\",\"facebook_like\",\"google\");var hupso_counters_lang = \"es_LA\";var hupso_image_folder_url = \"\";var hupso_twitter_via=\"crsyvrs\";var hupso_url_c=\"\";<\/script><script type=\"text\/javascript\" src=\"http:\/\/static.hupso.com\/share\/js\/counters.js\"><\/script><!-- Hupso Share Buttons --><\/div>","protected":false},"author":5,"featured_media":0,"comment_status":"open","ping_status":"open","sticky":false,"template":"","format":"standard","meta":{"footnotes":""},"categories":[4],"tags":[1396,1394,16,1393,1392,1395,1391],"class_list":["post-1657","post","type-post","status-publish","format-standard","hentry","category-cine","tag-alejandro-amenabar","tag-clara-lago","tag-cronicas-y-versiones","tag-dani-rovira","tag-emilio-martinez-lazaro","tag-los-otros","tag-ocho-apellidos-vascos"],"_links":{"self":[{"href":"http:\/\/cronicasyversiones.com\/index.php?rest_route=\/wp\/v2\/posts\/1657","targetHints":{"allow":["GET"]}}],"collection":[{"href":"http:\/\/cronicasyversiones.com\/index.php?rest_route=\/wp\/v2\/posts"}],"about":[{"href":"http:\/\/cronicasyversiones.com\/index.php?rest_route=\/wp\/v2\/types\/post"}],"author":[{"embeddable":true,"href":"http:\/\/cronicasyversiones.com\/index.php?rest_route=\/wp\/v2\/users\/5"}],"replies":[{"embeddable":true,"href":"http:\/\/cronicasyversiones.com\/index.php?rest_route=%2Fwp%2Fv2%2Fcomments&post=1657"}],"version-history":[{"count":0,"href":"http:\/\/cronicasyversiones.com\/index.php?rest_route=\/wp\/v2\/posts\/1657\/revisions"}],"wp:attachment":[{"href":"http:\/\/cronicasyversiones.com\/index.php?rest_route=%2Fwp%2Fv2%2Fmedia&parent=1657"}],"wp:term":[{"taxonomy":"category","embeddable":true,"href":"http:\/\/cronicasyversiones.com\/index.php?rest_route=%2Fwp%2Fv2%2Fcategories&post=1657"},{"taxonomy":"post_tag","embeddable":true,"href":"http:\/\/cronicasyversiones.com\/index.php?rest_route=%2Fwp%2Fv2%2Ftags&post=1657"}],"curies":[{"name":"wp","href":"https:\/\/api.w.org\/{rel}","templated":true}]}}