{"id":16643,"date":"2017-09-01T15:31:04","date_gmt":"2017-09-01T18:31:04","guid":{"rendered":"http:\/\/cronicasyversiones.com\/?p=16643"},"modified":"2017-09-01T15:31:04","modified_gmt":"2017-09-01T18:31:04","slug":"la-siesta-del-tigre-el-primer-documental-de-maximiliano-schonfeld","status":"publish","type":"post","link":"http:\/\/cronicasyversiones.com\/?p=16643","title":{"rendered":"\u201cLa siesta del Tigre\u201d, el primer documental de Maximiliano Schonfeld"},"content":{"rendered":"<div style=\"padding-bottom:20px; padding-top:10px;\" class=\"hupso-share-buttons\"><!-- Hupso Share Buttons - https:\/\/www.hupso.com\/share\/ --><a class=\"hupso_counters\" href=\"https:\/\/www.hupso.com\/share\/\"><img decoding=\"async\" src=\"http:\/\/static.hupso.com\/share\/buttons\/lang\/es\/share-small.png\" style=\"border:0px; padding-top:2px; float:left;\" alt=\"Share Button\"\/><\/a><script type=\"text\/javascript\">var hupso_services_c=new Array(\"twitter\",\"facebook_like\",\"google\");var hupso_counters_lang = \"es_LA\";var hupso_image_folder_url = \"\";var hupso_twitter_via=\"crsyvrs\";var hupso_url_c=\"\";<\/script><script type=\"text\/javascript\" src=\"http:\/\/static.hupso.com\/share\/js\/counters.js\"><\/script><!-- Hupso Share Buttons --><\/div><h2>La pel\u00edcula, que puede verse en el Centro Cultural Recoleta, cuenta la historia sobre cinco hombres que buscan el f\u00f3sil de un felino prehist\u00f3rico.<\/h2>\n<p><img loading=\"lazy\" decoding=\"async\" class=\"wp-image-16644 aligncenter\" src=\"http:\/\/cronicasyversiones.com\/wp-content\/uploads\/2017\/09\/siesta-1024x576.jpg\" alt=\"\" width=\"730\" height=\"411\" srcset=\"http:\/\/cronicasyversiones.com\/wp-content\/uploads\/2017\/09\/siesta-1024x576.jpg 1024w, http:\/\/cronicasyversiones.com\/wp-content\/uploads\/2017\/09\/siesta-300x169.jpg 300w, http:\/\/cronicasyversiones.com\/wp-content\/uploads\/2017\/09\/siesta-768x432.jpg 768w, http:\/\/cronicasyversiones.com\/wp-content\/uploads\/2017\/09\/siesta.jpg 1280w\" sizes=\"auto, (max-width: 730px) 100vw, 730px\" \/><\/p>\n<p>La pel\u00edcula <em><strong>\u201cLa siesta del Tigre\u201d,<\/strong><\/em> del director argentino<strong> Maximiliano Schonfeld<\/strong>, se proyectar\u00e1 los viernes de septiembre a las 21 a la sala del <strong>Centro Cultural Recoleta,<\/strong> ubicado en Jun\u00edn 1930.<\/p>\n<p>El documental cuenta la historia sobre cinco hombres que buscan el f\u00f3sil de un felino prehist\u00f3rico.<\/p>\n<p><em><strong>\u201cLa Siesta del Tigre\u201d<\/strong> <\/em>es una pel\u00edcula acerca de la amistad de cinco hombres y la esperanza de concretar una misi\u00f3n imposible: encontrar los restos del <strong>Tigre Sable.<\/strong><\/p>\n<p>Tambi\u00e9n es un retrato de un paisaje que se convirti\u00f3 en el refugio de los desplazados. Ah\u00ed mismo, donde decidieron morir los <strong>\u00faltimos gigantes como el Tigre Sable<\/strong>, ahora van los hombres de mi provincia que buscan su salvaci\u00f3n.<\/p>\n<p>La pel\u00edcula, que gan\u00f3 el primer premio al mejor documental en el concurso Artes Audiovisuales 2016 del Fondo Nacional de las Artes, sigue a estos hombres que navegan a la deriva perdidos en el tiempo y aferr\u00e1ndose a la ilusi\u00f3n de <strong>salvarse vendiendo los huesos.<\/strong><\/p>\n<p><em><strong>LEA TAMBI\u00c9N:\u00a0<\/strong><\/em><\/p>\n<div class=\"video-container\">\n<blockquote class=\"wp-embedded-content\" data-secret=\"u3iTFDBYC0\"><p><a href=\"http:\/\/cronicasyversiones.com\/?p=16585\">\u201cLa mirada del Colibr\u00ed\u201d, un Quijote lucha por la sobrevivencia del planeta<\/a><\/p><\/blockquote>\n<p><iframe loading=\"lazy\" class=\"wp-embedded-content\" sandbox=\"allow-scripts\" security=\"restricted\" style=\"position: absolute; clip: rect(1px, 1px, 1px, 1px);\" title=\"\u00ab\u201cLa mirada del Colibr\u00ed\u201d, un Quijote lucha por la sobrevivencia del planeta\u00bb \u2014    \" src=\"http:\/\/cronicasyversiones.com\/?p=16585&#038;embed=true#?secret=GfjDrTG3Zn#?secret=u3iTFDBYC0\" data-secret=\"u3iTFDBYC0\" width=\"600\" height=\"338\" frameborder=\"0\" marginwidth=\"0\" marginheight=\"0\" scrolling=\"no\"><\/iframe><\/div>\n<p><em><strong>\u201cLa siesta del Tigre\u201d<\/strong><\/em> particip\u00f3 en la Competencia Argentina del Festival Internacional de Cine de Mar del Plata, en el DocLisboa en Portugal y en la edici\u00f3n de este a\u00f1o del Fidba, entre otros festivales.<\/p>\n<p><strong>Maximiliano Schonfeld<\/strong> escribi\u00f3 y dirigi\u00f3 los largometrajes de ficci\u00f3n <em><strong>\u201cGermania\u201d<\/strong> <\/em>(2012) y <em><strong>\u201cLa Helada Negra\u201d<\/strong> <\/em>(2016). <em><strong>\u201cLa Siesta del Tigre\u201d<\/strong><\/em> es su primer documental.<\/p>\n<p><strong>El tr\u00e1iler:\u00a0<\/strong><\/p>\n<p><iframe loading=\"lazy\" src=\"https:\/\/www.youtube.com\/embed\/9kUbdrE6Yr8\" width=\"600\" height=\"350\" frameborder=\"0\" allowfullscreen=\"allowfullscreen\"><\/iframe><\/p>\n<div style=\"padding-bottom:20px; padding-top:10px;\" class=\"hupso-share-buttons\"><!-- Hupso Share Buttons - https:\/\/www.hupso.com\/share\/ --><a class=\"hupso_counters\" href=\"https:\/\/www.hupso.com\/share\/\"><img decoding=\"async\" src=\"http:\/\/static.hupso.com\/share\/buttons\/lang\/es\/share-small.png\" style=\"border:0px; padding-top:2px; float:left;\" alt=\"Share Button\"\/><\/a><script type=\"text\/javascript\">var hupso_services_c=new Array(\"twitter\",\"facebook_like\",\"google\");var hupso_counters_lang = \"es_LA\";var hupso_image_folder_url = \"\";var hupso_twitter_via=\"crsyvrs\";var hupso_url_c=\"\";<\/script><script type=\"text\/javascript\" src=\"http:\/\/static.hupso.com\/share\/js\/counters.js\"><\/script><!-- Hupso Share Buttons --><\/div> ","protected":false},"excerpt":{"rendered":"<div style=\"padding-bottom:20px; padding-top:10px;\" class=\"hupso-share-buttons\"><!-- Hupso Share Buttons - https:\/\/www.hupso.com\/share\/ --><a class=\"hupso_counters\" href=\"https:\/\/www.hupso.com\/share\/\"><img src=\"http:\/\/static.hupso.com\/share\/buttons\/lang\/es\/share-small.png\" style=\"border:0px; padding-top:2px; float:left;\" alt=\"Share Button\"\/><\/a><script type=\"text\/javascript\">var hupso_services_c=new Array(\"twitter\",\"facebook_like\",\"google\");var hupso_counters_lang = \"es_LA\";var hupso_image_folder_url = \"\";var hupso_twitter_via=\"crsyvrs\";var hupso_url_c=\"\";<\/script><script type=\"text\/javascript\" src=\"http:\/\/static.hupso.com\/share\/js\/counters.js\"><\/script><!-- Hupso Share Buttons --><\/div><p>La pel\u00edcula, que puede verse en el Centro Cultural Recoleta, cuenta la historia sobre cinco hombres que buscan el f\u00f3sil de un felino prehist\u00f3rico. La pel\u00edcula \u201cLa siesta del Tigre\u201d, del director argentino Maximiliano Schonfeld, se proyectar\u00e1 los viernes&#46;&#46;&#46;<\/p>\n<div style=\"padding-bottom:20px; padding-top:10px;\" class=\"hupso-share-buttons\"><!-- Hupso Share Buttons - https:\/\/www.hupso.com\/share\/ --><a class=\"hupso_counters\" href=\"https:\/\/www.hupso.com\/share\/\"><img src=\"http:\/\/static.hupso.com\/share\/buttons\/lang\/es\/share-small.png\" style=\"border:0px; padding-top:2px; float:left;\" alt=\"Share Button\"\/><\/a><script type=\"text\/javascript\">var hupso_services_c=new Array(\"twitter\",\"facebook_like\",\"google\");var hupso_counters_lang = \"es_LA\";var hupso_image_folder_url = \"\";var hupso_twitter_via=\"crsyvrs\";var hupso_url_c=\"\";<\/script><script type=\"text\/javascript\" src=\"http:\/\/static.hupso.com\/share\/js\/counters.js\"><\/script><!-- Hupso Share Buttons --><\/div>","protected":false},"author":5,"featured_media":16644,"comment_status":"open","ping_status":"closed","sticky":false,"template":"","format":"standard","meta":{"footnotes":""},"categories":[4],"tags":[180,944,8270,8271],"class_list":["post-16643","post","type-post","status-publish","format-standard","has-post-thumbnail","hentry","category-cine","tag-centro-cultural-recoleta","tag-documentales","tag-la-siesta-del-tigre","tag-maximiliano-schonfeld"],"_links":{"self":[{"href":"http:\/\/cronicasyversiones.com\/index.php?rest_route=\/wp\/v2\/posts\/16643","targetHints":{"allow":["GET"]}}],"collection":[{"href":"http:\/\/cronicasyversiones.com\/index.php?rest_route=\/wp\/v2\/posts"}],"about":[{"href":"http:\/\/cronicasyversiones.com\/index.php?rest_route=\/wp\/v2\/types\/post"}],"author":[{"embeddable":true,"href":"http:\/\/cronicasyversiones.com\/index.php?rest_route=\/wp\/v2\/users\/5"}],"replies":[{"embeddable":true,"href":"http:\/\/cronicasyversiones.com\/index.php?rest_route=%2Fwp%2Fv2%2Fcomments&post=16643"}],"version-history":[{"count":0,"href":"http:\/\/cronicasyversiones.com\/index.php?rest_route=\/wp\/v2\/posts\/16643\/revisions"}],"wp:featuredmedia":[{"embeddable":true,"href":"http:\/\/cronicasyversiones.com\/index.php?rest_route=\/wp\/v2\/media\/16644"}],"wp:attachment":[{"href":"http:\/\/cronicasyversiones.com\/index.php?rest_route=%2Fwp%2Fv2%2Fmedia&parent=16643"}],"wp:term":[{"taxonomy":"category","embeddable":true,"href":"http:\/\/cronicasyversiones.com\/index.php?rest_route=%2Fwp%2Fv2%2Fcategories&post=16643"},{"taxonomy":"post_tag","embeddable":true,"href":"http:\/\/cronicasyversiones.com\/index.php?rest_route=%2Fwp%2Fv2%2Ftags&post=16643"}],"curies":[{"name":"wp","href":"https:\/\/api.w.org\/{rel}","templated":true}]}}