{"id":1672,"date":"2014-04-22T11:18:21","date_gmt":"2014-04-22T14:18:21","guid":{"rendered":"http:\/\/cronicasyversiones.com\/?p=1672"},"modified":"2014-04-22T11:52:01","modified_gmt":"2014-04-22T14:52:01","slug":"refugiado-del-diego-lerman-seleccionado-en-cannes","status":"publish","type":"post","link":"http:\/\/cronicasyversiones.com\/?p=1672","title":{"rendered":"\u201cRefugiado\u201d, de Diego Lerman, seleccionado en Cannes"},"content":{"rendered":"<div style=\"padding-bottom:20px; padding-top:10px;\" class=\"hupso-share-buttons\"><!-- Hupso Share Buttons - https:\/\/www.hupso.com\/share\/ --><a class=\"hupso_counters\" href=\"https:\/\/www.hupso.com\/share\/\"><img decoding=\"async\" src=\"http:\/\/static.hupso.com\/share\/buttons\/lang\/es\/share-small.png\" style=\"border:0px; padding-top:2px; float:left;\" alt=\"Share Button\"\/><\/a><script type=\"text\/javascript\">var hupso_services_c=new Array(\"twitter\",\"facebook_like\",\"google\");var hupso_counters_lang = \"es_LA\";var hupso_image_folder_url = \"\";var hupso_twitter_via=\"crsyvrs\";var hupso_url_c=\"\";<\/script><script type=\"text\/javascript\" src=\"http:\/\/static.hupso.com\/share\/js\/counters.js\"><\/script><!-- Hupso Share Buttons --><\/div><h2>La pel\u00edcula protagonizada por Julieta D\u00edaz y Sebasti\u00e1n Molinaro formar\u00e1 parte de la Quincena de Realizadores, una secci\u00f3n paralela del Festival de cine de la Costa Azul francesa.<\/h2>\n<p style=\"text-align: justify;\"><a href=\"http:\/\/cronicasyversiones.com\/wp-content\/uploads\/2014\/04\/JD.jpg\"><img loading=\"lazy\" decoding=\"async\" class=\"wp-image-1673 aligncenter\" alt=\"JD\" src=\"http:\/\/cronicasyversiones.com\/wp-content\/uploads\/2014\/04\/JD-1024x633.jpg\" width=\"730\" height=\"451\" srcset=\"http:\/\/cronicasyversiones.com\/wp-content\/uploads\/2014\/04\/JD-1024x633.jpg 1024w, http:\/\/cronicasyversiones.com\/wp-content\/uploads\/2014\/04\/JD-300x185.jpg 300w, http:\/\/cronicasyversiones.com\/wp-content\/uploads\/2014\/04\/JD-624x385.jpg 624w, http:\/\/cronicasyversiones.com\/wp-content\/uploads\/2014\/04\/JD.jpg 1164w\" sizes=\"auto, (max-width: 730px) 100vw, 730px\" \/><\/a><br \/>\n<em><strong>\u201cRefugiado\u201d<\/strong><\/em>, la pel\u00edcula de <strong>Diego Lerman<\/strong>, fue seleccionada para participar en la pr\u00f3xima edici\u00f3n de la <strong>Quincena de Realizadores<\/strong>, secci\u00f3n paralela al <strong>Festival de Cine de Cannes<\/strong>, que se celebrar\u00e1 entre el 15 y el 25 de mayo.<\/p>\n<p><em><strong>\u201cRefugiado\u201d,<\/strong><\/em> el cuarto film del director argentino,\u00a0 narra el devenir de Mat\u00edas (<strong>Sebasti\u00e1n Molinaro<\/strong>) y Laura, su madre (<strong>Julieta D\u00edaz<\/strong>), cuando se ven obligados a abandonar inesperadamente la casa donde viven tras una nueva reacci\u00f3n violenta de Fabi\u00e1n (el padre).<\/p>\n<p>Mat\u00edas tiene s\u00f3lo siete a\u00f1os y Laura transita los momentos iniciales de un embarazo. Comienzan, as\u00ed, inesperadamente, un deambular en busca de un lugar d\u00f3nde puedan sentirse protegidos y amparados. <strong>Una singular road movie<\/strong>, un drama con algo de humor y mucha emoci\u00f3n.<\/p>\n<p style=\"text-align: justify;\"><a href=\"http:\/\/cronicasyversiones.com\/wp-content\/uploads\/2014\/04\/JD-2.jpg\"><img loading=\"lazy\" decoding=\"async\" class=\"wp-image-1675 aligncenter\" alt=\"JD 2\" src=\"http:\/\/cronicasyversiones.com\/wp-content\/uploads\/2014\/04\/JD-2-1024x540.jpg\" width=\"731\" height=\"385\" srcset=\"http:\/\/cronicasyversiones.com\/wp-content\/uploads\/2014\/04\/JD-2-1024x540.jpg 1024w, http:\/\/cronicasyversiones.com\/wp-content\/uploads\/2014\/04\/JD-2-300x158.jpg 300w, http:\/\/cronicasyversiones.com\/wp-content\/uploads\/2014\/04\/JD-2-624x329.jpg 624w, http:\/\/cronicasyversiones.com\/wp-content\/uploads\/2014\/04\/JD-2.jpg 1280w\" sizes=\"auto, (max-width: 731px) 100vw, 731px\" \/><\/a><br \/>\nEn la <strong>Quincena de Realizadores<\/strong> se proyectar\u00e1n en total 19 largometrajes, entre los que se incluye el brit\u00e1nico <em><strong>\u201cPride\u201d,<\/strong><\/em> de Matthew Warchus, una comedia que gira en torno a una inesperada alianza en 1984 entre un grupo de mineros y activistas homosexuales.<\/p>\n<p>La Quincena de Realizadores es una secci\u00f3n paralela al Festival de Cannes creada por la<strong> Soci\u00e9t\u00e9 des r\u00e9alisateurs de films<\/strong> (SRF) con el objetivo de \u201cdescubrir filmes de j\u00f3venes autores y saludar las obras de directores reconocidos\u201d.<\/p>\n<p>En la misma participaron anteriormente cineastas como <strong>George Lucas, Martin Scorsese<\/strong>, Ken Loach y Jim Jarmusch, as\u00ed como Michael Haneke, Spike Lee, Luc y Jean-Pierre Dardenne o Sofia Coppola.<\/p>\n<p style=\"text-align: justify;\">\n<div style=\"padding-bottom:20px; padding-top:10px;\" class=\"hupso-share-buttons\"><!-- Hupso Share Buttons - https:\/\/www.hupso.com\/share\/ --><a class=\"hupso_counters\" href=\"https:\/\/www.hupso.com\/share\/\"><img decoding=\"async\" src=\"http:\/\/static.hupso.com\/share\/buttons\/lang\/es\/share-small.png\" style=\"border:0px; padding-top:2px; float:left;\" alt=\"Share Button\"\/><\/a><script type=\"text\/javascript\">var hupso_services_c=new Array(\"twitter\",\"facebook_like\",\"google\");var hupso_counters_lang = \"es_LA\";var hupso_image_folder_url = \"\";var hupso_twitter_via=\"crsyvrs\";var hupso_url_c=\"\";<\/script><script type=\"text\/javascript\" src=\"http:\/\/static.hupso.com\/share\/js\/counters.js\"><\/script><!-- Hupso Share Buttons --><\/div> ","protected":false},"excerpt":{"rendered":"<div style=\"padding-bottom:20px; padding-top:10px;\" class=\"hupso-share-buttons\"><!-- Hupso Share Buttons - https:\/\/www.hupso.com\/share\/ --><a class=\"hupso_counters\" href=\"https:\/\/www.hupso.com\/share\/\"><img src=\"http:\/\/static.hupso.com\/share\/buttons\/lang\/es\/share-small.png\" style=\"border:0px; padding-top:2px; float:left;\" alt=\"Share Button\"\/><\/a><script type=\"text\/javascript\">var hupso_services_c=new Array(\"twitter\",\"facebook_like\",\"google\");var hupso_counters_lang = \"es_LA\";var hupso_image_folder_url = \"\";var hupso_twitter_via=\"crsyvrs\";var hupso_url_c=\"\";<\/script><script type=\"text\/javascript\" src=\"http:\/\/static.hupso.com\/share\/js\/counters.js\"><\/script><!-- Hupso Share Buttons --><\/div><p>La pel\u00edcula protagonizada por Julieta D\u00edaz y Sebasti\u00e1n Molinaro formar\u00e1 parte de la Quincena de Realizadores, una secci\u00f3n paralela del Festival de cine de la Costa Azul francesa. \u201cRefugiado\u201d, la pel\u00edcula de Diego Lerman, fue seleccionada para participar en&#46;&#46;&#46;<\/p>\n<div style=\"padding-bottom:20px; padding-top:10px;\" class=\"hupso-share-buttons\"><!-- Hupso Share Buttons - https:\/\/www.hupso.com\/share\/ --><a class=\"hupso_counters\" href=\"https:\/\/www.hupso.com\/share\/\"><img src=\"http:\/\/static.hupso.com\/share\/buttons\/lang\/es\/share-small.png\" style=\"border:0px; padding-top:2px; float:left;\" alt=\"Share Button\"\/><\/a><script type=\"text\/javascript\">var hupso_services_c=new Array(\"twitter\",\"facebook_like\",\"google\");var hupso_counters_lang = \"es_LA\";var hupso_image_folder_url = \"\";var hupso_twitter_via=\"crsyvrs\";var hupso_url_c=\"\";<\/script><script type=\"text\/javascript\" src=\"http:\/\/static.hupso.com\/share\/js\/counters.js\"><\/script><!-- Hupso Share Buttons --><\/div>","protected":false},"author":5,"featured_media":0,"comment_status":"open","ping_status":"open","sticky":false,"template":"","format":"standard","meta":{"footnotes":""},"categories":[4],"tags":[16,1403,1406,1404,1407,1402,1405],"class_list":["post-1672","post","type-post","status-publish","format-standard","hentry","category-cine","tag-cronicas-y-versiones","tag-diego-lerman","tag-festival-de-cine-de-cannes","tag-julieta-diaz","tag-quincena-de-realizadores","tag-refugiado","tag-sebastian-molinaro"],"_links":{"self":[{"href":"http:\/\/cronicasyversiones.com\/index.php?rest_route=\/wp\/v2\/posts\/1672","targetHints":{"allow":["GET"]}}],"collection":[{"href":"http:\/\/cronicasyversiones.com\/index.php?rest_route=\/wp\/v2\/posts"}],"about":[{"href":"http:\/\/cronicasyversiones.com\/index.php?rest_route=\/wp\/v2\/types\/post"}],"author":[{"embeddable":true,"href":"http:\/\/cronicasyversiones.com\/index.php?rest_route=\/wp\/v2\/users\/5"}],"replies":[{"embeddable":true,"href":"http:\/\/cronicasyversiones.com\/index.php?rest_route=%2Fwp%2Fv2%2Fcomments&post=1672"}],"version-history":[{"count":0,"href":"http:\/\/cronicasyversiones.com\/index.php?rest_route=\/wp\/v2\/posts\/1672\/revisions"}],"wp:attachment":[{"href":"http:\/\/cronicasyversiones.com\/index.php?rest_route=%2Fwp%2Fv2%2Fmedia&parent=1672"}],"wp:term":[{"taxonomy":"category","embeddable":true,"href":"http:\/\/cronicasyversiones.com\/index.php?rest_route=%2Fwp%2Fv2%2Fcategories&post=1672"},{"taxonomy":"post_tag","embeddable":true,"href":"http:\/\/cronicasyversiones.com\/index.php?rest_route=%2Fwp%2Fv2%2Ftags&post=1672"}],"curies":[{"name":"wp","href":"https:\/\/api.w.org\/{rel}","templated":true}]}}