{"id":16786,"date":"2017-09-20T08:54:16","date_gmt":"2017-09-20T11:54:16","guid":{"rendered":"http:\/\/cronicasyversiones.com\/?p=16786"},"modified":"2017-09-20T08:54:16","modified_gmt":"2017-09-20T11:54:16","slug":"un-documental-sobre-victor-jara-en-la-fundacion-mercedes-sosa","status":"publish","type":"post","link":"http:\/\/cronicasyversiones.com\/?p=16786","title":{"rendered":"Un documental sobre V\u00edctor Jara, en la Fundaci\u00f3n Mercedes Sosa"},"content":{"rendered":"<div style=\"padding-bottom:20px; padding-top:10px;\" class=\"hupso-share-buttons\"><!-- Hupso Share Buttons - https:\/\/www.hupso.com\/share\/ --><a class=\"hupso_counters\" href=\"https:\/\/www.hupso.com\/share\/\"><img decoding=\"async\" src=\"http:\/\/static.hupso.com\/share\/buttons\/lang\/es\/share-small.png\" style=\"border:0px; padding-top:2px; float:left;\" alt=\"Share Button\"\/><\/a><script type=\"text\/javascript\">var hupso_services_c=new Array(\"twitter\",\"facebook_like\",\"google\");var hupso_counters_lang = \"es_LA\";var hupso_image_folder_url = \"\";var hupso_twitter_via=\"crsyvrs\";var hupso_url_c=\"\";<\/script><script type=\"text\/javascript\" src=\"http:\/\/static.hupso.com\/share\/js\/counters.js\"><\/script><!-- Hupso Share Buttons --><\/div><h2>La pel\u00edcula de Carmen Luz Parot, que recorre la vida del cantautor chileno, forma parte del ciclo de cine \u201cTantos hermanos\u201d.<\/h2>\n<p><img loading=\"lazy\" decoding=\"async\" class=\"wp-image-16787 aligncenter\" src=\"http:\/\/cronicasyversiones.com\/wp-content\/uploads\/2017\/09\/jara-1024x824.jpg\" alt=\"\" width=\"750\" height=\"603\" srcset=\"http:\/\/cronicasyversiones.com\/wp-content\/uploads\/2017\/09\/jara-1024x824.jpg 1024w, http:\/\/cronicasyversiones.com\/wp-content\/uploads\/2017\/09\/jara-300x241.jpg 300w, http:\/\/cronicasyversiones.com\/wp-content\/uploads\/2017\/09\/jara-768x618.jpg 768w, http:\/\/cronicasyversiones.com\/wp-content\/uploads\/2017\/09\/jara.jpg 1280w\" sizes=\"auto, (max-width: 750px) 100vw, 750px\" \/><\/p>\n<p>Cine en la <strong>Fundaci\u00f3n Mercedes Sosa<\/strong> presenta el ciclo de cine <em><strong>\u201cTantos hermanos\u201d,<\/strong><\/em> un encuentro audiovisual que celebra la vida y obra de personalidades indispensables de la cultura popular latinoamericana, una propuesta de este espacio audiovisual es exhibir documentales acerca de la vida y la obra de destacados artistas de diferentes disciplinas.<\/p>\n<p>El jueves 28 de septiembre a las 19, y con entrada gratuita, ser\u00e1 el turno de <em><strong>\u201cEl derecho de vivir en paz\u201d<\/strong><\/em>, en homenaje a <strong>V\u00edctor Jara,<\/strong> dirigida por <strong>Carmen Luz Parot<\/strong>.<\/p>\n<p><strong>El documental recorre la vida del cantautor chileno V\u00edctor Jara.<\/strong> Los inicios y su infancia campesina, su juventud en una poblaci\u00f3n marginal de Santiago, su trabajo en el teatro, su carrera como m\u00fasico con el apoyo de Violeta Parra, y su compromiso con el pensamiento social de izquierda que llega al poder con <strong>Salvador Allende<\/strong> en 1970.<\/p>\n<p>Finalmente el tr\u00e1gico desenlace: <strong>Allende muere en la Moneda,<\/strong> Jara es torturado en el Estadio Chile y asesinado impunemente. Como muchos, su viuda debe abandonar el pa\u00eds y desde el extranjero iniciar una ardua lucha para recuperar el legado de V\u00edctor, cuya obra es destruida y prohibida en el pa\u00eds.<\/p>\n<p><em><strong>LEA TAMBI\u00c9N:\u00a0<\/strong><\/em><\/p>\n<div class=\"video-container\">\n<blockquote class=\"wp-embedded-content\" data-secret=\"Y3zIEtDza8\"><p><a href=\"http:\/\/cronicasyversiones.com\/?p=16709\">El colectivo Monqui Albino arranca un ciclo con el \u201cesp\u00edritu\u201d de Mercedes Sosa<\/a><\/p><\/blockquote>\n<p><iframe loading=\"lazy\" class=\"wp-embedded-content\" sandbox=\"allow-scripts\" security=\"restricted\" style=\"position: absolute; clip: rect(1px, 1px, 1px, 1px);\" title=\"\u00abEl colectivo Monqui Albino arranca un ciclo con el \u201cesp\u00edritu\u201d de Mercedes Sosa\u00bb \u2014    \" src=\"http:\/\/cronicasyversiones.com\/?p=16709&#038;embed=true#?secret=wHaYYTWUhj#?secret=Y3zIEtDza8\" data-secret=\"Y3zIEtDza8\" width=\"600\" height=\"338\" frameborder=\"0\" marginwidth=\"0\" marginheight=\"0\" scrolling=\"no\"><\/iframe><\/div>\n<p>Mientras que el en 12 de octubre se proyectar\u00e1 <em><strong>\u201cNuevo cancionero, el movimiento\u201d,<\/strong><\/em> de\u00a0 Gisela Lev\u00edn, y el 26 de octubre se podr\u00e1 ver <em><strong>\u201cUn r\u00edo que no cesa de cantar\u201d<\/strong><\/em>, un film sobre Atahualpa Yupanqui de Jos\u00e9 Montes Baquer.<\/p>\n<p>Como parte de este recorrido ya se proyectaron pel\u00edculas que abordan la historia de los m\u00fasicos, Violeta Parra, Miguel Abuelo, Vinicius de Moraes y de destacados artistas del mundo del tango; tambi\u00e9n del artista pl\u00e1stico Ricardo Carpani y del escritor Julio Cort\u00e1zar.<\/p>\n<p>&nbsp;<\/p>\n<div style=\"padding-bottom:20px; padding-top:10px;\" class=\"hupso-share-buttons\"><!-- Hupso Share Buttons - https:\/\/www.hupso.com\/share\/ --><a class=\"hupso_counters\" href=\"https:\/\/www.hupso.com\/share\/\"><img decoding=\"async\" src=\"http:\/\/static.hupso.com\/share\/buttons\/lang\/es\/share-small.png\" style=\"border:0px; padding-top:2px; float:left;\" alt=\"Share Button\"\/><\/a><script type=\"text\/javascript\">var hupso_services_c=new Array(\"twitter\",\"facebook_like\",\"google\");var hupso_counters_lang = \"es_LA\";var hupso_image_folder_url = \"\";var hupso_twitter_via=\"crsyvrs\";var hupso_url_c=\"\";<\/script><script type=\"text\/javascript\" src=\"http:\/\/static.hupso.com\/share\/js\/counters.js\"><\/script><!-- Hupso Share Buttons --><\/div> ","protected":false},"excerpt":{"rendered":"<div style=\"padding-bottom:20px; padding-top:10px;\" class=\"hupso-share-buttons\"><!-- Hupso Share Buttons - https:\/\/www.hupso.com\/share\/ --><a class=\"hupso_counters\" href=\"https:\/\/www.hupso.com\/share\/\"><img src=\"http:\/\/static.hupso.com\/share\/buttons\/lang\/es\/share-small.png\" style=\"border:0px; padding-top:2px; float:left;\" alt=\"Share Button\"\/><\/a><script type=\"text\/javascript\">var hupso_services_c=new Array(\"twitter\",\"facebook_like\",\"google\");var hupso_counters_lang = \"es_LA\";var hupso_image_folder_url = \"\";var hupso_twitter_via=\"crsyvrs\";var hupso_url_c=\"\";<\/script><script type=\"text\/javascript\" src=\"http:\/\/static.hupso.com\/share\/js\/counters.js\"><\/script><!-- Hupso Share Buttons --><\/div><p>La pel\u00edcula de Carmen Luz Parot, que recorre la vida del cantautor chileno, forma parte del ciclo de cine \u201cTantos hermanos\u201d. Cine en la Fundaci\u00f3n Mercedes Sosa presenta el ciclo de cine \u201cTantos hermanos\u201d, un encuentro audiovisual que celebra&#46;&#46;&#46;<\/p>\n<div style=\"padding-bottom:20px; padding-top:10px;\" class=\"hupso-share-buttons\"><!-- Hupso Share Buttons - https:\/\/www.hupso.com\/share\/ --><a class=\"hupso_counters\" href=\"https:\/\/www.hupso.com\/share\/\"><img src=\"http:\/\/static.hupso.com\/share\/buttons\/lang\/es\/share-small.png\" style=\"border:0px; padding-top:2px; float:left;\" alt=\"Share Button\"\/><\/a><script type=\"text\/javascript\">var hupso_services_c=new Array(\"twitter\",\"facebook_like\",\"google\");var hupso_counters_lang = \"es_LA\";var hupso_image_folder_url = \"\";var hupso_twitter_via=\"crsyvrs\";var hupso_url_c=\"\";<\/script><script type=\"text\/javascript\" src=\"http:\/\/static.hupso.com\/share\/js\/counters.js\"><\/script><!-- Hupso Share Buttons --><\/div>","protected":false},"author":5,"featured_media":16787,"comment_status":"open","ping_status":"closed","sticky":false,"template":"","format":"standard","meta":{"footnotes":""},"categories":[4],"tags":[8286,4196],"class_list":["post-16786","post","type-post","status-publish","format-standard","has-post-thumbnail","hentry","category-cine","tag-fundacion-mercedes-sosa","tag-victor-jara"],"_links":{"self":[{"href":"http:\/\/cronicasyversiones.com\/index.php?rest_route=\/wp\/v2\/posts\/16786","targetHints":{"allow":["GET"]}}],"collection":[{"href":"http:\/\/cronicasyversiones.com\/index.php?rest_route=\/wp\/v2\/posts"}],"about":[{"href":"http:\/\/cronicasyversiones.com\/index.php?rest_route=\/wp\/v2\/types\/post"}],"author":[{"embeddable":true,"href":"http:\/\/cronicasyversiones.com\/index.php?rest_route=\/wp\/v2\/users\/5"}],"replies":[{"embeddable":true,"href":"http:\/\/cronicasyversiones.com\/index.php?rest_route=%2Fwp%2Fv2%2Fcomments&post=16786"}],"version-history":[{"count":0,"href":"http:\/\/cronicasyversiones.com\/index.php?rest_route=\/wp\/v2\/posts\/16786\/revisions"}],"wp:featuredmedia":[{"embeddable":true,"href":"http:\/\/cronicasyversiones.com\/index.php?rest_route=\/wp\/v2\/media\/16787"}],"wp:attachment":[{"href":"http:\/\/cronicasyversiones.com\/index.php?rest_route=%2Fwp%2Fv2%2Fmedia&parent=16786"}],"wp:term":[{"taxonomy":"category","embeddable":true,"href":"http:\/\/cronicasyversiones.com\/index.php?rest_route=%2Fwp%2Fv2%2Fcategories&post=16786"},{"taxonomy":"post_tag","embeddable":true,"href":"http:\/\/cronicasyversiones.com\/index.php?rest_route=%2Fwp%2Fv2%2Ftags&post=16786"}],"curies":[{"name":"wp","href":"https:\/\/api.w.org\/{rel}","templated":true}]}}