{"id":16793,"date":"2017-09-21T00:02:35","date_gmt":"2017-09-21T03:02:35","guid":{"rendered":"http:\/\/cronicasyversiones.com\/?p=16793"},"modified":"2017-09-20T12:54:18","modified_gmt":"2017-09-20T15:54:18","slug":"treinta-anos-sin-jaco-pastorius-el-mejor-bajista-del-mundo","status":"publish","type":"post","link":"http:\/\/cronicasyversiones.com\/?p=16793","title":{"rendered":"Treinta a\u00f1os sin Jaco Pastorius, \u201cel mejor bajista del mundo\u201d"},"content":{"rendered":"<div style=\"padding-bottom:20px; padding-top:10px;\" class=\"hupso-share-buttons\"><!-- Hupso Share Buttons - https:\/\/www.hupso.com\/share\/ --><a class=\"hupso_counters\" href=\"https:\/\/www.hupso.com\/share\/\"><img decoding=\"async\" src=\"http:\/\/static.hupso.com\/share\/buttons\/lang\/es\/share-small.png\" style=\"border:0px; padding-top:2px; float:left;\" alt=\"Share Button\"\/><\/a><script type=\"text\/javascript\">var hupso_services_c=new Array(\"twitter\",\"facebook_like\",\"google\");var hupso_counters_lang = \"es_LA\";var hupso_image_folder_url = \"\";var hupso_twitter_via=\"crsyvrs\";var hupso_url_c=\"\";<\/script><script type=\"text\/javascript\" src=\"http:\/\/static.hupso.com\/share\/js\/counters.js\"><\/script><!-- Hupso Share Buttons --><\/div><h2>El 21 de septiembre de 1987, y con s\u00f3lo 35 a\u00f1os, fallec\u00eda este genial m\u00fasico que revolucion\u00f3 el sonido de su instrumento\u00a0 y de la escena del jazz rock.<\/h2>\n<p><img loading=\"lazy\" decoding=\"async\" class=\"wp-image-16794 aligncenter\" src=\"http:\/\/cronicasyversiones.com\/wp-content\/uploads\/2017\/09\/Jaco.jpg\" alt=\"\" width=\"774\" height=\"436\" srcset=\"http:\/\/cronicasyversiones.com\/wp-content\/uploads\/2017\/09\/Jaco.jpg 960w, http:\/\/cronicasyversiones.com\/wp-content\/uploads\/2017\/09\/Jaco-300x169.jpg 300w, http:\/\/cronicasyversiones.com\/wp-content\/uploads\/2017\/09\/Jaco-768x432.jpg 768w\" sizes=\"auto, (max-width: 774px) 100vw, 774px\" \/><\/p>\n<p><em><strong>\u201cSoy el mejor bajista del mundo\u201d<\/strong><\/em>, as\u00ed y sin falsa modestia se describ\u00eda y se presentaba<strong> Jaco Pastorius<\/strong> desde su m\u00e1s tierna edad y sostuvo esta pretenciosa afirmaci\u00f3n para postularse para conseguir ingresar a una banda emblem\u00e1tica.<\/p>\n<p>Este genial instrumentista, que est\u00e1 en el Olimpo de los bajistas, haya sido o no el mejor en lo suyo, fallec\u00eda hace 30 a\u00f1os y con s\u00f3lo 35 a\u00f1os, <strong>el 21 de septiembre de 1987<\/strong>, luego de una agon\u00eda de 10 d\u00edas fruto de la golpes que le propin\u00f3 uno de los encargados de seguridad de de un club nocturno, en la ciudad estadounidense de <strong>Fort Lauderdale.<\/strong><\/p>\n<p>Este futuro revolucionario del sonido del bajo el\u00e9ctrico, hijo de un baterista y cantante de orquesta, naci\u00f3 en 1951 en Pensilvania como <strong>John Francis Anthony Pastorius III.<\/strong> De muy chico su familia se traslad\u00f3 a la pen\u00ednsula de Florida, donde comenz\u00f3 a seguir los pasos musicales de su padre y desde temprana edad integr\u00f3 diversas bandas escolares, en las cuales se destacaba como baterista.<\/p>\n<p>Durante su adolescencia sufri\u00f3 un golpe haciendo deportes que le provoc\u00f3 una lesi\u00f3n en la mu\u00f1eca que le iba a impedir tocar la bater\u00eda. Jaco decidi\u00f3 entonces intercambiar los roles con el bajista de la banda en la que tocaba, llamada <strong>Las Olas Brass<\/strong> y aprendi\u00f3 el repertorio completo de la banda para su nuevo instrumento en tan s\u00f3lo una semana.<\/p>\n<p>En 1974 comenz\u00f3 a hacerse m\u00e1s reconocido cuando graba el disco <em><strong>\u00abBright Size Life\u00bb<\/strong><\/em> acompa\u00f1ando al guitarrista <strong>Pat Metheny<\/strong>, y permanece alg\u00fan tiempo como bajista del grupo Blood, Sweat &amp; Tears.<\/p>\n<p>S\u00f3lo un par de a\u00f1os despu\u00e9s, grababa su primer disco solista, titulado <em><strong>\u201cJaco\u201d<\/strong><\/em>, que despert\u00f3 elogios por doquier de la cr\u00edtica y de sus colegas. Este trabajo le llev\u00f3 r\u00e1pidamente a la crema del jazz y en este \u00e1lbum ya mostraba sus credenciales como compositor y como un revolucionario del bajo.<\/p>\n<p>A pesar de ser autodidactica, <strong>Jaco puso patas para arriba a la forma de tocar el bajo el\u00e9ctrico,<\/strong> cuyo papel hasta ese momento era meramente de acompa\u00f1amiento y permanec\u00eda en un segundo plano dentro de las bandas de rock, de jazz y de otros estilos.<\/p>\n<p>Jaco le sac\u00f3 el jugo al m\u00e1ximo al sonido del bajo \u00a0y lo llev\u00f3 a los primeros planos, mostrando que tambi\u00e9n pod\u00eda ser un instrumento enormemente expresivo y\u00a0 capaz de interpretar la melod\u00eda principal y realizar solos, a la par de otros instrumentos.<\/p>\n<p>En otra de sus aventuras, Pastorius le sac\u00f3 los trastes a su bajo<strong> Fender Jazz Bass modelo de 1954,<\/strong> transform\u00e1ndolo en un fretless, hasta el momento poco conocido y utilizado, cuya sonoridad y t\u00e9cnica son m\u00e1s similares a las del contrabajo. Luego Fender comenz\u00f3 a fabricar este tipo de bajos.<\/p>\n<p><em><strong>LEA TAMBI\u00c9N:\u00a0<\/strong><\/em><\/p>\n<div class=\"video-container\">\n<blockquote class=\"wp-embedded-content\" data-secret=\"d7NsAtKBYT\"><p><a href=\"http:\/\/cronicasyversiones.com\/?p=16026\">Cincuenta a\u00f1os sin John Coltrane<\/a><\/p><\/blockquote>\n<p><iframe loading=\"lazy\" class=\"wp-embedded-content\" sandbox=\"allow-scripts\" security=\"restricted\" style=\"position: absolute; clip: rect(1px, 1px, 1px, 1px);\" title=\"\u00abCincuenta a\u00f1os sin John Coltrane\u00bb \u2014    \" src=\"http:\/\/cronicasyversiones.com\/?p=16026&#038;embed=true#?secret=cqmMjoFM24#?secret=d7NsAtKBYT\" data-secret=\"d7NsAtKBYT\" width=\"600\" height=\"338\" frameborder=\"0\" marginwidth=\"0\" marginheight=\"0\" scrolling=\"no\"><\/iframe><\/div>\n<p>Jaco era fan\u00a0 del grupo de jazz rock <strong>Weather Report,<\/strong> y le insisti\u00f3 al l\u00edder de dicho grupo, <strong>Joe Zawinul<\/strong> para que le diera el puesto de bajista en la banda, con el argumento de que \u00e9l era <em><strong>\u00abEl mejor bajista del mundo\u00bb<\/strong><\/em>. Finalmente Pastorius logr\u00f3 que escuchara una cinta con su m\u00fasica y \u00a0Zawinul qued\u00f3 muy impresionado sobre todo por el particular sonido de Pastorius.<\/p>\n<p>Al poco tiempo, el bajista de Weather Report de aquel momento, <strong>Alphonso Johnson,<\/strong> abandon\u00f3 la banda y Zawinul le ofreci\u00f3 instant\u00e1neamente a Pastorius reemplazarlo. Jaco toc\u00f3 con Weather Report desde 1976 hasta 1981, probablemente la mejor \u00e9poca de la legendaria banda.<\/p>\n<p>Luego de dejar Weather Report, Jaco form\u00f3 su propia banda, <strong>Word Of Mouth,<\/strong> con la cual tambi\u00e9n grab\u00f3 varios discos y realiz\u00f3 numerosas giras hasta el a\u00f1o 1984.<\/p>\n<p>A partir de mediados de la d\u00e9cada de los \u201880, Jaco comenz\u00f3 a sufrir las primeras manifestaciones de trastornos mentales, y se le diagnostica como man\u00edaco depresivo. A pesar de que su familia intent\u00f3 internarlo para tratar sus problemas mentales, se rehus\u00f3 a seguir con el tratamiento cuando descubri\u00f3 que la medicaci\u00f3n que tomaba le produc\u00eda entumecimiento en los m\u00fasculos que le imped\u00edan tocar el bajo.<\/p>\n<p>Los \u00faltimos a\u00f1os mostraron al genial artista <strong>viviendo pr\u00e1cticamente como un vagabund<\/strong>o, meintras imploraba para que lo contrataran. Tambi\u00e9n qued\u00f3 en medio de peleas en sus intentos por ingresar a conciertos a los que no hab\u00eda sido convocado.<\/p>\n<p>En una de sus andanzas, \u00a0el 11 de septiembre de 1986, luego de un intento fallido de subir a tocar en un concierto de Santana, Jaco fue derecho a un club nocturno en donde se le neg\u00f3 el ingreso. All\u00ed fue duramente golpeado por Luc Havan, el patovica del lugar. Falleci\u00f3 10 d\u00edas despu\u00e9s a causa de esos golpes.<\/p>\n<p>Con un tendal de an\u00e9cdotas y con una pose rockera, admirador del jazz y tambi\u00e9n de <strong>Jimi Hendrix,<\/strong> dej\u00f3 para la posteridad una veintena de discos, tantos solistas como con otros m\u00fasicos, donde revolucion\u00f3 el sonido del bajo y se convirti\u00f3 en una influencia de varias generaciones de bajistas.<\/p>\n<p class=\"title style-scope ytd-video-primary-info-renderer\"><strong>Jaco en tiempos de Weather Report<\/strong><\/p>\n<p><iframe loading=\"lazy\" src=\"https:\/\/www.youtube.com\/embed\/i8q6sR6yZCE\" width=\"560\" height=\"315\" frameborder=\"0\" allowfullscreen=\"allowfullscreen\"><\/iframe><\/p>\n<div style=\"padding-bottom:20px; padding-top:10px;\" class=\"hupso-share-buttons\"><!-- Hupso Share Buttons - https:\/\/www.hupso.com\/share\/ --><a class=\"hupso_counters\" href=\"https:\/\/www.hupso.com\/share\/\"><img decoding=\"async\" src=\"http:\/\/static.hupso.com\/share\/buttons\/lang\/es\/share-small.png\" style=\"border:0px; padding-top:2px; float:left;\" alt=\"Share Button\"\/><\/a><script type=\"text\/javascript\">var hupso_services_c=new Array(\"twitter\",\"facebook_like\",\"google\");var hupso_counters_lang = \"es_LA\";var hupso_image_folder_url = \"\";var hupso_twitter_via=\"crsyvrs\";var hupso_url_c=\"\";<\/script><script type=\"text\/javascript\" src=\"http:\/\/static.hupso.com\/share\/js\/counters.js\"><\/script><!-- Hupso Share Buttons --><\/div> ","protected":false},"excerpt":{"rendered":"<div style=\"padding-bottom:20px; padding-top:10px;\" class=\"hupso-share-buttons\"><!-- Hupso Share Buttons - https:\/\/www.hupso.com\/share\/ --><a class=\"hupso_counters\" href=\"https:\/\/www.hupso.com\/share\/\"><img src=\"http:\/\/static.hupso.com\/share\/buttons\/lang\/es\/share-small.png\" style=\"border:0px; padding-top:2px; float:left;\" alt=\"Share Button\"\/><\/a><script type=\"text\/javascript\">var hupso_services_c=new Array(\"twitter\",\"facebook_like\",\"google\");var hupso_counters_lang = \"es_LA\";var hupso_image_folder_url = \"\";var hupso_twitter_via=\"crsyvrs\";var hupso_url_c=\"\";<\/script><script type=\"text\/javascript\" src=\"http:\/\/static.hupso.com\/share\/js\/counters.js\"><\/script><!-- Hupso Share Buttons --><\/div><p>El 21 de septiembre de 1987, y con s\u00f3lo 35 a\u00f1os, fallec\u00eda este genial m\u00fasico que revolucion\u00f3 el sonido de su instrumento\u00a0 y de la escena del jazz rock. \u201cSoy el mejor bajista del mundo\u201d, as\u00ed y sin falsa&#46;&#46;&#46;<\/p>\n<div style=\"padding-bottom:20px; padding-top:10px;\" class=\"hupso-share-buttons\"><!-- Hupso Share Buttons - https:\/\/www.hupso.com\/share\/ --><a class=\"hupso_counters\" href=\"https:\/\/www.hupso.com\/share\/\"><img src=\"http:\/\/static.hupso.com\/share\/buttons\/lang\/es\/share-small.png\" style=\"border:0px; padding-top:2px; float:left;\" alt=\"Share Button\"\/><\/a><script type=\"text\/javascript\">var hupso_services_c=new Array(\"twitter\",\"facebook_like\",\"google\");var hupso_counters_lang = \"es_LA\";var hupso_image_folder_url = \"\";var hupso_twitter_via=\"crsyvrs\";var hupso_url_c=\"\";<\/script><script type=\"text\/javascript\" src=\"http:\/\/static.hupso.com\/share\/js\/counters.js\"><\/script><!-- Hupso Share Buttons --><\/div>","protected":false},"author":5,"featured_media":16794,"comment_status":"open","ping_status":"closed","sticky":false,"template":"","format":"standard","meta":{"footnotes":""},"categories":[3],"tags":[8307,262],"class_list":["post-16793","post","type-post","status-publish","format-standard","has-post-thumbnail","hentry","category-musica","tag-jaco-pastorius","tag-jazz"],"_links":{"self":[{"href":"http:\/\/cronicasyversiones.com\/index.php?rest_route=\/wp\/v2\/posts\/16793","targetHints":{"allow":["GET"]}}],"collection":[{"href":"http:\/\/cronicasyversiones.com\/index.php?rest_route=\/wp\/v2\/posts"}],"about":[{"href":"http:\/\/cronicasyversiones.com\/index.php?rest_route=\/wp\/v2\/types\/post"}],"author":[{"embeddable":true,"href":"http:\/\/cronicasyversiones.com\/index.php?rest_route=\/wp\/v2\/users\/5"}],"replies":[{"embeddable":true,"href":"http:\/\/cronicasyversiones.com\/index.php?rest_route=%2Fwp%2Fv2%2Fcomments&post=16793"}],"version-history":[{"count":0,"href":"http:\/\/cronicasyversiones.com\/index.php?rest_route=\/wp\/v2\/posts\/16793\/revisions"}],"wp:featuredmedia":[{"embeddable":true,"href":"http:\/\/cronicasyversiones.com\/index.php?rest_route=\/wp\/v2\/media\/16794"}],"wp:attachment":[{"href":"http:\/\/cronicasyversiones.com\/index.php?rest_route=%2Fwp%2Fv2%2Fmedia&parent=16793"}],"wp:term":[{"taxonomy":"category","embeddable":true,"href":"http:\/\/cronicasyversiones.com\/index.php?rest_route=%2Fwp%2Fv2%2Fcategories&post=16793"},{"taxonomy":"post_tag","embeddable":true,"href":"http:\/\/cronicasyversiones.com\/index.php?rest_route=%2Fwp%2Fv2%2Ftags&post=16793"}],"curies":[{"name":"wp","href":"https:\/\/api.w.org\/{rel}","templated":true}]}}