{"id":16882,"date":"2017-09-26T15:07:08","date_gmt":"2017-09-26T18:07:08","guid":{"rendered":"http:\/\/cronicasyversiones.com\/?p=16882"},"modified":"2017-09-26T15:14:51","modified_gmt":"2017-09-26T18:14:51","slug":"cristian-perfumo-finalista-del-premio-literario-amazon-por-el-coleccionista-de-flechas","status":"publish","type":"post","link":"http:\/\/cronicasyversiones.com\/?p=16882","title":{"rendered":"Cristian Perfumo, finalista del Premio Literario Amazon por \u201cEl coleccionista de flechas\u201d"},"content":{"rendered":"<div style=\"padding-bottom:20px; padding-top:10px;\" class=\"hupso-share-buttons\"><!-- Hupso Share Buttons - https:\/\/www.hupso.com\/share\/ --><a class=\"hupso_counters\" href=\"https:\/\/www.hupso.com\/share\/\"><img decoding=\"async\" src=\"http:\/\/static.hupso.com\/share\/buttons\/lang\/es\/share-small.png\" style=\"border:0px; padding-top:2px; float:left;\" alt=\"Share Button\"\/><\/a><script type=\"text\/javascript\">var hupso_services_c=new Array(\"twitter\",\"facebook_like\",\"google\");var hupso_counters_lang = \"es_LA\";var hupso_image_folder_url = \"\";var hupso_twitter_via=\"crsyvrs\";var hupso_url_c=\"\";<\/script><script type=\"text\/javascript\" src=\"http:\/\/static.hupso.com\/share\/js\/counters.js\"><\/script><!-- Hupso Share Buttons --><\/div><h2>El escritor argentino es uno de los autores que lleg\u00f3 a esta instancia, entre 1800 obras de ficci\u00f3n presentadas, con su ficci\u00f3n polic\u00edaca.<\/h2>\n<p><img loading=\"lazy\" decoding=\"async\" class=\"size-full wp-image-16886 aligncenter\" src=\"http:\/\/cronicasyversiones.com\/wp-content\/uploads\/2017\/09\/cristian-perfumo.jpg\" alt=\"\" width=\"698\" height=\"465\" srcset=\"http:\/\/cronicasyversiones.com\/wp-content\/uploads\/2017\/09\/cristian-perfumo.jpg 698w, http:\/\/cronicasyversiones.com\/wp-content\/uploads\/2017\/09\/cristian-perfumo-300x200.jpg 300w, http:\/\/cronicasyversiones.com\/wp-content\/uploads\/2017\/09\/cristian-perfumo-480x320.jpg 480w\" sizes=\"auto, (max-width: 698px) 100vw, 698px\" \/><\/p>\n<p><strong>Amazon<\/strong> anunci\u00f3 los finalistas del <strong>Premio Literario Amazon 2017<\/strong>,\u00a0 el certamen literario para autores independientes en espa\u00f1ol de todo el mundo, que incluye al argentino <strong>Cristian Perfumo<\/strong> con su ficci\u00f3n polic\u00edaca <em><strong>\u201cEl coleccionista de flechas\u201d<\/strong><\/em>.<\/p>\n<p>En el libro de Perfumo, la calma de un pueblo patag\u00f3nico se rompe cuando uno de sus vecinos aparece muerto y torturado en su sof\u00e1. Para<strong> Laura Bad\u00eda,<\/strong> experta en criminolog\u00eda, este es el caso de su vida.\u00a0Adem\u00e1s de la <strong>brutalidad del homicidio,<\/strong> de la casa de la v\u00edctima faltan trece puntas de flecha talladas hace miles de a\u00f1os por el pueblo tehuelche.<\/p>\n<p>La colecci\u00f3n, de la que todos hablan pero casi nadie ha visto, contiene la respuesta a uno de los misterios arqueol\u00f3gicos m\u00e1s importantes de nuestra \u00e9poca.<strong> Su valor cient\u00edfico es incalculable. Su precio en el mercado negro, tambi\u00e9n.<\/strong><\/p>\n<p>Ayudada por un arque\u00f3logo, Laura se ver\u00e1 arrastrada en una peligrosa b\u00fasqueda que la llevar\u00e1 del famoso glaciar Perito Moreno a los rincones m\u00e1s remotos y menos visitados de la Patagonia.<\/p>\n<p>Las dem\u00e1s obras finalistas son <em><strong>\u201cEl amargo don del olvido\u201d<\/strong><\/em>, de A. V. San Mart\u00edn,<strong> <em>\u201cBajo el puente de los vientos\u201d<\/em><\/strong>, de Jos\u00e9 de la Rosa; <em><strong>\u201cLos cr\u00edmenes del lago\u201d<\/strong><\/em>, de Gemma Herrero Virto; y <em><strong>\u201cEl legado de Ava\u201d<\/strong><\/em>, de Elena Fuentes Moreno.<\/p>\n<p>Los finalistas fueron seleccionados entre m\u00e1s de <strong>1800 obras de ficci\u00f3n y no ficci\u00f3n<\/strong> autopublicadas por autores independientes procedentes de hasta 39 pa\u00edses diferentes. Sus libros demuestran la gran diversidad de g\u00e9neros y estilos que los escritores de habla hispana ofrecen a lectores de todo el mundo a trav\u00e9s del servicio <strong>Kindle Direct Publishing (KDP).<\/strong><\/p>\n<p>Ahora, un panel integrado por l\u00edderes de Amazon y autores reconocidos seleccionar\u00e1n al ganador. Entre los jueces se encuentran <strong>Ismael Cala<\/strong>, autor best-seller y coach; <strong>Blanca Miosi,<\/strong> autora best-seller latinoamericana, y <strong>Jordi Sierra i Fabra<\/strong>, autor best-seller espa\u00f1ol.<\/p>\n<p><em><strong>LEA TAMBI\u00c9N:\u00a0<\/strong><\/em><\/p>\n<div class=\"video-container\">\n<blockquote class=\"wp-embedded-content\" data-secret=\"qadJ2gPxt0\"><p><a href=\"http:\/\/cronicasyversiones.com\/?p=16603\">Convocan al segundo concurso de narrativa Bernardo Kordon<\/a><\/p><\/blockquote>\n<p><iframe loading=\"lazy\" class=\"wp-embedded-content\" sandbox=\"allow-scripts\" security=\"restricted\" style=\"position: absolute; clip: rect(1px, 1px, 1px, 1px);\" title=\"\u00abConvocan al segundo concurso de narrativa Bernardo Kordon\u00bb \u2014    \" src=\"http:\/\/cronicasyversiones.com\/?p=16603&#038;embed=true#?secret=Lx8vW7hlWE#?secret=qadJ2gPxt0\" data-secret=\"qadJ2gPxt0\" width=\"600\" height=\"338\" frameborder=\"0\" marginwidth=\"0\" marginheight=\"0\" scrolling=\"no\"><\/iframe><\/div>\n<p>El libro ganador podr\u00e1 verse publicado en espa\u00f1ol mundialmente por el sello Amazon Publishing, en formato digital, impreso y audiolibro.<\/p>\n<p>Adem\u00e1s, ser\u00e1 traducido al ingl\u00e9s y publicado internacionalmente a trav\u00e9s de Amazon Crossing, el sello que lleva autores de todo el mundo a nuevos lectores en otros idiomas. Finalmente, el ganador recibir\u00e1 un premio econ\u00f3mico de 5000 d\u00f3lares.<\/p>\n<div style=\"padding-bottom:20px; padding-top:10px;\" class=\"hupso-share-buttons\"><!-- Hupso Share Buttons - https:\/\/www.hupso.com\/share\/ --><a class=\"hupso_counters\" href=\"https:\/\/www.hupso.com\/share\/\"><img decoding=\"async\" src=\"http:\/\/static.hupso.com\/share\/buttons\/lang\/es\/share-small.png\" style=\"border:0px; padding-top:2px; float:left;\" alt=\"Share Button\"\/><\/a><script type=\"text\/javascript\">var hupso_services_c=new Array(\"twitter\",\"facebook_like\",\"google\");var hupso_counters_lang = \"es_LA\";var hupso_image_folder_url = \"\";var hupso_twitter_via=\"crsyvrs\";var hupso_url_c=\"\";<\/script><script type=\"text\/javascript\" src=\"http:\/\/static.hupso.com\/share\/js\/counters.js\"><\/script><!-- Hupso Share Buttons --><\/div> ","protected":false},"excerpt":{"rendered":"<div style=\"padding-bottom:20px; padding-top:10px;\" class=\"hupso-share-buttons\"><!-- Hupso Share Buttons - https:\/\/www.hupso.com\/share\/ --><a class=\"hupso_counters\" href=\"https:\/\/www.hupso.com\/share\/\"><img src=\"http:\/\/static.hupso.com\/share\/buttons\/lang\/es\/share-small.png\" style=\"border:0px; padding-top:2px; float:left;\" alt=\"Share Button\"\/><\/a><script type=\"text\/javascript\">var hupso_services_c=new Array(\"twitter\",\"facebook_like\",\"google\");var hupso_counters_lang = \"es_LA\";var hupso_image_folder_url = \"\";var hupso_twitter_via=\"crsyvrs\";var hupso_url_c=\"\";<\/script><script type=\"text\/javascript\" src=\"http:\/\/static.hupso.com\/share\/js\/counters.js\"><\/script><!-- Hupso Share Buttons --><\/div><p>El escritor argentino es uno de los autores que lleg\u00f3 a esta instancia, entre 1800 obras de ficci\u00f3n presentadas, con su ficci\u00f3n polic\u00edaca. Amazon anunci\u00f3 los finalistas del Premio Literario Amazon 2017,\u00a0 el certamen literario para autores independientes en&#46;&#46;&#46;<\/p>\n<div style=\"padding-bottom:20px; padding-top:10px;\" class=\"hupso-share-buttons\"><!-- Hupso Share Buttons - https:\/\/www.hupso.com\/share\/ --><a class=\"hupso_counters\" href=\"https:\/\/www.hupso.com\/share\/\"><img src=\"http:\/\/static.hupso.com\/share\/buttons\/lang\/es\/share-small.png\" style=\"border:0px; padding-top:2px; float:left;\" alt=\"Share Button\"\/><\/a><script type=\"text\/javascript\">var hupso_services_c=new Array(\"twitter\",\"facebook_like\",\"google\");var hupso_counters_lang = \"es_LA\";var hupso_image_folder_url = \"\";var hupso_twitter_via=\"crsyvrs\";var hupso_url_c=\"\";<\/script><script type=\"text\/javascript\" src=\"http:\/\/static.hupso.com\/share\/js\/counters.js\"><\/script><!-- Hupso Share Buttons --><\/div>","protected":false},"author":5,"featured_media":16886,"comment_status":"open","ping_status":"closed","sticky":false,"template":"","format":"standard","meta":{"footnotes":""},"categories":[7],"tags":[2465,8323],"class_list":["post-16882","post","type-post","status-publish","format-standard","has-post-thumbnail","hentry","category-literatura","tag-amazon","tag-cristian-perfumo"],"_links":{"self":[{"href":"http:\/\/cronicasyversiones.com\/index.php?rest_route=\/wp\/v2\/posts\/16882","targetHints":{"allow":["GET"]}}],"collection":[{"href":"http:\/\/cronicasyversiones.com\/index.php?rest_route=\/wp\/v2\/posts"}],"about":[{"href":"http:\/\/cronicasyversiones.com\/index.php?rest_route=\/wp\/v2\/types\/post"}],"author":[{"embeddable":true,"href":"http:\/\/cronicasyversiones.com\/index.php?rest_route=\/wp\/v2\/users\/5"}],"replies":[{"embeddable":true,"href":"http:\/\/cronicasyversiones.com\/index.php?rest_route=%2Fwp%2Fv2%2Fcomments&post=16882"}],"version-history":[{"count":0,"href":"http:\/\/cronicasyversiones.com\/index.php?rest_route=\/wp\/v2\/posts\/16882\/revisions"}],"wp:featuredmedia":[{"embeddable":true,"href":"http:\/\/cronicasyversiones.com\/index.php?rest_route=\/wp\/v2\/media\/16886"}],"wp:attachment":[{"href":"http:\/\/cronicasyversiones.com\/index.php?rest_route=%2Fwp%2Fv2%2Fmedia&parent=16882"}],"wp:term":[{"taxonomy":"category","embeddable":true,"href":"http:\/\/cronicasyversiones.com\/index.php?rest_route=%2Fwp%2Fv2%2Fcategories&post=16882"},{"taxonomy":"post_tag","embeddable":true,"href":"http:\/\/cronicasyversiones.com\/index.php?rest_route=%2Fwp%2Fv2%2Ftags&post=16882"}],"curies":[{"name":"wp","href":"https:\/\/api.w.org\/{rel}","templated":true}]}}