{"id":16889,"date":"2017-09-27T09:45:22","date_gmt":"2017-09-27T12:45:22","guid":{"rendered":"http:\/\/cronicasyversiones.com\/?p=16889"},"modified":"2017-09-27T09:45:22","modified_gmt":"2017-09-27T12:45:22","slug":"homenajean-a-quino-y-a-mafalda-en-la-feria-del-libro-de-mendoza","status":"publish","type":"post","link":"http:\/\/cronicasyversiones.com\/?p=16889","title":{"rendered":"Homenajean a Quino y a Mafalda en la Feria del Libro de Mendoza"},"content":{"rendered":"<div style=\"padding-bottom:20px; padding-top:10px;\" class=\"hupso-share-buttons\"><!-- Hupso Share Buttons - https:\/\/www.hupso.com\/share\/ --><a class=\"hupso_counters\" href=\"https:\/\/www.hupso.com\/share\/\"><img decoding=\"async\" src=\"http:\/\/static.hupso.com\/share\/buttons\/lang\/es\/share-small.png\" style=\"border:0px; padding-top:2px; float:left;\" alt=\"Share Button\"\/><\/a><script type=\"text\/javascript\">var hupso_services_c=new Array(\"twitter\",\"facebook_like\",\"google\");var hupso_counters_lang = \"es_LA\";var hupso_image_folder_url = \"\";var hupso_twitter_via=\"crsyvrs\";var hupso_url_c=\"\";<\/script><script type=\"text\/javascript\" src=\"http:\/\/static.hupso.com\/share\/js\/counters.js\"><\/script><!-- Hupso Share Buttons --><\/div><h2>Adem\u00e1s del reconocimiento al genial humorista gr\u00e1fico nacido en esa provincia, habr\u00e1 m\u00e1s de 300 actividades y casi 50 puestos de venta de libros.<\/h2>\n<p><img loading=\"lazy\" decoding=\"async\" class=\"wp-image-16890 aligncenter\" src=\"http:\/\/cronicasyversiones.com\/wp-content\/uploads\/2017\/09\/quino.jpg\" alt=\"\" width=\"722\" height=\"433\" srcset=\"http:\/\/cronicasyversiones.com\/wp-content\/uploads\/2017\/09\/quino.jpg 650w, http:\/\/cronicasyversiones.com\/wp-content\/uploads\/2017\/09\/quino-300x180.jpg 300w\" sizes=\"auto, (max-width: 722px) 100vw, 722px\" \/><\/p>\n<p>La <strong>Feria del Libro de Mendoza<\/strong> le redir\u00e1 homenaje a la pr\u00f3diga labor Joaqu\u00edn Lavado, <strong>Quino<\/strong>, oriundo de esa provincia, entre las m\u00e1s de 300 actividades y casi 50 puestos de venta de libros que estar\u00e1n disponibles a partir del 29 de septiembre.<\/p>\n<p>Quino, el maestro local, ser\u00e1 la figura convocante del encuentro; no solo con<strong> Mafalda,<\/strong> su personaje emblem\u00e1tico, sino tambi\u00e9n con todas sus otras creaciones, que se podr\u00e1n apreciar por medio de la decoraci\u00f3n y la propuesta en general de esta cita literario.<\/p>\n<p>Quino, el creador de esta tira que se public\u00f3 entre 1964 y 1973, defini\u00f3 a Mafalda como un <strong>\u201cespejo de la clase media latinoamericana y de la juventud progresista\u201d.<\/strong><\/p>\n<p>A pesar de que Mafalda s\u00f3lo se public\u00f3 durante menos que una d\u00e9cada, un tiempo mucho menor a otros cl\u00e1sicos del humor gr\u00e1fico, el furor posterior gener\u00f3 que la tira se traduzca a 30 idiomas y lleve vendido en la Argentina m\u00e1s de 20 millones de ejemplares y una suculenta cantidad en otras latitudes.<\/p>\n<p><em><strong>LEA TAMBI\u00c9N:\u00a0<\/strong><\/em><\/p>\n<div class=\"video-container\">\n<blockquote class=\"wp-embedded-content\" data-secret=\"nI2FQLHlpM\"><p><a href=\"http:\/\/cronicasyversiones.com\/?p=16603\">Convocan al segundo concurso de narrativa Bernardo Kordon<\/a><\/p><\/blockquote>\n<p><iframe loading=\"lazy\" class=\"wp-embedded-content\" sandbox=\"allow-scripts\" security=\"restricted\" style=\"position: absolute; clip: rect(1px, 1px, 1px, 1px);\" title=\"\u00abConvocan al segundo concurso de narrativa Bernardo Kordon\u00bb \u2014    \" src=\"http:\/\/cronicasyversiones.com\/?p=16603&#038;embed=true#?secret=WloaRP2bEM#?secret=nI2FQLHlpM\" data-secret=\"nI2FQLHlpM\" width=\"600\" height=\"338\" frameborder=\"0\" marginwidth=\"0\" marginheight=\"0\" scrolling=\"no\"><\/iframe><\/div>\n<p>Entre las figuras que llegar\u00e1n al Espacio Cultural Julio Le Parc (Mitre y Godoy Cruz, S\/N) de la localidad de Guaymall\u00e9n como invitados especiales, el coordinador destac\u00f3 la presencia de<strong> Pacho O\u2019 Donell, Liliana Bodoc, Rep, Felipe Pigna, Gabo Ferro, L\u00f3pez Rossetti y Juan Sasturain<\/strong>, entre otros.<\/p>\n<p>Adem\u00e1s, <strong>Litto Nebbia<\/strong> presentar\u00e1 su libro \u201cMi banda sonora\u201d, como parte de las celebraciones de los cincuenta a\u00f1os del rock argentino.<\/p>\n<p>La Feria del Libro funcionar\u00e1 en dos turnos: por la ma\u00f1ana, de 10 a 13; y por la tarde, de 16 a 22. Las excepciones ser\u00e1n el viernes 29\u00a0\u00a0y el lunes 9 de octubre y los fines de semana, cuando abrir\u00e1 solo en la tarde.<\/p>\n<p>&nbsp;<\/p>\n<div style=\"padding-bottom:20px; padding-top:10px;\" class=\"hupso-share-buttons\"><!-- Hupso Share Buttons - https:\/\/www.hupso.com\/share\/ --><a class=\"hupso_counters\" href=\"https:\/\/www.hupso.com\/share\/\"><img decoding=\"async\" src=\"http:\/\/static.hupso.com\/share\/buttons\/lang\/es\/share-small.png\" style=\"border:0px; padding-top:2px; float:left;\" alt=\"Share Button\"\/><\/a><script type=\"text\/javascript\">var hupso_services_c=new Array(\"twitter\",\"facebook_like\",\"google\");var hupso_counters_lang = \"es_LA\";var hupso_image_folder_url = \"\";var hupso_twitter_via=\"crsyvrs\";var hupso_url_c=\"\";<\/script><script type=\"text\/javascript\" src=\"http:\/\/static.hupso.com\/share\/js\/counters.js\"><\/script><!-- Hupso Share Buttons --><\/div> ","protected":false},"excerpt":{"rendered":"<div style=\"padding-bottom:20px; padding-top:10px;\" class=\"hupso-share-buttons\"><!-- Hupso Share Buttons - https:\/\/www.hupso.com\/share\/ --><a class=\"hupso_counters\" href=\"https:\/\/www.hupso.com\/share\/\"><img src=\"http:\/\/static.hupso.com\/share\/buttons\/lang\/es\/share-small.png\" style=\"border:0px; padding-top:2px; float:left;\" alt=\"Share Button\"\/><\/a><script type=\"text\/javascript\">var hupso_services_c=new Array(\"twitter\",\"facebook_like\",\"google\");var hupso_counters_lang = \"es_LA\";var hupso_image_folder_url = \"\";var hupso_twitter_via=\"crsyvrs\";var hupso_url_c=\"\";<\/script><script type=\"text\/javascript\" src=\"http:\/\/static.hupso.com\/share\/js\/counters.js\"><\/script><!-- Hupso Share Buttons --><\/div><p>Adem\u00e1s del reconocimiento al genial humorista gr\u00e1fico nacido en esa provincia, habr\u00e1 m\u00e1s de 300 actividades y casi 50 puestos de venta de libros. La Feria del Libro de Mendoza le redir\u00e1 homenaje a la pr\u00f3diga labor Joaqu\u00edn Lavado,&#46;&#46;&#46;<\/p>\n<div style=\"padding-bottom:20px; padding-top:10px;\" class=\"hupso-share-buttons\"><!-- Hupso Share Buttons - https:\/\/www.hupso.com\/share\/ --><a class=\"hupso_counters\" href=\"https:\/\/www.hupso.com\/share\/\"><img src=\"http:\/\/static.hupso.com\/share\/buttons\/lang\/es\/share-small.png\" style=\"border:0px; padding-top:2px; float:left;\" alt=\"Share Button\"\/><\/a><script type=\"text\/javascript\">var hupso_services_c=new Array(\"twitter\",\"facebook_like\",\"google\");var hupso_counters_lang = \"es_LA\";var hupso_image_folder_url = \"\";var hupso_twitter_via=\"crsyvrs\";var hupso_url_c=\"\";<\/script><script type=\"text\/javascript\" src=\"http:\/\/static.hupso.com\/share\/js\/counters.js\"><\/script><!-- Hupso Share Buttons --><\/div>","protected":false},"author":5,"featured_media":16890,"comment_status":"open","ping_status":"closed","sticky":false,"template":"","format":"standard","meta":{"footnotes":""},"categories":[8,7],"tags":[8324,62,850],"class_list":["post-16889","post","type-post","status-publish","format-standard","has-post-thumbnail","hentry","category-artes-plasticas","category-literatura","tag-feria-del-libro-de-mendoza","tag-mafalda","tag-quino"],"_links":{"self":[{"href":"http:\/\/cronicasyversiones.com\/index.php?rest_route=\/wp\/v2\/posts\/16889","targetHints":{"allow":["GET"]}}],"collection":[{"href":"http:\/\/cronicasyversiones.com\/index.php?rest_route=\/wp\/v2\/posts"}],"about":[{"href":"http:\/\/cronicasyversiones.com\/index.php?rest_route=\/wp\/v2\/types\/post"}],"author":[{"embeddable":true,"href":"http:\/\/cronicasyversiones.com\/index.php?rest_route=\/wp\/v2\/users\/5"}],"replies":[{"embeddable":true,"href":"http:\/\/cronicasyversiones.com\/index.php?rest_route=%2Fwp%2Fv2%2Fcomments&post=16889"}],"version-history":[{"count":0,"href":"http:\/\/cronicasyversiones.com\/index.php?rest_route=\/wp\/v2\/posts\/16889\/revisions"}],"wp:featuredmedia":[{"embeddable":true,"href":"http:\/\/cronicasyversiones.com\/index.php?rest_route=\/wp\/v2\/media\/16890"}],"wp:attachment":[{"href":"http:\/\/cronicasyversiones.com\/index.php?rest_route=%2Fwp%2Fv2%2Fmedia&parent=16889"}],"wp:term":[{"taxonomy":"category","embeddable":true,"href":"http:\/\/cronicasyversiones.com\/index.php?rest_route=%2Fwp%2Fv2%2Fcategories&post=16889"},{"taxonomy":"post_tag","embeddable":true,"href":"http:\/\/cronicasyversiones.com\/index.php?rest_route=%2Fwp%2Fv2%2Ftags&post=16889"}],"curies":[{"name":"wp","href":"https:\/\/api.w.org\/{rel}","templated":true}]}}