{"id":1689,"date":"2014-04-23T12:35:43","date_gmt":"2014-04-23T15:35:43","guid":{"rendered":"http:\/\/cronicasyversiones.com\/?p=1689"},"modified":"2014-04-23T12:39:10","modified_gmt":"2014-04-23T15:39:10","slug":"la-feria-del-libro-de-buenos-aires-cumple-40-anos","status":"publish","type":"post","link":"http:\/\/cronicasyversiones.com\/?p=1689","title":{"rendered":"La Feria del Libro de Buenos Aires cumple 40 a\u00f1os"},"content":{"rendered":"<div style=\"padding-bottom:20px; padding-top:10px;\" class=\"hupso-share-buttons\"><!-- Hupso Share Buttons - https:\/\/www.hupso.com\/share\/ --><a class=\"hupso_counters\" href=\"https:\/\/www.hupso.com\/share\/\"><img decoding=\"async\" src=\"http:\/\/static.hupso.com\/share\/buttons\/lang\/es\/share-small.png\" style=\"border:0px; padding-top:2px; float:left;\" alt=\"Share Button\"\/><\/a><script type=\"text\/javascript\">var hupso_services_c=new Array(\"twitter\",\"facebook_like\",\"google\");var hupso_counters_lang = \"es_LA\";var hupso_image_folder_url = \"\";var hupso_twitter_via=\"crsyvrs\";var hupso_url_c=\"\";<\/script><script type=\"text\/javascript\" src=\"http:\/\/static.hupso.com\/share\/js\/counters.js\"><\/script><!-- Hupso Share Buttons --><\/div><h2 style=\"text-align: justify;\">En la nueva cita literaria porte\u00f1a que participar\u00e1n m\u00e1s de 60 autores y estrellas de la literatura como Paul Auster y John Maxwell Coetzee. Quino inaugurar\u00e1 esta edici\u00f3n.<\/h2>\n<p><a href=\"http:\/\/cronicasyversiones.com\/wp-content\/uploads\/2014\/04\/feria-del-libro.jpg\"><img loading=\"lazy\" decoding=\"async\" class=\"size-full wp-image-1690 aligncenter\" alt=\"feria-del-libro\" src=\"http:\/\/cronicasyversiones.com\/wp-content\/uploads\/2014\/04\/feria-del-libro.jpg\" width=\"640\" height=\"384\" srcset=\"http:\/\/cronicasyversiones.com\/wp-content\/uploads\/2014\/04\/feria-del-libro.jpg 640w, http:\/\/cronicasyversiones.com\/wp-content\/uploads\/2014\/04\/feria-del-libro-300x180.jpg 300w, http:\/\/cronicasyversiones.com\/wp-content\/uploads\/2014\/04\/feria-del-libro-624x374.jpg 624w\" sizes=\"auto, (max-width: 640px) 100vw, 640px\" \/><\/a><\/p>\n<p style=\"text-align: justify;\">La <strong>Feria del Libro de Buenos Aires<\/strong> celebra sus 40 a\u00f1os y llega as\u00ed a su plenitud como un gran espacio de la cultura, con una convocadante edici\u00f3n en la que participar\u00e1n m\u00e1s de 60 autores y un par de estrellas de la literatura mundial, como <strong>Paul Auster y John Maxwell Coetzee.<\/strong><\/p>\n<p>El<strong> \u201cCap\u00edtulo 40\u201d<\/strong> de esta muestra, la mayor de su tipo en el mundo hispano con sus decenas de talleres, charlas y presentaciones de libros, ser\u00e1 inaugurado este jueves por<strong> Quino<\/strong>, el padre de <a href=\"http:\/\/cronicasyversiones.com\/?p=1592\" target=\"_blank\"><strong>Mafalda<\/strong><\/a>, la peque\u00f1a protagonista de la historieta hom\u00f3nima que este a\u00f1o celebra su 50 aniversario.<\/p>\n<p>Quino, de 82 a\u00f1os y cuya obra es admirada a nivel mundial, dialogar\u00e1 con dos periodistas en la apertura literaria que tendr\u00e1 lugar en el predio ferial La Rural. El humorista, un asiduo visitante de la muestra, dijo que lo m\u00e1s importante de estas citas culturales es <strong>\u201csin dudas, el contacto con los lectores\u201d.<\/strong><\/p>\n<p>\u201cEllos se llevan una firma, pero yo me voy repleto de muestras de cari\u00f1o\u201d, dijo a la Fundaci\u00f3n del Libro, organizadora del evento.<\/p>\n<p>Este a\u00f1o, <strong>San Pablo<\/strong> es la ciudad invitada a la feria, que adem\u00e1s estrena una nueva identidad visual con un logotipo que representa a un libro desplegado y din\u00e1mico.<\/p>\n<div style=\"padding-bottom:20px; padding-top:10px;\" class=\"hupso-share-buttons\"><!-- Hupso Share Buttons - https:\/\/www.hupso.com\/share\/ --><a class=\"hupso_counters\" href=\"https:\/\/www.hupso.com\/share\/\"><img decoding=\"async\" src=\"http:\/\/static.hupso.com\/share\/buttons\/lang\/es\/share-small.png\" style=\"border:0px; padding-top:2px; float:left;\" alt=\"Share Button\"\/><\/a><script type=\"text\/javascript\">var hupso_services_c=new Array(\"twitter\",\"facebook_like\",\"google\");var hupso_counters_lang = \"es_LA\";var hupso_image_folder_url = \"\";var hupso_twitter_via=\"crsyvrs\";var hupso_url_c=\"\";<\/script><script type=\"text\/javascript\" src=\"http:\/\/static.hupso.com\/share\/js\/counters.js\"><\/script><!-- Hupso Share Buttons --><\/div> ","protected":false},"excerpt":{"rendered":"<div style=\"padding-bottom:20px; padding-top:10px;\" class=\"hupso-share-buttons\"><!-- Hupso Share Buttons - https:\/\/www.hupso.com\/share\/ --><a class=\"hupso_counters\" href=\"https:\/\/www.hupso.com\/share\/\"><img src=\"http:\/\/static.hupso.com\/share\/buttons\/lang\/es\/share-small.png\" style=\"border:0px; padding-top:2px; float:left;\" alt=\"Share Button\"\/><\/a><script type=\"text\/javascript\">var hupso_services_c=new Array(\"twitter\",\"facebook_like\",\"google\");var hupso_counters_lang = \"es_LA\";var hupso_image_folder_url = \"\";var hupso_twitter_via=\"crsyvrs\";var hupso_url_c=\"\";<\/script><script type=\"text\/javascript\" src=\"http:\/\/static.hupso.com\/share\/js\/counters.js\"><\/script><!-- Hupso Share Buttons --><\/div><p>En la nueva cita literaria porte\u00f1a que participar\u00e1n m\u00e1s de 60 autores y estrellas de la literatura como Paul Auster y John Maxwell Coetzee. Quino inaugurar\u00e1 esta edici\u00f3n. La Feria del Libro de Buenos Aires celebra sus 40 a\u00f1os&#46;&#46;&#46;<\/p>\n<div style=\"padding-bottom:20px; padding-top:10px;\" class=\"hupso-share-buttons\"><!-- Hupso Share Buttons - https:\/\/www.hupso.com\/share\/ --><a class=\"hupso_counters\" href=\"https:\/\/www.hupso.com\/share\/\"><img src=\"http:\/\/static.hupso.com\/share\/buttons\/lang\/es\/share-small.png\" style=\"border:0px; padding-top:2px; float:left;\" alt=\"Share Button\"\/><\/a><script type=\"text\/javascript\">var hupso_services_c=new Array(\"twitter\",\"facebook_like\",\"google\");var hupso_counters_lang = \"es_LA\";var hupso_image_folder_url = \"\";var hupso_twitter_via=\"crsyvrs\";var hupso_url_c=\"\";<\/script><script type=\"text\/javascript\" src=\"http:\/\/static.hupso.com\/share\/js\/counters.js\"><\/script><!-- Hupso Share Buttons --><\/div>","protected":false},"author":5,"featured_media":0,"comment_status":"open","ping_status":"open","sticky":false,"template":"","format":"standard","meta":{"footnotes":""},"categories":[7],"tags":[16,1417,1419,62,1418,850],"class_list":["post-1689","post","type-post","status-publish","format-standard","hentry","category-literatura","tag-cronicas-y-versiones","tag-feria-del-libro-de-buenos-aires","tag-john-maxwell-coetzee","tag-mafalda","tag-paul-auster","tag-quino"],"_links":{"self":[{"href":"http:\/\/cronicasyversiones.com\/index.php?rest_route=\/wp\/v2\/posts\/1689","targetHints":{"allow":["GET"]}}],"collection":[{"href":"http:\/\/cronicasyversiones.com\/index.php?rest_route=\/wp\/v2\/posts"}],"about":[{"href":"http:\/\/cronicasyversiones.com\/index.php?rest_route=\/wp\/v2\/types\/post"}],"author":[{"embeddable":true,"href":"http:\/\/cronicasyversiones.com\/index.php?rest_route=\/wp\/v2\/users\/5"}],"replies":[{"embeddable":true,"href":"http:\/\/cronicasyversiones.com\/index.php?rest_route=%2Fwp%2Fv2%2Fcomments&post=1689"}],"version-history":[{"count":0,"href":"http:\/\/cronicasyversiones.com\/index.php?rest_route=\/wp\/v2\/posts\/1689\/revisions"}],"wp:attachment":[{"href":"http:\/\/cronicasyversiones.com\/index.php?rest_route=%2Fwp%2Fv2%2Fmedia&parent=1689"}],"wp:term":[{"taxonomy":"category","embeddable":true,"href":"http:\/\/cronicasyversiones.com\/index.php?rest_route=%2Fwp%2Fv2%2Fcategories&post=1689"},{"taxonomy":"post_tag","embeddable":true,"href":"http:\/\/cronicasyversiones.com\/index.php?rest_route=%2Fwp%2Fv2%2Ftags&post=1689"}],"curies":[{"name":"wp","href":"https:\/\/api.w.org\/{rel}","templated":true}]}}