{"id":1697,"date":"2014-04-23T14:52:07","date_gmt":"2014-04-23T17:52:07","guid":{"rendered":"http:\/\/cronicasyversiones.com\/?p=1697"},"modified":"2015-04-22T11:26:23","modified_gmt":"2015-04-22T14:26:23","slug":"elena-poniatowska-garcia-marquez-le-dio-alas-a-america-latina","status":"publish","type":"post","link":"http:\/\/cronicasyversiones.com\/?p=1697","title":{"rendered":"Elena Poniatowska: \u201cGarc\u00eda M\u00e1rquez le dio alas a Am\u00e9rica latina\u201d"},"content":{"rendered":"<div style=\"padding-bottom:20px; padding-top:10px;\" class=\"hupso-share-buttons\"><!-- Hupso Share Buttons - https:\/\/www.hupso.com\/share\/ --><a class=\"hupso_counters\" href=\"https:\/\/www.hupso.com\/share\/\"><img decoding=\"async\" src=\"http:\/\/static.hupso.com\/share\/buttons\/lang\/es\/share-small.png\" style=\"border:0px; padding-top:2px; float:left;\" alt=\"Share Button\"\/><\/a><script type=\"text\/javascript\">var hupso_services_c=new Array(\"twitter\",\"facebook_like\",\"google\");var hupso_counters_lang = \"es_LA\";var hupso_image_folder_url = \"\";var hupso_twitter_via=\"crsyvrs\";var hupso_url_c=\"\";<\/script><script type=\"text\/javascript\" src=\"http:\/\/static.hupso.com\/share\/js\/counters.js\"><\/script><!-- Hupso Share Buttons --><\/div><h2 style=\"text-align: justify;\">La escritora mexicana agradeci\u00f3 el Premio Cervantes recordando al escritor colombiano y a las tres mujeres que recibieron anteriormente este galard\u00f3n.<\/h2>\n<p style=\"text-align: justify;\"><a href=\"http:\/\/cronicasyversiones.com\/wp-content\/uploads\/2014\/04\/Cervantes.jpg\"><img loading=\"lazy\" decoding=\"async\" class=\"wp-image-1698 aligncenter\" alt=\"-\" src=\"http:\/\/cronicasyversiones.com\/wp-content\/uploads\/2014\/04\/Cervantes-1024x626.jpg\" width=\"732\" height=\"447\" srcset=\"http:\/\/cronicasyversiones.com\/wp-content\/uploads\/2014\/04\/Cervantes-1024x626.jpg 1024w, http:\/\/cronicasyversiones.com\/wp-content\/uploads\/2014\/04\/Cervantes-300x183.jpg 300w, http:\/\/cronicasyversiones.com\/wp-content\/uploads\/2014\/04\/Cervantes-624x381.jpg 624w\" sizes=\"auto, (max-width: 732px) 100vw, 732px\" \/><\/a><\/p>\n<p style=\"text-align: justify;\">La escritora <strong>Elena Poniatowska<\/strong> agradeci\u00f3 este mi\u00e9rcoles el <strong>Premio Cervantes<\/strong> con un discurso de marcado car\u00e1cter social en el que tuvo muy presente a los perdedores de Am\u00e9rica Latina y a<strong> Gabriel Garc\u00eda M\u00e1rquez.<\/strong><\/p>\n<p>\u201c<strong>Garc\u00eda M\u00e1rquez, con \u2019Cien a\u00f1os de soledad\u2019, le dio alas a Am\u00e9rica latina<\/strong>, y es ese gran vuelo el que hoy nos envuelve, nos levanta y hace que nos crezcan flores en la cabeza\u201d, afirm\u00f3 Poniatowska en el inicio de su discurso.<\/p>\n<p>La escritora y periodista cit\u00f3 tambi\u00e9n en su discurso a otro excelente escritor fallecido recientemente, el mexicano <strong>Jos\u00e9 Emilio Pacheco<\/strong>, ese amigo que le hablaba de \u201cla inmensa vida de M\u00e9xico\u201d, y al premio nobel <strong>Octavio Paz.<\/strong><\/p>\n<p>Rodeada de sus tres hijos y de siete de sus nietos, la escritora record\u00f3 al principio de su intervenci\u00f3n a las otras tres escritoras que han ganado el Cervantes. La galardonada, de 81 a\u00f1os, es la cuarta mujer que recibe el m\u00e1ximo premio de las letras espa\u00f1olas.<\/p>\n<p>La espa\u00f1ola <strong>Mar\u00eda Zambrano<\/strong> fue la primera en recibirlo y es muy querida en M\u00e9xico, porque vivi\u00f3 all\u00ed tras la Guerra Civil espa\u00f1ola. El exilio fue para ella \u201cuna herida sin cura, pero ella fue una exiliada de todo menos de su escritura\u201d.<\/p>\n<p>La segunda fue la cubana <strong>Dulce Mar\u00eda Loynaz<\/strong>, amiga de Garc\u00eda Lorca y que hosped\u00f3 en su finca de La Habana a Gabriela Mistral y Juan Ram\u00f3n Jim\u00e9nez. Y la tercera, la novelista espa\u00f1ola<strong> Ana Mar\u00eda Matute<\/strong>, \u201chermosa y descre\u00edda\u201d y con la que Poniatowska sinti\u00f3 \u201cafinidad con su obsesi\u00f3n por la infancia y su imaginario riqu\u00edsimo y feroz\u201d.<\/p>\n<p>Estas escritoras, \u201czarandeadas por sus circunstancias -dijo-, no tuvieron santo a quien encomendarse y, sin embargo, hoy por hoy, son las mujeres de Cervantes, al igual que <strong>Dulcinea del Toboso, Luscinda, Zoraida y Constanza<\/strong>. A diferencia de ellas, muchos dioses me han protegido, porque en M\u00e9xico hay un dios bajo cada piedra, un dios para la lluvia, otro para la fertilidad, otro para la muerte\u201d.<\/p>\n<p><strong>Nacida en Par\u00eds en 1932,<\/strong> sus referencias a M\u00e9xico, el pa\u00eds en el que vive desde los diez a\u00f1os y al que ha dedicado su extensa obra, fueron constantes en el discurso, en el que qued\u00f3 patente la gran humanidad de esta mujer menuda y de cara expresiva y agradable, que siempre se ha sentido muy cerca de los m\u00e1s desfavorecidos.<\/p>\n<div style=\"padding-bottom:20px; padding-top:10px;\" class=\"hupso-share-buttons\"><!-- Hupso Share Buttons - https:\/\/www.hupso.com\/share\/ --><a class=\"hupso_counters\" href=\"https:\/\/www.hupso.com\/share\/\"><img decoding=\"async\" src=\"http:\/\/static.hupso.com\/share\/buttons\/lang\/es\/share-small.png\" style=\"border:0px; padding-top:2px; float:left;\" alt=\"Share Button\"\/><\/a><script type=\"text\/javascript\">var hupso_services_c=new Array(\"twitter\",\"facebook_like\",\"google\");var hupso_counters_lang = \"es_LA\";var hupso_image_folder_url = \"\";var hupso_twitter_via=\"crsyvrs\";var hupso_url_c=\"\";<\/script><script type=\"text\/javascript\" src=\"http:\/\/static.hupso.com\/share\/js\/counters.js\"><\/script><!-- Hupso Share Buttons --><\/div> ","protected":false},"excerpt":{"rendered":"<div style=\"padding-bottom:20px; padding-top:10px;\" class=\"hupso-share-buttons\"><!-- Hupso Share Buttons - https:\/\/www.hupso.com\/share\/ --><a class=\"hupso_counters\" href=\"https:\/\/www.hupso.com\/share\/\"><img src=\"http:\/\/static.hupso.com\/share\/buttons\/lang\/es\/share-small.png\" style=\"border:0px; padding-top:2px; float:left;\" alt=\"Share Button\"\/><\/a><script type=\"text\/javascript\">var hupso_services_c=new Array(\"twitter\",\"facebook_like\",\"google\");var hupso_counters_lang = \"es_LA\";var hupso_image_folder_url = \"\";var hupso_twitter_via=\"crsyvrs\";var hupso_url_c=\"\";<\/script><script type=\"text\/javascript\" src=\"http:\/\/static.hupso.com\/share\/js\/counters.js\"><\/script><!-- Hupso Share Buttons --><\/div><p>La escritora mexicana agradeci\u00f3 el Premio Cervantes recordando al escritor colombiano y a las tres mujeres que recibieron anteriormente este galard\u00f3n. La escritora Elena Poniatowska agradeci\u00f3 este mi\u00e9rcoles el Premio Cervantes con un discurso de marcado car\u00e1cter social en&#46;&#46;&#46;<\/p>\n<div style=\"padding-bottom:20px; padding-top:10px;\" class=\"hupso-share-buttons\"><!-- Hupso Share Buttons - https:\/\/www.hupso.com\/share\/ --><a class=\"hupso_counters\" href=\"https:\/\/www.hupso.com\/share\/\"><img src=\"http:\/\/static.hupso.com\/share\/buttons\/lang\/es\/share-small.png\" style=\"border:0px; padding-top:2px; float:left;\" alt=\"Share Button\"\/><\/a><script type=\"text\/javascript\">var hupso_services_c=new Array(\"twitter\",\"facebook_like\",\"google\");var hupso_counters_lang = \"es_LA\";var hupso_image_folder_url = \"\";var hupso_twitter_via=\"crsyvrs\";var hupso_url_c=\"\";<\/script><script type=\"text\/javascript\" src=\"http:\/\/static.hupso.com\/share\/js\/counters.js\"><\/script><!-- Hupso Share Buttons --><\/div>","protected":false},"author":5,"featured_media":0,"comment_status":"open","ping_status":"open","sticky":false,"template":"","format":"standard","meta":{"footnotes":""},"categories":[4299,7],"tags":[16,1421,63,968],"class_list":["post-1697","post","type-post","status-publish","format-standard","hentry","category-el-mundo-magico-de-garcia-marquez","category-literatura","tag-cronicas-y-versiones","tag-elena-poniatowska","tag-gabriel-garcia-marquez","tag-premio-cervantes"],"_links":{"self":[{"href":"http:\/\/cronicasyversiones.com\/index.php?rest_route=\/wp\/v2\/posts\/1697","targetHints":{"allow":["GET"]}}],"collection":[{"href":"http:\/\/cronicasyversiones.com\/index.php?rest_route=\/wp\/v2\/posts"}],"about":[{"href":"http:\/\/cronicasyversiones.com\/index.php?rest_route=\/wp\/v2\/types\/post"}],"author":[{"embeddable":true,"href":"http:\/\/cronicasyversiones.com\/index.php?rest_route=\/wp\/v2\/users\/5"}],"replies":[{"embeddable":true,"href":"http:\/\/cronicasyversiones.com\/index.php?rest_route=%2Fwp%2Fv2%2Fcomments&post=1697"}],"version-history":[{"count":0,"href":"http:\/\/cronicasyversiones.com\/index.php?rest_route=\/wp\/v2\/posts\/1697\/revisions"}],"wp:attachment":[{"href":"http:\/\/cronicasyversiones.com\/index.php?rest_route=%2Fwp%2Fv2%2Fmedia&parent=1697"}],"wp:term":[{"taxonomy":"category","embeddable":true,"href":"http:\/\/cronicasyversiones.com\/index.php?rest_route=%2Fwp%2Fv2%2Fcategories&post=1697"},{"taxonomy":"post_tag","embeddable":true,"href":"http:\/\/cronicasyversiones.com\/index.php?rest_route=%2Fwp%2Fv2%2Ftags&post=1697"}],"curies":[{"name":"wp","href":"https:\/\/api.w.org\/{rel}","templated":true}]}}