{"id":17011,"date":"2017-10-09T11:53:44","date_gmt":"2017-10-09T14:53:44","guid":{"rendered":"http:\/\/cronicasyversiones.com\/?p=17011"},"modified":"2017-10-09T11:53:44","modified_gmt":"2017-10-09T14:53:44","slug":"arranca-la-quinta-edicion-del-b-a-rock","status":"publish","type":"post","link":"http:\/\/cronicasyversiones.com\/?p=17011","title":{"rendered":"Arranca la quinta edici\u00f3n del B.A.Rock"},"content":{"rendered":"<div style=\"padding-bottom:20px; padding-top:10px;\" class=\"hupso-share-buttons\"><!-- Hupso Share Buttons - https:\/\/www.hupso.com\/share\/ --><a class=\"hupso_counters\" href=\"https:\/\/www.hupso.com\/share\/\"><img decoding=\"async\" src=\"http:\/\/static.hupso.com\/share\/buttons\/lang\/es\/share-small.png\" style=\"border:0px; padding-top:2px; float:left;\" alt=\"Share Button\"\/><\/a><script type=\"text\/javascript\">var hupso_services_c=new Array(\"twitter\",\"facebook_like\",\"google\");var hupso_counters_lang = \"es_LA\";var hupso_image_folder_url = \"\";var hupso_twitter_via=\"crsyvrs\";var hupso_url_c=\"\";<\/script><script type=\"text\/javascript\" src=\"http:\/\/static.hupso.com\/share\/js\/counters.js\"><\/script><!-- Hupso Share Buttons --><\/div><h2>Esta tradicional cita rockera tendr\u00e1 tres escenarios y se destaca la presencia de grandes glorias, como Litto Nebbia, David Leb\u00f3n y Emilio del Guercio.<\/h2>\n<p><img loading=\"lazy\" decoding=\"async\" class=\"wp-image-17012 aligncenter\" src=\"http:\/\/cronicasyversiones.com\/wp-content\/uploads\/2017\/10\/litto-1024x576.jpg\" alt=\"\" width=\"744\" height=\"419\" srcset=\"http:\/\/cronicasyversiones.com\/wp-content\/uploads\/2017\/10\/litto-1024x576.jpg 1024w, http:\/\/cronicasyversiones.com\/wp-content\/uploads\/2017\/10\/litto-300x169.jpg 300w, http:\/\/cronicasyversiones.com\/wp-content\/uploads\/2017\/10\/litto-768x432.jpg 768w, http:\/\/cronicasyversiones.com\/wp-content\/uploads\/2017\/10\/litto.jpg 1280w\" sizes=\"auto, (max-width: 744px) 100vw, 744px\" \/><\/p>\n<p>Despu\u00e9s de algunas idas y vueltas, qued\u00f3 confirmada la grilla para las tres jornadas del regreso del m\u00edtico festival <strong>B.A.Rock<\/strong> que los d\u00edas s\u00e1bado 14, domingo 15 y lunes 16 de octubre, que tendr\u00e1 lugar en el predio <strong>Malvinas Argentinas<\/strong> en el barrio porte\u00f1o de La Paternal.<\/p>\n<p>La quinta edici\u00f3n del encuentro que entre finales de los \u201870 e inicios de los \u201880 constituy\u00f3 una de las grandes citas masivas de la escena rockera local, contar\u00e1 cada d\u00eda con una veintena de propuestas repartidas en tres escenarios: <strong><em>\u201cLa Balsa\u201d (tablado principal), \u201cArtaud\u201d <\/em><\/strong><em>y <strong>\u201cSignos\u201d.<\/strong><\/em><\/p>\n<p>De acuerdo a la n\u00f3mina oficial que los organizadores, con Daniel Ripoll, due\u00f1o de la marca B.A.Rock, la actividad del s\u00e1bado comenzar\u00e1 a las 14 en el <strong><em>\u201cArtaud\u201d<\/em><\/strong> con Cruzas y sobre ese mismo escenario luego actuar\u00e1n Quilmes Garage, Luceros, Jimmy Rip and The Trip, La condena de Cain, Nagual y Los Gardelitos.<\/p>\n<p>Sobre <strong><em>\u201cSignos\u201d<\/em><\/strong> el programa se largar\u00e1 a las 14.45 con Kennek, Buenas Noches Egipto, Sick Porky, Celeste Carballo, Alejandro Medina y Ricardo Soul\u00e9.<\/p>\n<p>Mientras que en <strong><u>\u201cLa Balsa\u201d<\/u><\/strong> sonar\u00e1n a partir de las 15.25 La Mono, Vetamadre, Emilio del Guercio, Catupecu Machu, <strong>Litto Nebbia &amp; Pez,<\/strong> Las Pelotas y La Vela Puerca.<\/p>\n<p><em><strong>LEA TAMBI\u00c9N:\u00a0<\/strong><\/em><\/p>\n<div class=\"video-container\">\n<blockquote class=\"wp-embedded-content\" data-secret=\"iAr2bBZUPp\"><p><a href=\"http:\/\/cronicasyversiones.com\/?p=16897\">\u201cLabios de r\u00edo\u201d, el nuevo disco de Acorazado Potemkin<\/a><\/p><\/blockquote>\n<p><iframe loading=\"lazy\" class=\"wp-embedded-content\" sandbox=\"allow-scripts\" security=\"restricted\" style=\"position: absolute; clip: rect(1px, 1px, 1px, 1px);\" title=\"\u00ab\u201cLabios de r\u00edo\u201d, el nuevo disco de Acorazado Potemkin\u00bb \u2014    \" src=\"http:\/\/cronicasyversiones.com\/?p=16897&#038;embed=true#?secret=YiWG910CD3#?secret=iAr2bBZUPp\" data-secret=\"iAr2bBZUPp\" width=\"600\" height=\"338\" frameborder=\"0\" marginwidth=\"0\" marginheight=\"0\" scrolling=\"no\"><\/iframe><\/div>\n<p>Para el domingo en <strong><em>\u201cArtaud\u201d<\/em><\/strong> se anuncian a La Furia de Petruza, T\u00e1mesis, La Naranja y Boff, Claudio \u201cTano\u201d Marciello, Viticus, Willy Quiroga y Massacre.<\/p>\n<p>Al <strong><em>\u201cSignos\u201d<\/em><\/strong> subir\u00e1n Dual, Van Lacke, Sig Ragga, Raul Porchetto, Boom Boom Kid y Fabiana Cantilo.<\/p>\n<p>En <strong><em>\u201cLa Balsa\u201d<\/em><\/strong> se presentar\u00e1n Claudia Puy\u00f3, Los Tipitos, El Kuelgue, El Bordo, Le\u00f3n Gieco, Guasones y Babas\u00f3nicos.<\/p>\n<p>El lunes de despedida se largar\u00e1 en el <strong><em>\u201cArtaud\u201d<\/em><\/strong> con El buen salvaje, Utopians, Gran Martell, Horcas, La Mississippi, Eruca Sativa y Carajo.<\/p>\n<p>En <strong><em>\u201cSignos\u201d<\/em><\/strong> habr\u00e1 m\u00fasica con Love Paranoia, Claudio Kleinman, Carca, Zona Ganjah, Militantes del Cl\u00edmax y Bersuit Vergarabat.<\/p>\n<p>\u201cLa Balsa\u201d tendr\u00e1 a Pampa Yacuza, De La Gran Pi\u00f1ata, Cielo Razzo, Dancing Mood, <strong>David Leb\u00f3n, Fito P\u00e1ez y Las Pastillas del Abuelo.<\/strong><\/p>\n<div style=\"padding-bottom:20px; padding-top:10px;\" class=\"hupso-share-buttons\"><!-- Hupso Share Buttons - https:\/\/www.hupso.com\/share\/ --><a class=\"hupso_counters\" href=\"https:\/\/www.hupso.com\/share\/\"><img decoding=\"async\" src=\"http:\/\/static.hupso.com\/share\/buttons\/lang\/es\/share-small.png\" style=\"border:0px; padding-top:2px; float:left;\" alt=\"Share Button\"\/><\/a><script type=\"text\/javascript\">var hupso_services_c=new Array(\"twitter\",\"facebook_like\",\"google\");var hupso_counters_lang = \"es_LA\";var hupso_image_folder_url = \"\";var hupso_twitter_via=\"crsyvrs\";var hupso_url_c=\"\";<\/script><script type=\"text\/javascript\" src=\"http:\/\/static.hupso.com\/share\/js\/counters.js\"><\/script><!-- Hupso Share Buttons --><\/div> ","protected":false},"excerpt":{"rendered":"<div style=\"padding-bottom:20px; padding-top:10px;\" class=\"hupso-share-buttons\"><!-- Hupso Share Buttons - https:\/\/www.hupso.com\/share\/ --><a class=\"hupso_counters\" href=\"https:\/\/www.hupso.com\/share\/\"><img src=\"http:\/\/static.hupso.com\/share\/buttons\/lang\/es\/share-small.png\" style=\"border:0px; padding-top:2px; float:left;\" alt=\"Share Button\"\/><\/a><script type=\"text\/javascript\">var hupso_services_c=new Array(\"twitter\",\"facebook_like\",\"google\");var hupso_counters_lang = \"es_LA\";var hupso_image_folder_url = \"\";var hupso_twitter_via=\"crsyvrs\";var hupso_url_c=\"\";<\/script><script type=\"text\/javascript\" src=\"http:\/\/static.hupso.com\/share\/js\/counters.js\"><\/script><!-- Hupso Share Buttons --><\/div><p>Esta tradicional cita rockera tendr\u00e1 tres escenarios y se destaca la presencia de grandes glorias, como Litto Nebbia, David Leb\u00f3n y Emilio del Guercio. Despu\u00e9s de algunas idas y vueltas, qued\u00f3 confirmada la grilla para las tres jornadas del&#46;&#46;&#46;<\/p>\n<div style=\"padding-bottom:20px; padding-top:10px;\" class=\"hupso-share-buttons\"><!-- Hupso Share Buttons - https:\/\/www.hupso.com\/share\/ --><a class=\"hupso_counters\" href=\"https:\/\/www.hupso.com\/share\/\"><img src=\"http:\/\/static.hupso.com\/share\/buttons\/lang\/es\/share-small.png\" style=\"border:0px; padding-top:2px; float:left;\" alt=\"Share Button\"\/><\/a><script type=\"text\/javascript\">var hupso_services_c=new Array(\"twitter\",\"facebook_like\",\"google\");var hupso_counters_lang = \"es_LA\";var hupso_image_folder_url = \"\";var hupso_twitter_via=\"crsyvrs\";var hupso_url_c=\"\";<\/script><script type=\"text\/javascript\" src=\"http:\/\/static.hupso.com\/share\/js\/counters.js\"><\/script><!-- Hupso Share Buttons --><\/div>","protected":false},"author":5,"featured_media":17012,"comment_status":"open","ping_status":"closed","sticky":false,"template":"","format":"standard","meta":{"footnotes":""},"categories":[3],"tags":[8168,13,1266,5881],"class_list":["post-17011","post","type-post","status-publish","format-standard","has-post-thumbnail","hentry","category-musica","tag-festival-b-a-rock","tag-fito-paez","tag-litto-nebbia","tag-pez"],"_links":{"self":[{"href":"http:\/\/cronicasyversiones.com\/index.php?rest_route=\/wp\/v2\/posts\/17011","targetHints":{"allow":["GET"]}}],"collection":[{"href":"http:\/\/cronicasyversiones.com\/index.php?rest_route=\/wp\/v2\/posts"}],"about":[{"href":"http:\/\/cronicasyversiones.com\/index.php?rest_route=\/wp\/v2\/types\/post"}],"author":[{"embeddable":true,"href":"http:\/\/cronicasyversiones.com\/index.php?rest_route=\/wp\/v2\/users\/5"}],"replies":[{"embeddable":true,"href":"http:\/\/cronicasyversiones.com\/index.php?rest_route=%2Fwp%2Fv2%2Fcomments&post=17011"}],"version-history":[{"count":0,"href":"http:\/\/cronicasyversiones.com\/index.php?rest_route=\/wp\/v2\/posts\/17011\/revisions"}],"wp:featuredmedia":[{"embeddable":true,"href":"http:\/\/cronicasyversiones.com\/index.php?rest_route=\/wp\/v2\/media\/17012"}],"wp:attachment":[{"href":"http:\/\/cronicasyversiones.com\/index.php?rest_route=%2Fwp%2Fv2%2Fmedia&parent=17011"}],"wp:term":[{"taxonomy":"category","embeddable":true,"href":"http:\/\/cronicasyversiones.com\/index.php?rest_route=%2Fwp%2Fv2%2Fcategories&post=17011"},{"taxonomy":"post_tag","embeddable":true,"href":"http:\/\/cronicasyversiones.com\/index.php?rest_route=%2Fwp%2Fv2%2Ftags&post=17011"}],"curies":[{"name":"wp","href":"https:\/\/api.w.org\/{rel}","templated":true}]}}