{"id":17071,"date":"2017-10-14T08:46:55","date_gmt":"2017-10-14T11:46:55","guid":{"rendered":"http:\/\/cronicasyversiones.com\/?p=17071"},"modified":"2017-10-14T08:46:55","modified_gmt":"2017-10-14T11:46:55","slug":"se-estrena-the-son-basada-en-la-novela-en-philipp-meyer","status":"publish","type":"post","link":"http:\/\/cronicasyversiones.com\/?p=17071","title":{"rendered":"Se estrena \u201cThe Son\u201d, basada en la novela en Philipp Meyer"},"content":{"rendered":"<div style=\"padding-bottom:20px; padding-top:10px;\" class=\"hupso-share-buttons\"><!-- Hupso Share Buttons - https:\/\/www.hupso.com\/share\/ --><a class=\"hupso_counters\" href=\"https:\/\/www.hupso.com\/share\/\"><img decoding=\"async\" src=\"http:\/\/static.hupso.com\/share\/buttons\/lang\/es\/share-small.png\" style=\"border:0px; padding-top:2px; float:left;\" alt=\"Share Button\"\/><\/a><script type=\"text\/javascript\">var hupso_services_c=new Array(\"twitter\",\"facebook_like\",\"google\");var hupso_counters_lang = \"es_LA\";var hupso_image_folder_url = \"\";var hupso_twitter_via=\"crsyvrs\";var hupso_url_c=\"\";<\/script><script type=\"text\/javascript\" src=\"http:\/\/static.hupso.com\/share\/js\/counters.js\"><\/script><!-- Hupso Share Buttons --><\/div><h2>La historia explora la ascensi\u00f3n al poder de la familia McCullough en el negocio petrolero a principios del Siglo XX.<\/h2>\n<p><img loading=\"lazy\" decoding=\"async\" class=\"wp-image-17072 aligncenter\" src=\"http:\/\/cronicasyversiones.com\/wp-content\/uploads\/2017\/10\/theson.jpg\" alt=\"\" width=\"750\" height=\"411\" srcset=\"http:\/\/cronicasyversiones.com\/wp-content\/uploads\/2017\/10\/theson.jpg 730w, http:\/\/cronicasyversiones.com\/wp-content\/uploads\/2017\/10\/theson-300x164.jpg 300w\" sizes=\"auto, (max-width: 750px) 100vw, 750px\" \/><\/p>\n<p>La serie <em><strong>\u201cThe Son\u201d<\/strong><\/em> irrumpir\u00e1 en la pantalla de AMC el domingo 22 de octubre a las 22 con el papel principal en manos de <strong>Pierce Brosnan<\/strong> y con la participaci\u00f3n del espa\u00f1ol <strong>Carlos Bardem.<\/strong><\/p>\n<p>Basada en la novela hom\u00f3nima de <strong>Philipp Meyer,<\/strong> explora la ascensi\u00f3n al poder de la familia McCullough en el negocio petrolero a principios del Siglo XX hasta llegar a ser una de las m\u00e1s poderosas y ricas de Texas.<\/p>\n<p>La serie muestra la transformaci\u00f3n de <strong>Eli McCullough<\/strong> (Pierce Brosnan), el carism\u00e1tico patriarca de la familia y poseedor de un exitoso rancho petrolero, que pasa de la inocencia m\u00e1s bondadosa hasta la violencia m\u00e1s calculadora, sentimiento que se ve reflejado constantemente en su forma de hacer negocios.<\/p>\n<p><em><strong>LEA TAMBI\u00c9N:\u00a0<\/strong><\/em><\/p>\n<div class=\"video-container\">\n<blockquote class=\"wp-embedded-content\" data-secret=\"vTADiD9qdy\"><p><a href=\"https:\/\/cronicasyversiones.com\/?p=17026\">Se viene la segunda temporada de \u201cLl\u00e1mame Bruna\u201d<\/a><\/p><\/blockquote>\n<p><iframe loading=\"lazy\" class=\"wp-embedded-content\" sandbox=\"allow-scripts\" security=\"restricted\" style=\"position: absolute; clip: rect(1px, 1px, 1px, 1px);\" title=\"\u00abSe viene la segunda temporada de \u201cLl\u00e1mame Bruna\u201d\u00bb \u2014    \" src=\"https:\/\/cronicasyversiones.com\/?p=17026&#038;embed=true#?secret=1r3elmE4P3#?secret=vTADiD9qdy\" data-secret=\"vTADiD9qdy\" width=\"600\" height=\"338\" frameborder=\"0\" marginwidth=\"0\" marginheight=\"0\" scrolling=\"no\"><\/iframe><\/div>\n<p>Por su parte, el hijo mayor de Eli, <strong>Pete<\/strong> (Henry Garrett), ha crecido a la sombra de su padre y lucha por hacerle sentir orgulloso mientras trata de descubrir su propia identidad. La querida hija de Pete, <strong>Jeanne<\/strong> (Sidney Lucas) idolatra a su abuelo y, a pesar de ser criada en un mundo dominado por hombres, rechaza la idea de existir exclusivamente para casarse y tener hijos.<\/p>\n<p>Al mismo tiempo, las ansias de poder de Eli le llevan a enfrentarse a su rico vecino espa\u00f1ol, Pedro Garc\u00eda (Carlos Bardem), algo que desencadena consecuencias que abarcan generaciones.<\/p>\n<div style=\"padding-bottom:20px; padding-top:10px;\" class=\"hupso-share-buttons\"><!-- Hupso Share Buttons - https:\/\/www.hupso.com\/share\/ --><a class=\"hupso_counters\" href=\"https:\/\/www.hupso.com\/share\/\"><img decoding=\"async\" src=\"http:\/\/static.hupso.com\/share\/buttons\/lang\/es\/share-small.png\" style=\"border:0px; padding-top:2px; float:left;\" alt=\"Share Button\"\/><\/a><script type=\"text\/javascript\">var hupso_services_c=new Array(\"twitter\",\"facebook_like\",\"google\");var hupso_counters_lang = \"es_LA\";var hupso_image_folder_url = \"\";var hupso_twitter_via=\"crsyvrs\";var hupso_url_c=\"\";<\/script><script type=\"text\/javascript\" src=\"http:\/\/static.hupso.com\/share\/js\/counters.js\"><\/script><!-- Hupso Share Buttons --><\/div> ","protected":false},"excerpt":{"rendered":"<div style=\"padding-bottom:20px; padding-top:10px;\" class=\"hupso-share-buttons\"><!-- Hupso Share Buttons - https:\/\/www.hupso.com\/share\/ --><a class=\"hupso_counters\" href=\"https:\/\/www.hupso.com\/share\/\"><img src=\"http:\/\/static.hupso.com\/share\/buttons\/lang\/es\/share-small.png\" style=\"border:0px; padding-top:2px; float:left;\" alt=\"Share Button\"\/><\/a><script type=\"text\/javascript\">var hupso_services_c=new Array(\"twitter\",\"facebook_like\",\"google\");var hupso_counters_lang = \"es_LA\";var hupso_image_folder_url = \"\";var hupso_twitter_via=\"crsyvrs\";var hupso_url_c=\"\";<\/script><script type=\"text\/javascript\" src=\"http:\/\/static.hupso.com\/share\/js\/counters.js\"><\/script><!-- Hupso Share Buttons --><\/div><p>La historia explora la ascensi\u00f3n al poder de la familia McCullough en el negocio petrolero a principios del Siglo XX. La serie \u201cThe Son\u201d irrumpir\u00e1 en la pantalla de AMC el domingo 22 de octubre a las 22 con&#46;&#46;&#46;<\/p>\n<div style=\"padding-bottom:20px; padding-top:10px;\" class=\"hupso-share-buttons\"><!-- Hupso Share Buttons - https:\/\/www.hupso.com\/share\/ --><a class=\"hupso_counters\" href=\"https:\/\/www.hupso.com\/share\/\"><img src=\"http:\/\/static.hupso.com\/share\/buttons\/lang\/es\/share-small.png\" style=\"border:0px; padding-top:2px; float:left;\" alt=\"Share Button\"\/><\/a><script type=\"text\/javascript\">var hupso_services_c=new Array(\"twitter\",\"facebook_like\",\"google\");var hupso_counters_lang = \"es_LA\";var hupso_image_folder_url = \"\";var hupso_twitter_via=\"crsyvrs\";var hupso_url_c=\"\";<\/script><script type=\"text\/javascript\" src=\"http:\/\/static.hupso.com\/share\/js\/counters.js\"><\/script><!-- Hupso Share Buttons --><\/div>","protected":false},"author":5,"featured_media":17072,"comment_status":"open","ping_status":"closed","sticky":false,"template":"","format":"standard","meta":{"footnotes":""},"categories":[6],"tags":[4855,8364,8366,8365,8363],"class_list":["post-17071","post","type-post","status-publish","format-standard","has-post-thumbnail","hentry","category-radio-y-tv","tag-amc","tag-carlos-bardem","tag-philipp-meyer","tag-pierce-brosnan","tag-the-son"],"_links":{"self":[{"href":"http:\/\/cronicasyversiones.com\/index.php?rest_route=\/wp\/v2\/posts\/17071","targetHints":{"allow":["GET"]}}],"collection":[{"href":"http:\/\/cronicasyversiones.com\/index.php?rest_route=\/wp\/v2\/posts"}],"about":[{"href":"http:\/\/cronicasyversiones.com\/index.php?rest_route=\/wp\/v2\/types\/post"}],"author":[{"embeddable":true,"href":"http:\/\/cronicasyversiones.com\/index.php?rest_route=\/wp\/v2\/users\/5"}],"replies":[{"embeddable":true,"href":"http:\/\/cronicasyversiones.com\/index.php?rest_route=%2Fwp%2Fv2%2Fcomments&post=17071"}],"version-history":[{"count":0,"href":"http:\/\/cronicasyversiones.com\/index.php?rest_route=\/wp\/v2\/posts\/17071\/revisions"}],"wp:featuredmedia":[{"embeddable":true,"href":"http:\/\/cronicasyversiones.com\/index.php?rest_route=\/wp\/v2\/media\/17072"}],"wp:attachment":[{"href":"http:\/\/cronicasyversiones.com\/index.php?rest_route=%2Fwp%2Fv2%2Fmedia&parent=17071"}],"wp:term":[{"taxonomy":"category","embeddable":true,"href":"http:\/\/cronicasyversiones.com\/index.php?rest_route=%2Fwp%2Fv2%2Fcategories&post=17071"},{"taxonomy":"post_tag","embeddable":true,"href":"http:\/\/cronicasyversiones.com\/index.php?rest_route=%2Fwp%2Fv2%2Ftags&post=17071"}],"curies":[{"name":"wp","href":"https:\/\/api.w.org\/{rel}","templated":true}]}}