{"id":17086,"date":"2017-10-16T11:41:51","date_gmt":"2017-10-16T14:41:51","guid":{"rendered":"http:\/\/cronicasyversiones.com\/?p=17086"},"modified":"2017-10-16T11:41:51","modified_gmt":"2017-10-16T14:41:51","slug":"la-primera-edicion-del-ba-chill-fest-en-la-sala-makena","status":"publish","type":"post","link":"http:\/\/cronicasyversiones.com\/?p=17086","title":{"rendered":"La primera edici\u00f3n del BA Chill Fest, en la Sala Makena"},"content":{"rendered":"<div style=\"padding-bottom:20px; padding-top:10px;\" class=\"hupso-share-buttons\"><!-- Hupso Share Buttons - https:\/\/www.hupso.com\/share\/ --><a class=\"hupso_counters\" href=\"https:\/\/www.hupso.com\/share\/\"><img decoding=\"async\" src=\"http:\/\/static.hupso.com\/share\/buttons\/lang\/es\/share-small.png\" style=\"border:0px; padding-top:2px; float:left;\" alt=\"Share Button\"\/><\/a><script type=\"text\/javascript\">var hupso_services_c=new Array(\"twitter\",\"facebook_like\",\"google\");var hupso_counters_lang = \"es_LA\";var hupso_image_folder_url = \"\";var hupso_twitter_via=\"crsyvrs\";var hupso_url_c=\"\";<\/script><script type=\"text\/javascript\" src=\"http:\/\/static.hupso.com\/share\/js\/counters.js\"><\/script><!-- Hupso Share Buttons --><\/div><h2>El encuentro tendr\u00e1 en escena a la cantante brasile\u00f1a Sarah Menescal, el cantautor Adrian Deno y The Cooltrane Quartet.<\/h2>\n<p><img loading=\"lazy\" decoding=\"async\" class=\"wp-image-17087 aligncenter\" src=\"http:\/\/cronicasyversiones.com\/wp-content\/uploads\/2017\/10\/sarah.jpg\" alt=\"\" width=\"746\" height=\"497\" srcset=\"http:\/\/cronicasyversiones.com\/wp-content\/uploads\/2017\/10\/sarah.jpg 960w, http:\/\/cronicasyversiones.com\/wp-content\/uploads\/2017\/10\/sarah-300x200.jpg 300w, http:\/\/cronicasyversiones.com\/wp-content\/uploads\/2017\/10\/sarah-768x512.jpg 768w, http:\/\/cronicasyversiones.com\/wp-content\/uploads\/2017\/10\/sarah-480x320.jpg 480w\" sizes=\"auto, (max-width: 746px) 100vw, 746px\" \/><\/p>\n<p>La primera edici\u00f3n de <strong>BA Chill Fest<\/strong>, un encuentro en formato de cena show con la cantante brasile\u00f1a <strong>Sarah Menescal,<\/strong> el cantautor <strong>Adrian Deno<\/strong> y<strong> The Cooltrane Quartet<\/strong>, tendr\u00e1 lugar el viernes 18 de noviembre a las 20.30 en la <strong>Sala Makena<\/strong>, ubicada en Fitz Roy 1519, en el barrio porte\u00f1o de Palermo.<\/p>\n<p><strong>Sarah Menescal,<\/strong> popularmente conocida luego de la colecci\u00f3n <strong><em>\u201cBossa N&#8217; Stones\u201d <\/em><\/strong>y<strong><em> \u201cJazz and 80&#8217;s\u201d<\/em>,<\/strong> en la que particip\u00f3 con su versi\u00f3n de <em><strong>\u201cDon&#8217;t speak\u201d, <\/strong><\/em>de\u00a0No Doubt, presentar\u00e1 su nuevo disco <em><strong>\u00abConsequences of Love\u00bb<\/strong><\/em>, donde combina la bossa nova y cl\u00e1sicos de todos los tiempos.<\/p>\n<p><em><strong>LEA TAMBI\u00c9N:<\/strong><\/em><\/p>\n<div class=\"video-container\">\n<blockquote class=\"wp-embedded-content\" data-secret=\"P2dxAQrXK2\"><p><a href=\"http:\/\/cronicasyversiones.com\/?p=17022\">Andr\u00e9s Marino &#038; Luc\u00eda Boffo presentan \u201cDiente de Le\u00f3n\u201d en Caf\u00e9 Vinilo<\/a><\/p><\/blockquote>\n<p><iframe loading=\"lazy\" class=\"wp-embedded-content\" sandbox=\"allow-scripts\" security=\"restricted\" style=\"position: absolute; clip: rect(1px, 1px, 1px, 1px);\" title=\"\u00abAndr\u00e9s Marino &#038; Luc\u00eda Boffo presentan \u201cDiente de Le\u00f3n\u201d en Caf\u00e9 Vinilo\u00bb \u2014    \" src=\"http:\/\/cronicasyversiones.com\/?p=17022&#038;embed=true#?secret=TtT1D7dO6g#?secret=P2dxAQrXK2\" data-secret=\"P2dxAQrXK2\" width=\"600\" height=\"338\" frameborder=\"0\" marginwidth=\"0\" marginheight=\"0\" scrolling=\"no\"><\/iframe><\/div>\n<p>Mientras que el cantautor y compositor <strong>Adrian Deno,<\/strong> una de las voces latinoamericanas m\u00e1s prometedoras del soul, mostrar\u00e1 el material del disco <em><strong>\u00abSoul me\u00bb<\/strong><\/em>, una fusi\u00f3n de texturas neo soul y funky con temas originales, mel\u00f3dicos y con influencias de Jamiroquai.<\/p>\n<p>El \u00faltimo de los tres espect\u00e1culos continuados de la noche estar\u00e1 comandado por <strong>The Cooltrane Quartet,<\/strong> banda creadora de la serie <em><strong>\u201cJazz And 80&#8217;s\u201d<\/strong><\/em> y formaci\u00f3n elegida por <strong>Karen Souza<\/strong> para sus giras, interpretar\u00e1 un repertorio que abordar\u00e1 la cultura pop y sutilezas del jazz, en la voz de<strong> Lila Frascara<\/strong>.<\/p>\n<div style=\"padding-bottom:20px; padding-top:10px;\" class=\"hupso-share-buttons\"><!-- Hupso Share Buttons - https:\/\/www.hupso.com\/share\/ --><a class=\"hupso_counters\" href=\"https:\/\/www.hupso.com\/share\/\"><img decoding=\"async\" src=\"http:\/\/static.hupso.com\/share\/buttons\/lang\/es\/share-small.png\" style=\"border:0px; padding-top:2px; float:left;\" alt=\"Share Button\"\/><\/a><script type=\"text\/javascript\">var hupso_services_c=new Array(\"twitter\",\"facebook_like\",\"google\");var hupso_counters_lang = \"es_LA\";var hupso_image_folder_url = \"\";var hupso_twitter_via=\"crsyvrs\";var hupso_url_c=\"\";<\/script><script type=\"text\/javascript\" src=\"http:\/\/static.hupso.com\/share\/js\/counters.js\"><\/script><!-- Hupso Share Buttons --><\/div> ","protected":false},"excerpt":{"rendered":"<div style=\"padding-bottom:20px; padding-top:10px;\" class=\"hupso-share-buttons\"><!-- Hupso Share Buttons - https:\/\/www.hupso.com\/share\/ --><a class=\"hupso_counters\" href=\"https:\/\/www.hupso.com\/share\/\"><img src=\"http:\/\/static.hupso.com\/share\/buttons\/lang\/es\/share-small.png\" style=\"border:0px; padding-top:2px; float:left;\" alt=\"Share Button\"\/><\/a><script type=\"text\/javascript\">var hupso_services_c=new Array(\"twitter\",\"facebook_like\",\"google\");var hupso_counters_lang = \"es_LA\";var hupso_image_folder_url = \"\";var hupso_twitter_via=\"crsyvrs\";var hupso_url_c=\"\";<\/script><script type=\"text\/javascript\" src=\"http:\/\/static.hupso.com\/share\/js\/counters.js\"><\/script><!-- Hupso Share Buttons --><\/div><p>El encuentro tendr\u00e1 en escena a la cantante brasile\u00f1a Sarah Menescal, el cantautor Adrian Deno y The Cooltrane Quartet. La primera edici\u00f3n de BA Chill Fest, un encuentro en formato de cena show con la cantante brasile\u00f1a Sarah Menescal,&#46;&#46;&#46;<\/p>\n<div style=\"padding-bottom:20px; padding-top:10px;\" class=\"hupso-share-buttons\"><!-- Hupso Share Buttons - https:\/\/www.hupso.com\/share\/ --><a class=\"hupso_counters\" href=\"https:\/\/www.hupso.com\/share\/\"><img src=\"http:\/\/static.hupso.com\/share\/buttons\/lang\/es\/share-small.png\" style=\"border:0px; padding-top:2px; float:left;\" alt=\"Share Button\"\/><\/a><script type=\"text\/javascript\">var hupso_services_c=new Array(\"twitter\",\"facebook_like\",\"google\");var hupso_counters_lang = \"es_LA\";var hupso_image_folder_url = \"\";var hupso_twitter_via=\"crsyvrs\";var hupso_url_c=\"\";<\/script><script type=\"text\/javascript\" src=\"http:\/\/static.hupso.com\/share\/js\/counters.js\"><\/script><!-- Hupso Share Buttons --><\/div>","protected":false},"author":5,"featured_media":17087,"comment_status":"open","ping_status":"closed","sticky":false,"template":"","format":"standard","meta":{"footnotes":""},"categories":[3],"tags":[8373,8370,8371,8372,8374],"class_list":["post-17086","post","type-post","status-publish","format-standard","has-post-thumbnail","hentry","category-musica","tag-adrian-deno","tag-ba-chill-fest","tag-sala-makena","tag-sarah-menescal","tag-the-cooltrane-quartet"],"_links":{"self":[{"href":"http:\/\/cronicasyversiones.com\/index.php?rest_route=\/wp\/v2\/posts\/17086","targetHints":{"allow":["GET"]}}],"collection":[{"href":"http:\/\/cronicasyversiones.com\/index.php?rest_route=\/wp\/v2\/posts"}],"about":[{"href":"http:\/\/cronicasyversiones.com\/index.php?rest_route=\/wp\/v2\/types\/post"}],"author":[{"embeddable":true,"href":"http:\/\/cronicasyversiones.com\/index.php?rest_route=\/wp\/v2\/users\/5"}],"replies":[{"embeddable":true,"href":"http:\/\/cronicasyversiones.com\/index.php?rest_route=%2Fwp%2Fv2%2Fcomments&post=17086"}],"version-history":[{"count":0,"href":"http:\/\/cronicasyversiones.com\/index.php?rest_route=\/wp\/v2\/posts\/17086\/revisions"}],"wp:featuredmedia":[{"embeddable":true,"href":"http:\/\/cronicasyversiones.com\/index.php?rest_route=\/wp\/v2\/media\/17087"}],"wp:attachment":[{"href":"http:\/\/cronicasyversiones.com\/index.php?rest_route=%2Fwp%2Fv2%2Fmedia&parent=17086"}],"wp:term":[{"taxonomy":"category","embeddable":true,"href":"http:\/\/cronicasyversiones.com\/index.php?rest_route=%2Fwp%2Fv2%2Fcategories&post=17086"},{"taxonomy":"post_tag","embeddable":true,"href":"http:\/\/cronicasyversiones.com\/index.php?rest_route=%2Fwp%2Fv2%2Ftags&post=17086"}],"curies":[{"name":"wp","href":"https:\/\/api.w.org\/{rel}","templated":true}]}}