{"id":17110,"date":"2017-10-18T07:56:27","date_gmt":"2017-10-18T10:56:27","guid":{"rendered":"http:\/\/cronicasyversiones.com\/?p=17110"},"modified":"2017-10-18T07:56:27","modified_gmt":"2017-10-18T10:56:27","slug":"el-ensayo-de-los-oprimidos-de-david-paez-en-vera-vera-teatro","status":"publish","type":"post","link":"http:\/\/cronicasyversiones.com\/?p=17110","title":{"rendered":"\u201cEl ensayo de los oprimidos\u201d, de David P\u00e1ez, en Vera Vera Teatro"},"content":{"rendered":"<div style=\"padding-bottom:20px; padding-top:10px;\" class=\"hupso-share-buttons\"><!-- Hupso Share Buttons - https:\/\/www.hupso.com\/share\/ --><a class=\"hupso_counters\" href=\"https:\/\/www.hupso.com\/share\/\"><img decoding=\"async\" src=\"http:\/\/static.hupso.com\/share\/buttons\/lang\/es\/share-small.png\" style=\"border:0px; padding-top:2px; float:left;\" alt=\"Share Button\"\/><\/a><script type=\"text\/javascript\">var hupso_services_c=new Array(\"twitter\",\"facebook_like\",\"google\");var hupso_counters_lang = \"es_LA\";var hupso_image_folder_url = \"\";var hupso_twitter_via=\"crsyvrs\";var hupso_url_c=\"\";<\/script><script type=\"text\/javascript\" src=\"http:\/\/static.hupso.com\/share\/js\/counters.js\"><\/script><!-- Hupso Share Buttons --><\/div><h2>Las escenas de esta puesta trascurren en la d\u00e9cada de los \u201890, cuando un grupo de actores ensaya \u00abTres hermanas\u00bb, de Chejov.<\/h2>\n<p><img loading=\"lazy\" decoding=\"async\" class=\" wp-image-17111 aligncenter\" src=\"http:\/\/cronicasyversiones.com\/wp-content\/uploads\/2017\/10\/opri.jpg\" alt=\"\" width=\"630\" height=\"419\" srcset=\"http:\/\/cronicasyversiones.com\/wp-content\/uploads\/2017\/10\/opri.jpg 541w, http:\/\/cronicasyversiones.com\/wp-content\/uploads\/2017\/10\/opri-300x200.jpg 300w, http:\/\/cronicasyversiones.com\/wp-content\/uploads\/2017\/10\/opri-480x320.jpg 480w\" sizes=\"auto, (max-width: 630px) 100vw, 630px\" \/><\/p>\n<p><em><strong>\u201cEl ensayo de los oprimidos\u201d<\/strong><\/em>, con dramaturgia y direcci\u00f3n de <strong>David P\u00e1ez<\/strong>, pisa las tablas los s\u00e1bados a las 21 en <strong>Vera Vera Teatro,<\/strong> ubicado en Vera 108, en el barrio porte\u00f1o de Villa Crespo.<\/p>\n<p>Las escenas trascurren en la d\u00e9cada de los \u201890, cuando un grupo de actores ensaya <em><strong>\u00abTres hermanas\u00bb<\/strong><\/em>, de <strong>Anton Chejov.<\/strong><\/p>\n<p><strong>El director, urgido por el dinero,<\/strong> siente que una oportunidad le ha llegado desde el cielo y decide raptar a sus vecinas para pedir el rescate y con esa plata concretar su proyecto y conquistar el amor de su vida.<\/p>\n<p>Cegados por pertenecer a un mundo que les fue cerrando las puertas; el desprecio por el otro los lleva a un lugar sin retorno.<\/p>\n<p><em><strong>LEA TAMBI\u00c9N:\u00a0<\/strong><\/em><\/p>\n<div class=\"video-container\">\n<blockquote class=\"wp-embedded-content\" data-secret=\"roQ9ivca8Y\"><p><a href=\"https:\/\/cronicasyversiones.com\/?p=17030\">\u201cVid\u00e9\/la vuelta m\u00f3vil\u201d, de Vicente Muleiro, en el Teatro Alambique<\/a><\/p><\/blockquote>\n<p><iframe loading=\"lazy\" class=\"wp-embedded-content\" sandbox=\"allow-scripts\" security=\"restricted\" style=\"position: absolute; clip: rect(1px, 1px, 1px, 1px);\" title=\"\u00ab\u201cVid\u00e9\/la vuelta m\u00f3vil\u201d, de Vicente Muleiro, en el Teatro Alambique\u00bb \u2014    \" src=\"https:\/\/cronicasyversiones.com\/?p=17030&#038;embed=true#?secret=pEMNg2tXIF#?secret=roQ9ivca8Y\" data-secret=\"roQ9ivca8Y\" width=\"600\" height=\"338\" frameborder=\"0\" marginwidth=\"0\" marginheight=\"0\" scrolling=\"no\"><\/iframe><\/div>\n<p>El elenco lo completan <strong>Vanina Acebedo, Emiliano Barabino, Laura Hauck, Ornella Michetti, Carolina Paterson, Marina Riesen, Ezequiel Santos y Emiliano Tressols.\u00a0<\/strong><\/p>\n<div style=\"padding-bottom:20px; padding-top:10px;\" class=\"hupso-share-buttons\"><!-- Hupso Share Buttons - https:\/\/www.hupso.com\/share\/ --><a class=\"hupso_counters\" href=\"https:\/\/www.hupso.com\/share\/\"><img decoding=\"async\" src=\"http:\/\/static.hupso.com\/share\/buttons\/lang\/es\/share-small.png\" style=\"border:0px; padding-top:2px; float:left;\" alt=\"Share Button\"\/><\/a><script type=\"text\/javascript\">var hupso_services_c=new Array(\"twitter\",\"facebook_like\",\"google\");var hupso_counters_lang = \"es_LA\";var hupso_image_folder_url = \"\";var hupso_twitter_via=\"crsyvrs\";var hupso_url_c=\"\";<\/script><script type=\"text\/javascript\" src=\"http:\/\/static.hupso.com\/share\/js\/counters.js\"><\/script><!-- Hupso Share Buttons --><\/div> ","protected":false},"excerpt":{"rendered":"<div style=\"padding-bottom:20px; padding-top:10px;\" class=\"hupso-share-buttons\"><!-- Hupso Share Buttons - https:\/\/www.hupso.com\/share\/ --><a class=\"hupso_counters\" href=\"https:\/\/www.hupso.com\/share\/\"><img src=\"http:\/\/static.hupso.com\/share\/buttons\/lang\/es\/share-small.png\" style=\"border:0px; padding-top:2px; float:left;\" alt=\"Share Button\"\/><\/a><script type=\"text\/javascript\">var hupso_services_c=new Array(\"twitter\",\"facebook_like\",\"google\");var hupso_counters_lang = \"es_LA\";var hupso_image_folder_url = \"\";var hupso_twitter_via=\"crsyvrs\";var hupso_url_c=\"\";<\/script><script type=\"text\/javascript\" src=\"http:\/\/static.hupso.com\/share\/js\/counters.js\"><\/script><!-- Hupso Share Buttons --><\/div><p>Las escenas de esta puesta trascurren en la d\u00e9cada de los \u201890, cuando un grupo de actores ensaya \u00abTres hermanas\u00bb, de Chejov. \u201cEl ensayo de los oprimidos\u201d, con dramaturgia y direcci\u00f3n de David P\u00e1ez, pisa las tablas los s\u00e1bados&#46;&#46;&#46;<\/p>\n<div style=\"padding-bottom:20px; padding-top:10px;\" class=\"hupso-share-buttons\"><!-- Hupso Share Buttons - https:\/\/www.hupso.com\/share\/ --><a class=\"hupso_counters\" href=\"https:\/\/www.hupso.com\/share\/\"><img src=\"http:\/\/static.hupso.com\/share\/buttons\/lang\/es\/share-small.png\" style=\"border:0px; padding-top:2px; float:left;\" alt=\"Share Button\"\/><\/a><script type=\"text\/javascript\">var hupso_services_c=new Array(\"twitter\",\"facebook_like\",\"google\");var hupso_counters_lang = \"es_LA\";var hupso_image_folder_url = \"\";var hupso_twitter_via=\"crsyvrs\";var hupso_url_c=\"\";<\/script><script type=\"text\/javascript\" src=\"http:\/\/static.hupso.com\/share\/js\/counters.js\"><\/script><!-- Hupso Share Buttons --><\/div>","protected":false},"author":5,"featured_media":17111,"comment_status":"open","ping_status":"closed","sticky":false,"template":"","format":"standard","meta":{"footnotes":""},"categories":[5],"tags":[8385,8384,6730],"class_list":["post-17110","post","type-post","status-publish","format-standard","has-post-thumbnail","hentry","category-teatro","tag-david-paez","tag-el-ensayo-de-los-oprimidos","tag-vera-vera-teatro"],"_links":{"self":[{"href":"http:\/\/cronicasyversiones.com\/index.php?rest_route=\/wp\/v2\/posts\/17110","targetHints":{"allow":["GET"]}}],"collection":[{"href":"http:\/\/cronicasyversiones.com\/index.php?rest_route=\/wp\/v2\/posts"}],"about":[{"href":"http:\/\/cronicasyversiones.com\/index.php?rest_route=\/wp\/v2\/types\/post"}],"author":[{"embeddable":true,"href":"http:\/\/cronicasyversiones.com\/index.php?rest_route=\/wp\/v2\/users\/5"}],"replies":[{"embeddable":true,"href":"http:\/\/cronicasyversiones.com\/index.php?rest_route=%2Fwp%2Fv2%2Fcomments&post=17110"}],"version-history":[{"count":0,"href":"http:\/\/cronicasyversiones.com\/index.php?rest_route=\/wp\/v2\/posts\/17110\/revisions"}],"wp:featuredmedia":[{"embeddable":true,"href":"http:\/\/cronicasyversiones.com\/index.php?rest_route=\/wp\/v2\/media\/17111"}],"wp:attachment":[{"href":"http:\/\/cronicasyversiones.com\/index.php?rest_route=%2Fwp%2Fv2%2Fmedia&parent=17110"}],"wp:term":[{"taxonomy":"category","embeddable":true,"href":"http:\/\/cronicasyversiones.com\/index.php?rest_route=%2Fwp%2Fv2%2Fcategories&post=17110"},{"taxonomy":"post_tag","embeddable":true,"href":"http:\/\/cronicasyversiones.com\/index.php?rest_route=%2Fwp%2Fv2%2Ftags&post=17110"}],"curies":[{"name":"wp","href":"https:\/\/api.w.org\/{rel}","templated":true}]}}