{"id":17180,"date":"2017-10-24T09:39:30","date_gmt":"2017-10-24T12:39:30","guid":{"rendered":"http:\/\/cronicasyversiones.com\/?p=17180"},"modified":"2017-10-24T09:39:30","modified_gmt":"2017-10-24T12:39:30","slug":"norma-aleandro-recibira-el-premio-fenix-a-la-trayectoria-en-mexico","status":"publish","type":"post","link":"http:\/\/cronicasyversiones.com\/?p=17180","title":{"rendered":"Norma Aleandro recibir\u00e1 el Premio F\u00e9nix a la trayectoria en M\u00e9xico"},"content":{"rendered":"<div style=\"padding-bottom:20px; padding-top:10px;\" class=\"hupso-share-buttons\"><!-- Hupso Share Buttons - https:\/\/www.hupso.com\/share\/ --><a class=\"hupso_counters\" href=\"https:\/\/www.hupso.com\/share\/\"><img decoding=\"async\" src=\"http:\/\/static.hupso.com\/share\/buttons\/lang\/es\/share-small.png\" style=\"border:0px; padding-top:2px; float:left;\" alt=\"Share Button\"\/><\/a><script type=\"text\/javascript\">var hupso_services_c=new Array(\"twitter\",\"facebook_like\",\"google\");var hupso_counters_lang = \"es_LA\";var hupso_image_folder_url = \"\";var hupso_twitter_via=\"crsyvrs\";var hupso_url_c=\"\";<\/script><script type=\"text\/javascript\" src=\"http:\/\/static.hupso.com\/share\/js\/counters.js\"><\/script><!-- Hupso Share Buttons --><\/div><h2>Recibir\u00e1 este reconocimiento en la ceremonia que entrega galardones a las mejores producciones del cine iberoamericano.<\/h2>\n<p><img loading=\"lazy\" decoding=\"async\" class=\"wp-image-17181 aligncenter\" src=\"http:\/\/cronicasyversiones.com\/wp-content\/uploads\/2017\/10\/aleandro.jpg\" alt=\"\" width=\"751\" height=\"466\" srcset=\"http:\/\/cronicasyversiones.com\/wp-content\/uploads\/2017\/10\/aleandro.jpg 966w, http:\/\/cronicasyversiones.com\/wp-content\/uploads\/2017\/10\/aleandro-300x186.jpg 300w, http:\/\/cronicasyversiones.com\/wp-content\/uploads\/2017\/10\/aleandro-768x477.jpg 768w\" sizes=\"auto, (max-width: 751px) 100vw, 751px\" \/><\/p>\n<p><strong>Norma Aleandro<\/strong> recibir\u00e1 el pr\u00f3ximo 6 de diciembre, en la Ciudad de M\u00e9xico, el <strong>Premio F\u00e9nix<\/strong> a la trayectoria, en la ceremonia que entrega galardones a las mejores producciones del cine iberoamericano.<\/p>\n<p>Esta noticia fue informada a trav\u00e9s de un comunicado de la organizaci\u00f3n <strong>Cinema 23<\/strong>, responsable de estos premios, que re\u00fane a 700 profesionales de la regi\u00f3n.<\/p>\n<p>Norma Aleandro, de 81 a\u00f1os, es considerada por los organizadores una de las actrices m\u00e1s importantes de habla hispana, resaltando su papel protag\u00f3nico en <em><strong>\u201cLa historia oficial\u201d<\/strong><\/em>, ganadora en 1986 del primer Oscar para la Argentina.<\/p>\n<p>Entre las destacadas pel\u00edculas en las que particip\u00f3 la actriz se encuentran <em><strong>\u201cCien veces no debo\u201d, \u00abEl hijo de la novia\u201d <\/strong><\/em>y<em><strong> \u201cSol de oto\u00f1o\u201d<\/strong><\/em>, entre otros t\u00edtulos.<\/p>\n<p>En la edici\u00f3n de los Premios F\u00e9nix de este a\u00f1o competir\u00e1n en el rubro mejor pel\u00edcula la coproducci\u00f3n argentino espa\u00f1ola <em><strong>\u201cEl ciudadano ilustre\u201d<\/strong><\/em>, la mexicana <em><strong>\u201cLa regi\u00f3n salvaje\u201d<\/strong> <\/em>y la espa\u00f1ola <em><strong>\u201cVerano 1993\u201d<\/strong><\/em>.<\/p>\n<p>&nbsp;<\/p>\n<div style=\"padding-bottom:20px; padding-top:10px;\" class=\"hupso-share-buttons\"><!-- Hupso Share Buttons - https:\/\/www.hupso.com\/share\/ --><a class=\"hupso_counters\" href=\"https:\/\/www.hupso.com\/share\/\"><img decoding=\"async\" src=\"http:\/\/static.hupso.com\/share\/buttons\/lang\/es\/share-small.png\" style=\"border:0px; padding-top:2px; float:left;\" alt=\"Share Button\"\/><\/a><script type=\"text\/javascript\">var hupso_services_c=new Array(\"twitter\",\"facebook_like\",\"google\");var hupso_counters_lang = \"es_LA\";var hupso_image_folder_url = \"\";var hupso_twitter_via=\"crsyvrs\";var hupso_url_c=\"\";<\/script><script type=\"text\/javascript\" src=\"http:\/\/static.hupso.com\/share\/js\/counters.js\"><\/script><!-- Hupso Share Buttons --><\/div> ","protected":false},"excerpt":{"rendered":"<div style=\"padding-bottom:20px; padding-top:10px;\" class=\"hupso-share-buttons\"><!-- Hupso Share Buttons - https:\/\/www.hupso.com\/share\/ --><a class=\"hupso_counters\" href=\"https:\/\/www.hupso.com\/share\/\"><img src=\"http:\/\/static.hupso.com\/share\/buttons\/lang\/es\/share-small.png\" style=\"border:0px; padding-top:2px; float:left;\" alt=\"Share Button\"\/><\/a><script type=\"text\/javascript\">var hupso_services_c=new Array(\"twitter\",\"facebook_like\",\"google\");var hupso_counters_lang = \"es_LA\";var hupso_image_folder_url = \"\";var hupso_twitter_via=\"crsyvrs\";var hupso_url_c=\"\";<\/script><script type=\"text\/javascript\" src=\"http:\/\/static.hupso.com\/share\/js\/counters.js\"><\/script><!-- Hupso Share Buttons --><\/div><p>Recibir\u00e1 este reconocimiento en la ceremonia que entrega galardones a las mejores producciones del cine iberoamericano. Norma Aleandro recibir\u00e1 el pr\u00f3ximo 6 de diciembre, en la Ciudad de M\u00e9xico, el Premio F\u00e9nix a la trayectoria, en la ceremonia que&#46;&#46;&#46;<\/p>\n<div style=\"padding-bottom:20px; padding-top:10px;\" class=\"hupso-share-buttons\"><!-- Hupso Share Buttons - https:\/\/www.hupso.com\/share\/ --><a class=\"hupso_counters\" href=\"https:\/\/www.hupso.com\/share\/\"><img src=\"http:\/\/static.hupso.com\/share\/buttons\/lang\/es\/share-small.png\" style=\"border:0px; padding-top:2px; float:left;\" alt=\"Share Button\"\/><\/a><script type=\"text\/javascript\">var hupso_services_c=new Array(\"twitter\",\"facebook_like\",\"google\");var hupso_counters_lang = \"es_LA\";var hupso_image_folder_url = \"\";var hupso_twitter_via=\"crsyvrs\";var hupso_url_c=\"\";<\/script><script type=\"text\/javascript\" src=\"http:\/\/static.hupso.com\/share\/js\/counters.js\"><\/script><!-- Hupso Share Buttons --><\/div>","protected":false},"author":5,"featured_media":17181,"comment_status":"open","ping_status":"closed","sticky":false,"template":"","format":"standard","meta":{"footnotes":""},"categories":[4],"tags":[4366,8396],"class_list":["post-17180","post","type-post","status-publish","format-standard","has-post-thumbnail","hentry","category-cine","tag-norma-aleandro","tag-premio-fenix"],"_links":{"self":[{"href":"http:\/\/cronicasyversiones.com\/index.php?rest_route=\/wp\/v2\/posts\/17180","targetHints":{"allow":["GET"]}}],"collection":[{"href":"http:\/\/cronicasyversiones.com\/index.php?rest_route=\/wp\/v2\/posts"}],"about":[{"href":"http:\/\/cronicasyversiones.com\/index.php?rest_route=\/wp\/v2\/types\/post"}],"author":[{"embeddable":true,"href":"http:\/\/cronicasyversiones.com\/index.php?rest_route=\/wp\/v2\/users\/5"}],"replies":[{"embeddable":true,"href":"http:\/\/cronicasyversiones.com\/index.php?rest_route=%2Fwp%2Fv2%2Fcomments&post=17180"}],"version-history":[{"count":0,"href":"http:\/\/cronicasyversiones.com\/index.php?rest_route=\/wp\/v2\/posts\/17180\/revisions"}],"wp:featuredmedia":[{"embeddable":true,"href":"http:\/\/cronicasyversiones.com\/index.php?rest_route=\/wp\/v2\/media\/17181"}],"wp:attachment":[{"href":"http:\/\/cronicasyversiones.com\/index.php?rest_route=%2Fwp%2Fv2%2Fmedia&parent=17180"}],"wp:term":[{"taxonomy":"category","embeddable":true,"href":"http:\/\/cronicasyversiones.com\/index.php?rest_route=%2Fwp%2Fv2%2Fcategories&post=17180"},{"taxonomy":"post_tag","embeddable":true,"href":"http:\/\/cronicasyversiones.com\/index.php?rest_route=%2Fwp%2Fv2%2Ftags&post=17180"}],"curies":[{"name":"wp","href":"https:\/\/api.w.org\/{rel}","templated":true}]}}