{"id":17187,"date":"2017-10-26T08:41:59","date_gmt":"2017-10-26T11:41:59","guid":{"rendered":"http:\/\/cronicasyversiones.com\/?p=17187"},"modified":"2017-10-26T08:41:59","modified_gmt":"2017-10-26T11:41:59","slug":"ella-en-mi-cabeza-de-oscar-martinez-en-el-espacio-gadi","status":"publish","type":"post","link":"http:\/\/cronicasyversiones.com\/?p=17187","title":{"rendered":"\u201cElla en mi cabeza\u00bb, de Oscar Mart\u00ednez, en el Espacio Gad\u00ed"},"content":{"rendered":"<div style=\"padding-bottom:20px; padding-top:10px;\" class=\"hupso-share-buttons\"><!-- Hupso Share Buttons - https:\/\/www.hupso.com\/share\/ --><a class=\"hupso_counters\" href=\"https:\/\/www.hupso.com\/share\/\"><img decoding=\"async\" src=\"http:\/\/static.hupso.com\/share\/buttons\/lang\/es\/share-small.png\" style=\"border:0px; padding-top:2px; float:left;\" alt=\"Share Button\"\/><\/a><script type=\"text\/javascript\">var hupso_services_c=new Array(\"twitter\",\"facebook_like\",\"google\");var hupso_counters_lang = \"es_LA\";var hupso_image_folder_url = \"\";var hupso_twitter_via=\"crsyvrs\";var hupso_url_c=\"\";<\/script><script type=\"text\/javascript\" src=\"http:\/\/static.hupso.com\/share\/js\/counters.js\"><\/script><!-- Hupso Share Buttons --><\/div><h2>Con direcci\u00f3n de Jos\u00e9 Manuel Espeche, es una comedia dram\u00e1tica que refleja a trav\u00e9s de los obsesivos pensamientos de su protagonista el v\u00ednculo de una pareja.<\/h2>\n<p><img loading=\"lazy\" decoding=\"async\" class=\"wp-image-17188 aligncenter\" src=\"http:\/\/cronicasyversiones.com\/wp-content\/uploads\/2017\/10\/ella-1024x610.jpg\" alt=\"\" width=\"750\" height=\"447\" srcset=\"http:\/\/cronicasyversiones.com\/wp-content\/uploads\/2017\/10\/ella-1024x610.jpg 1024w, http:\/\/cronicasyversiones.com\/wp-content\/uploads\/2017\/10\/ella-300x179.jpg 300w, http:\/\/cronicasyversiones.com\/wp-content\/uploads\/2017\/10\/ella-768x458.jpg 768w\" sizes=\"auto, (max-width: 750px) 100vw, 750px\" \/><\/p>\n<p><em><strong>\u201cElla en mi cabeza\u00bb<\/strong><\/em>, una obra de<strong> Oscar Mart\u00ednez,<\/strong> con direcci\u00f3n de <strong>Jos\u00e9 Manuel Espeche<\/strong>, sale a escena los s\u00e1bados a las 20 en el <strong>Teatro Espacio Gad\u00ed,<\/strong> ubicado en San Juan 3852, en el barrio porte\u00f1o de Boedo.<\/p>\n<p>Se trata de una comedia dram\u00e1tica que refleja a trav\u00e9s de los obsesivos pensamientos de su protagonista, Adr\u00edan, el <strong>v\u00ednculo de una pareja donde el amor y el odio conviven al mismo tiempo.<\/strong><\/p>\n<p>\u00c9l no puede seguir vivien con Laura (su mujer) y a la vez no puede vivir si ella. Klimovsky (su psicoanalista) lo ayudar\u00e1 a reflexionar sobre esta dicotom\u00eda, posibilitando la manifestaci\u00f3n de su drama m\u00e1s profundo.<\/p>\n<p>El elenco lo completan <strong>Eugenio Colusi, Diego Fernandez Ribas y Eva Matarazzo.<\/strong><\/p>\n<p><em><strong>LEA M\u00c1S:\u00a0<\/strong><\/em><\/p>\n<div class=\"video-container\">\n<blockquote class=\"wp-embedded-content\" data-secret=\"UOabC3Okz4\"><p><a href=\"http:\/\/cronicasyversiones.com\/?p=17095\">\u00abEl desafuero\u00bb, de Laura Gordano Boyrie, en Pasillo al Fondo<\/a><\/p><\/blockquote>\n<p><iframe loading=\"lazy\" class=\"wp-embedded-content\" sandbox=\"allow-scripts\" security=\"restricted\" style=\"position: absolute; clip: rect(1px, 1px, 1px, 1px);\" title=\"\u00ab\u00abEl desafuero\u00bb, de Laura Gordano Boyrie, en Pasillo al Fondo\u00bb \u2014    \" src=\"http:\/\/cronicasyversiones.com\/?p=17095&#038;embed=true#?secret=EQQu4f1tMp#?secret=UOabC3Okz4\" data-secret=\"UOabC3Okz4\" width=\"600\" height=\"338\" frameborder=\"0\" marginwidth=\"0\" marginheight=\"0\" scrolling=\"no\"><\/iframe><\/div>\n<p>El vestuario y la escenograf\u00eda son de Mariela Solari, el dise\u00f1o de luces es de Otto Producciones y la fotograf\u00eda es de Dar\u00edo Lopardo.<\/p>\n<p>Los dibujos son de Fabi\u00e1n La Rosa, el dise\u00f1o gr\u00e1fico es de Cecilia Kimsa, la asistencia de escenario es de Franco Monterola y la asistencia de direcci\u00f3n, de Jaz Mendi. La producci\u00f3n general es del Espacio Gad\u00ed.<\/p>\n<p>&nbsp;<\/p>\n<div style=\"padding-bottom:20px; padding-top:10px;\" class=\"hupso-share-buttons\"><!-- Hupso Share Buttons - https:\/\/www.hupso.com\/share\/ --><a class=\"hupso_counters\" href=\"https:\/\/www.hupso.com\/share\/\"><img decoding=\"async\" src=\"http:\/\/static.hupso.com\/share\/buttons\/lang\/es\/share-small.png\" style=\"border:0px; padding-top:2px; float:left;\" alt=\"Share Button\"\/><\/a><script type=\"text\/javascript\">var hupso_services_c=new Array(\"twitter\",\"facebook_like\",\"google\");var hupso_counters_lang = \"es_LA\";var hupso_image_folder_url = \"\";var hupso_twitter_via=\"crsyvrs\";var hupso_url_c=\"\";<\/script><script type=\"text\/javascript\" src=\"http:\/\/static.hupso.com\/share\/js\/counters.js\"><\/script><!-- Hupso Share Buttons --><\/div> ","protected":false},"excerpt":{"rendered":"<div style=\"padding-bottom:20px; padding-top:10px;\" class=\"hupso-share-buttons\"><!-- Hupso Share Buttons - https:\/\/www.hupso.com\/share\/ --><a class=\"hupso_counters\" href=\"https:\/\/www.hupso.com\/share\/\"><img src=\"http:\/\/static.hupso.com\/share\/buttons\/lang\/es\/share-small.png\" style=\"border:0px; padding-top:2px; float:left;\" alt=\"Share Button\"\/><\/a><script type=\"text\/javascript\">var hupso_services_c=new Array(\"twitter\",\"facebook_like\",\"google\");var hupso_counters_lang = \"es_LA\";var hupso_image_folder_url = \"\";var hupso_twitter_via=\"crsyvrs\";var hupso_url_c=\"\";<\/script><script type=\"text\/javascript\" src=\"http:\/\/static.hupso.com\/share\/js\/counters.js\"><\/script><!-- Hupso Share Buttons --><\/div><p>Con direcci\u00f3n de Jos\u00e9 Manuel Espeche, es una comedia dram\u00e1tica que refleja a trav\u00e9s de los obsesivos pensamientos de su protagonista el v\u00ednculo de una pareja. \u201cElla en mi cabeza\u00bb, una obra de Oscar Mart\u00ednez, con direcci\u00f3n de Jos\u00e9&#46;&#46;&#46;<\/p>\n<div style=\"padding-bottom:20px; padding-top:10px;\" class=\"hupso-share-buttons\"><!-- Hupso Share Buttons - https:\/\/www.hupso.com\/share\/ --><a class=\"hupso_counters\" href=\"https:\/\/www.hupso.com\/share\/\"><img src=\"http:\/\/static.hupso.com\/share\/buttons\/lang\/es\/share-small.png\" style=\"border:0px; padding-top:2px; float:left;\" alt=\"Share Button\"\/><\/a><script type=\"text\/javascript\">var hupso_services_c=new Array(\"twitter\",\"facebook_like\",\"google\");var hupso_counters_lang = \"es_LA\";var hupso_image_folder_url = \"\";var hupso_twitter_via=\"crsyvrs\";var hupso_url_c=\"\";<\/script><script type=\"text\/javascript\" src=\"http:\/\/static.hupso.com\/share\/js\/counters.js\"><\/script><!-- Hupso Share Buttons --><\/div>","protected":false},"author":5,"featured_media":17188,"comment_status":"open","ping_status":"closed","sticky":false,"template":"","format":"standard","meta":{"footnotes":""},"categories":[5],"tags":[8397,8399,3459,8398],"class_list":["post-17187","post","type-post","status-publish","format-standard","has-post-thumbnail","hentry","category-teatro","tag-ella-en-mi-cabeza","tag-jose-manuel-espeche","tag-oscar-martinez","tag-teatro-espacio-gadi"],"_links":{"self":[{"href":"http:\/\/cronicasyversiones.com\/index.php?rest_route=\/wp\/v2\/posts\/17187","targetHints":{"allow":["GET"]}}],"collection":[{"href":"http:\/\/cronicasyversiones.com\/index.php?rest_route=\/wp\/v2\/posts"}],"about":[{"href":"http:\/\/cronicasyversiones.com\/index.php?rest_route=\/wp\/v2\/types\/post"}],"author":[{"embeddable":true,"href":"http:\/\/cronicasyversiones.com\/index.php?rest_route=\/wp\/v2\/users\/5"}],"replies":[{"embeddable":true,"href":"http:\/\/cronicasyversiones.com\/index.php?rest_route=%2Fwp%2Fv2%2Fcomments&post=17187"}],"version-history":[{"count":0,"href":"http:\/\/cronicasyversiones.com\/index.php?rest_route=\/wp\/v2\/posts\/17187\/revisions"}],"wp:featuredmedia":[{"embeddable":true,"href":"http:\/\/cronicasyversiones.com\/index.php?rest_route=\/wp\/v2\/media\/17188"}],"wp:attachment":[{"href":"http:\/\/cronicasyversiones.com\/index.php?rest_route=%2Fwp%2Fv2%2Fmedia&parent=17187"}],"wp:term":[{"taxonomy":"category","embeddable":true,"href":"http:\/\/cronicasyversiones.com\/index.php?rest_route=%2Fwp%2Fv2%2Fcategories&post=17187"},{"taxonomy":"post_tag","embeddable":true,"href":"http:\/\/cronicasyversiones.com\/index.php?rest_route=%2Fwp%2Fv2%2Ftags&post=17187"}],"curies":[{"name":"wp","href":"https:\/\/api.w.org\/{rel}","templated":true}]}}