{"id":17269,"date":"2017-11-04T09:16:24","date_gmt":"2017-11-04T12:16:24","guid":{"rendered":"http:\/\/cronicasyversiones.com\/?p=17269"},"modified":"2017-11-04T09:16:24","modified_gmt":"2017-11-04T12:16:24","slug":"esa-nina-una-obra-basada-en-textos-de-julio-cortazar-y-roberto-arlt","status":"publish","type":"post","link":"http:\/\/cronicasyversiones.com\/?p=17269","title":{"rendered":"\u201cEsa ni\u00f1a\u201d, una obra basada en textos de Julio Cort\u00e1zar y Roberto Arlt"},"content":{"rendered":"<div style=\"padding-bottom:20px; padding-top:10px;\" class=\"hupso-share-buttons\"><!-- Hupso Share Buttons - https:\/\/www.hupso.com\/share\/ --><a class=\"hupso_counters\" href=\"https:\/\/www.hupso.com\/share\/\"><img decoding=\"async\" src=\"http:\/\/static.hupso.com\/share\/buttons\/lang\/es\/share-small.png\" style=\"border:0px; padding-top:2px; float:left;\" alt=\"Share Button\"\/><\/a><script type=\"text\/javascript\">var hupso_services_c=new Array(\"twitter\",\"facebook_like\",\"google\");var hupso_counters_lang = \"es_LA\";var hupso_image_folder_url = \"\";var hupso_twitter_via=\"crsyvrs\";var hupso_url_c=\"\";<\/script><script type=\"text\/javascript\" src=\"http:\/\/static.hupso.com\/share\/js\/counters.js\"><\/script><!-- Hupso Share Buttons --><\/div><h2>Este unipersonal, la \u00f3pera prima de Mar\u00eda Lucila Quarleri, protagonizada por Maia Lancioni, se presenta en el Espacio Teatral La Gloria.<\/h2>\n<p><img loading=\"lazy\" decoding=\"async\" class=\"wp-image-17270 aligncenter\" src=\"http:\/\/cronicasyversiones.com\/wp-content\/uploads\/2017\/10\/Esa-1024x685.jpg\" alt=\"\" width=\"751\" height=\"503\" srcset=\"http:\/\/cronicasyversiones.com\/wp-content\/uploads\/2017\/10\/Esa-1024x685.jpg 1024w, http:\/\/cronicasyversiones.com\/wp-content\/uploads\/2017\/10\/Esa-300x201.jpg 300w, http:\/\/cronicasyversiones.com\/wp-content\/uploads\/2017\/10\/Esa-768x514.jpg 768w, http:\/\/cronicasyversiones.com\/wp-content\/uploads\/2017\/10\/Esa-480x320.jpg 480w\" sizes=\"auto, (max-width: 751px) 100vw, 751px\" \/><\/p>\n<p>El unipersonal <strong><em>\u00abEsa ni\u00f1a\u00bb,<\/em><\/strong> la \u00f3pera prima de <strong>Mar\u00eda Lucila Quarleri<\/strong> protagonizada por <strong>Maia Lancioni<\/strong>, est\u00e1 basada en los textos <em><strong>\u00abFlores amarillas\u00bb,<\/strong><\/em> de<strong> Julio Cort\u00e1zar,<\/strong> y <em><strong>\u00abEsa mujer\u00bb<\/strong><\/em>, de <strong>Rodolfo Walsh<\/strong> y apunta a analizar ciertas figuras emblem\u00e1ticas de la realidad argentina.<\/p>\n<p>La obra sale a escena los domingos a las 20 en el <strong>Espacio Teatral La Gloria,<\/strong> Yatay 890, en el barrio porte\u00f1o de Almagro.<\/p>\n<p>La mujer ve a una ni\u00f1a por primera vez en un colectivo que viaja hacia <strong>Los Toldos.<\/strong> Se la figura como \u201cinmortal\u201d: <strong>El cuerpo de la ni\u00f1a<\/strong>, protagonista en su car\u00e1cter alusivo en la obra, estalla de sentido. Esa ni\u00f1a que la mujer cree encontrar en el colectivo, podr\u00eda ser <strong>Eva Per\u00f3n<\/strong> de peque\u00f1a o podr\u00eda ser cualquier peque\u00f1a que re?eja otro tipo de mujer; distinta a la protagonista. Una ?gura humana que tambi\u00e9n genera en <em><strong>\u201cEsa Mujer\u201d<\/strong><\/em> una admiraci\u00f3n, su deseo de ser ella y su disgusto por todo lo que ella signi?ca.<\/p>\n<p><em><strong>LEA TAMBI\u00c9N:\u00a0<\/strong><\/em><\/p>\n<div class=\"video-container\">\n<blockquote class=\"wp-embedded-content\" data-secret=\"Fdw3uiTzsD\"><p><a href=\"http:\/\/cronicasyversiones.com\/?p=17191\">\u201cComo una estrella apagada\u201d, de Victoria Sarchi, en el Teatro del Pueblo<\/a><\/p><\/blockquote>\n<p><iframe loading=\"lazy\" class=\"wp-embedded-content\" sandbox=\"allow-scripts\" security=\"restricted\" style=\"position: absolute; clip: rect(1px, 1px, 1px, 1px);\" title=\"\u00ab\u201cComo una estrella apagada\u201d, de Victoria Sarchi, en el Teatro del Pueblo\u00bb \u2014    \" src=\"http:\/\/cronicasyversiones.com\/?p=17191&#038;embed=true#?secret=9lBRliBdJh#?secret=Fdw3uiTzsD\" data-secret=\"Fdw3uiTzsD\" width=\"600\" height=\"338\" frameborder=\"0\" marginwidth=\"0\" marginheight=\"0\" scrolling=\"no\"><\/iframe><\/div>\n<p>En ese crisol de contradicciones se con?gura el personaje de la ujer y su discurso completamente <strong>\u201canti\u201d feminista.<\/strong> Un discurso en donde la mujer s\u00f3lo puede \u201ctener\u201d o \u201cposeer\u201d, pero no \u201cser\u201d. Mucho menos liderar.<\/p>\n<p>Sin embargo algo en el transcurso de la obra habla, a la vez, de una necesidad truncada de liberaci\u00f3n, una rebeld\u00eda femenina que acalla; porque en primera instancia, existe y se retuerce en su interior.<\/p>\n<p><em><strong>\u00abEsa ni\u00f1a\u00bb<\/strong> <\/em>tiene luces de Lucia Feijo\u00f3, fotograf\u00eda de Hersilia \u00c1lvarez, dise\u00f1o gr\u00e1fico de Estefan\u00eda Borges, supervisi\u00f3n de dramaturgia de Maruja Bustamante, Camila Mansilla, Eugenia P\u00e9rez Tomas y producci\u00f3n de Marina Kryzczuk con la colaboraci\u00f3n de Natalia Carmen Casielles.<\/p>\n<p>&nbsp;<\/p>\n<div style=\"padding-bottom:20px; padding-top:10px;\" class=\"hupso-share-buttons\"><!-- Hupso Share Buttons - https:\/\/www.hupso.com\/share\/ --><a class=\"hupso_counters\" href=\"https:\/\/www.hupso.com\/share\/\"><img decoding=\"async\" src=\"http:\/\/static.hupso.com\/share\/buttons\/lang\/es\/share-small.png\" style=\"border:0px; padding-top:2px; float:left;\" alt=\"Share Button\"\/><\/a><script type=\"text\/javascript\">var hupso_services_c=new Array(\"twitter\",\"facebook_like\",\"google\");var hupso_counters_lang = \"es_LA\";var hupso_image_folder_url = \"\";var hupso_twitter_via=\"crsyvrs\";var hupso_url_c=\"\";<\/script><script type=\"text\/javascript\" src=\"http:\/\/static.hupso.com\/share\/js\/counters.js\"><\/script><!-- Hupso Share Buttons --><\/div> ","protected":false},"excerpt":{"rendered":"<div style=\"padding-bottom:20px; padding-top:10px;\" class=\"hupso-share-buttons\"><!-- Hupso Share Buttons - https:\/\/www.hupso.com\/share\/ --><a class=\"hupso_counters\" href=\"https:\/\/www.hupso.com\/share\/\"><img src=\"http:\/\/static.hupso.com\/share\/buttons\/lang\/es\/share-small.png\" style=\"border:0px; padding-top:2px; float:left;\" alt=\"Share Button\"\/><\/a><script type=\"text\/javascript\">var hupso_services_c=new Array(\"twitter\",\"facebook_like\",\"google\");var hupso_counters_lang = \"es_LA\";var hupso_image_folder_url = \"\";var hupso_twitter_via=\"crsyvrs\";var hupso_url_c=\"\";<\/script><script type=\"text\/javascript\" src=\"http:\/\/static.hupso.com\/share\/js\/counters.js\"><\/script><!-- Hupso Share Buttons --><\/div><p>Este unipersonal, la \u00f3pera prima de Mar\u00eda Lucila Quarleri, protagonizada por Maia Lancioni, se presenta en el Espacio Teatral La Gloria. El unipersonal \u00abEsa ni\u00f1a\u00bb, la \u00f3pera prima de Mar\u00eda Lucila Quarleri protagonizada por Maia Lancioni, est\u00e1 basada en&#46;&#46;&#46;<\/p>\n<div style=\"padding-bottom:20px; padding-top:10px;\" class=\"hupso-share-buttons\"><!-- Hupso Share Buttons - https:\/\/www.hupso.com\/share\/ --><a class=\"hupso_counters\" href=\"https:\/\/www.hupso.com\/share\/\"><img src=\"http:\/\/static.hupso.com\/share\/buttons\/lang\/es\/share-small.png\" style=\"border:0px; padding-top:2px; float:left;\" alt=\"Share Button\"\/><\/a><script type=\"text\/javascript\">var hupso_services_c=new Array(\"twitter\",\"facebook_like\",\"google\");var hupso_counters_lang = \"es_LA\";var hupso_image_folder_url = \"\";var hupso_twitter_via=\"crsyvrs\";var hupso_url_c=\"\";<\/script><script type=\"text\/javascript\" src=\"http:\/\/static.hupso.com\/share\/js\/counters.js\"><\/script><!-- Hupso Share Buttons --><\/div>","protected":false},"author":5,"featured_media":17270,"comment_status":"open","ping_status":"closed","sticky":false,"template":"","format":"standard","meta":{"footnotes":""},"categories":[5],"tags":[8416,128,8415,8414,3866],"class_list":["post-17269","post","type-post","status-publish","format-standard","has-post-thumbnail","hentry","category-teatro","tag-espacio-teatral-la-gloria","tag-julio-cortazar","tag-maia-lancioni","tag-maria-lucila-quarleri","tag-rodolfo-walsh"],"_links":{"self":[{"href":"http:\/\/cronicasyversiones.com\/index.php?rest_route=\/wp\/v2\/posts\/17269","targetHints":{"allow":["GET"]}}],"collection":[{"href":"http:\/\/cronicasyversiones.com\/index.php?rest_route=\/wp\/v2\/posts"}],"about":[{"href":"http:\/\/cronicasyversiones.com\/index.php?rest_route=\/wp\/v2\/types\/post"}],"author":[{"embeddable":true,"href":"http:\/\/cronicasyversiones.com\/index.php?rest_route=\/wp\/v2\/users\/5"}],"replies":[{"embeddable":true,"href":"http:\/\/cronicasyversiones.com\/index.php?rest_route=%2Fwp%2Fv2%2Fcomments&post=17269"}],"version-history":[{"count":0,"href":"http:\/\/cronicasyversiones.com\/index.php?rest_route=\/wp\/v2\/posts\/17269\/revisions"}],"wp:featuredmedia":[{"embeddable":true,"href":"http:\/\/cronicasyversiones.com\/index.php?rest_route=\/wp\/v2\/media\/17270"}],"wp:attachment":[{"href":"http:\/\/cronicasyversiones.com\/index.php?rest_route=%2Fwp%2Fv2%2Fmedia&parent=17269"}],"wp:term":[{"taxonomy":"category","embeddable":true,"href":"http:\/\/cronicasyversiones.com\/index.php?rest_route=%2Fwp%2Fv2%2Fcategories&post=17269"},{"taxonomy":"post_tag","embeddable":true,"href":"http:\/\/cronicasyversiones.com\/index.php?rest_route=%2Fwp%2Fv2%2Ftags&post=17269"}],"curies":[{"name":"wp","href":"https:\/\/api.w.org\/{rel}","templated":true}]}}