{"id":17281,"date":"2017-11-02T08:18:40","date_gmt":"2017-11-02T11:18:40","guid":{"rendered":"http:\/\/cronicasyversiones.com\/?p=17281"},"modified":"2017-11-02T08:18:40","modified_gmt":"2017-11-02T11:18:40","slug":"nona-fernandez-gano-el-premio-sor-juana-ines-de-la-cruz","status":"publish","type":"post","link":"http:\/\/cronicasyversiones.com\/?p=17281","title":{"rendered":"Nona Fern\u00e1ndez gan\u00f3 el premio Sor Juana In\u00e9s de la Cruz"},"content":{"rendered":"<div style=\"padding-bottom:20px; padding-top:10px;\" class=\"hupso-share-buttons\"><!-- Hupso Share Buttons - https:\/\/www.hupso.com\/share\/ --><a class=\"hupso_counters\" href=\"https:\/\/www.hupso.com\/share\/\"><img decoding=\"async\" src=\"http:\/\/static.hupso.com\/share\/buttons\/lang\/es\/share-small.png\" style=\"border:0px; padding-top:2px; float:left;\" alt=\"Share Button\"\/><\/a><script type=\"text\/javascript\">var hupso_services_c=new Array(\"twitter\",\"facebook_like\",\"google\");var hupso_counters_lang = \"es_LA\";var hupso_image_folder_url = \"\";var hupso_twitter_via=\"crsyvrs\";var hupso_url_c=\"\";<\/script><script type=\"text\/javascript\" src=\"http:\/\/static.hupso.com\/share\/js\/counters.js\"><\/script><!-- Hupso Share Buttons --><\/div><h2>La escritora chilena se qued\u00f3 con este galard\u00f3n por su novela \u201cLa dimensi\u00f3n desconocida\u201d. Lo recibir\u00e1 en la Feria del Libro de Guadalajara.<\/h2>\n<p><img loading=\"lazy\" decoding=\"async\" class=\"wp-image-17282 aligncenter\" src=\"http:\/\/cronicasyversiones.com\/wp-content\/uploads\/2017\/10\/Nona.jpg\" alt=\"\" width=\"752\" height=\"564\" srcset=\"http:\/\/cronicasyversiones.com\/wp-content\/uploads\/2017\/10\/Nona.jpg 800w, http:\/\/cronicasyversiones.com\/wp-content\/uploads\/2017\/10\/Nona-300x225.jpg 300w, http:\/\/cronicasyversiones.com\/wp-content\/uploads\/2017\/10\/Nona-768x576.jpg 768w, http:\/\/cronicasyversiones.com\/wp-content\/uploads\/2017\/10\/Nona-640x480.jpg 640w\" sizes=\"auto, (max-width: 752px) 100vw, 752px\" \/><\/p>\n<p>En su edici\u00f3n 25, el <strong>premio de literatura Sor Juana In\u00e9s de la Cruz<\/strong> ser\u00e1 para la escritora chilena<strong> Nona Fern\u00e1ndez <\/strong>por su novela <strong><em>\u201cLa dimensi\u00f3n desconocida\u201d,<\/em><\/strong> que lo recibir\u00e1 el mi\u00e9rcoles 29 de noviembre en la <strong>Feria Internacional del Libro de Guadalajara.<\/strong><\/p>\n<p>En noviembre, la novela estar\u00e1 disponible para los lectores de Argentina en el marco de la iniciativa editorial Mapa de las Lenguas por el sello <strong>Literatura Random House.<\/strong><\/p>\n<blockquote><p>El jurado, compuesto por Daniel Centeno de Venezuela y Cristina Rivera Garza y Eduardo Antonio Parra de M\u00e9xico, lo decidi\u00f3 de forma un\u00e1nime y consider\u00f3 que el libro \u201cconsigue mostrar las emociones de toda una naci\u00f3n con respecto a un pasado negro y acaso vergonzoso\u201d.<\/p><\/blockquote>\n<p>\u201cPartiendo de un hecho real que <strong>sacudi\u00f3 a la opini\u00f3n p\u00fablica chilena en plena dictadura<\/strong>, esta autora hace una actualizaci\u00f3n de la memoria hist\u00f3rica de su pa\u00eds durante las \u00faltimas d\u00e9cadas, integrando una visi\u00f3n h\u00edbrida pop en un relato en que se advierte una gran convergencia de recursos, t\u00e9cnicas y g\u00e9neros, con un discurso narrativo fluido, coherente y por lo mismo, lleno de hallazgos\u201d, destac\u00f3 el jurado.<\/p>\n<p><em><strong>LEA TAMBI\u00c9N:\u00a0<\/strong><\/em><\/p>\n<div class=\"video-container\">\n<blockquote class=\"wp-embedded-content\" data-secret=\"iNONMqLiL2\"><p><a href=\"https:\/\/cronicasyversiones.com\/?p=17223\">Daniel Guebel, Premio Literario de la Academia Argentina de Letras 2017<\/a><\/p><\/blockquote>\n<p><iframe loading=\"lazy\" class=\"wp-embedded-content\" sandbox=\"allow-scripts\" security=\"restricted\" style=\"position: absolute; clip: rect(1px, 1px, 1px, 1px);\" title=\"\u00abDaniel Guebel, Premio Literario de la Academia Argentina de Letras 2017\u00bb \u2014    \" src=\"https:\/\/cronicasyversiones.com\/?p=17223&#038;embed=true#?secret=0g9m1svfZH#?secret=iNONMqLiL2\" data-secret=\"iNONMqLiL2\" width=\"600\" height=\"338\" frameborder=\"0\" marginwidth=\"0\" marginheight=\"0\" scrolling=\"no\"><\/iframe><\/div>\n<p><strong>El premio de literatura Sor Juana In\u00e9s de la Cruz<\/strong> representa un reconocimiento al trabajo literario de las mujeres en el mundo hispano y se otorga a la autora de una novela publicada originalmente en espa\u00f1ol.<\/p>\n<p>Nona Fern\u00e1ndez naci\u00f3 en Santiago de Chile en 1971. Es actriz y escritora. Public\u00f3 el volumen de cuentos <em><strong>\u201cEl Cielo\u201d<\/strong><\/em> (2000), las novelas <em><strong>\u201cMapocho\u201d<\/strong><\/em> (2002), <em><strong>\u201cAv. 10 de Julio Huamachuco\u201d<\/strong> <\/em>(2007), ambas ganadoras del Premio Municipal de Literatura, <em><strong>\u201cFuenzalida\u201d<\/strong><\/em> (2012), <em><strong>\u201cSpace Invaders\u201d<\/strong><\/em> (2013) y <em><strong>\u201cChilean Electric\u201d<\/strong><\/em> (2015).<\/p>\n<p>Tambi\u00e9n es autora de las obras de teatro<em><strong> \u201cEl taller\u201d <\/strong><\/em>y<em><strong> \u201cLiceo de ni\u00f1as\u201d<\/strong><\/em>, ambas estrenadas por su compa\u00f1\u00eda La Pieza Oscura.<\/p>\n<p>Algunos de sus libros fueron traducidos al alem\u00e1n, al franc\u00e9s y al italiano. En 2011 fue elegida por la Feria del Libro de Guadalajara como uno de los 25 secretos mejor guardados de la literatura latinoamericana.<\/p>\n<p>&nbsp;<\/p>\n<p>&nbsp;<\/p>\n<div style=\"padding-bottom:20px; padding-top:10px;\" class=\"hupso-share-buttons\"><!-- Hupso Share Buttons - https:\/\/www.hupso.com\/share\/ --><a class=\"hupso_counters\" href=\"https:\/\/www.hupso.com\/share\/\"><img decoding=\"async\" src=\"http:\/\/static.hupso.com\/share\/buttons\/lang\/es\/share-small.png\" style=\"border:0px; padding-top:2px; float:left;\" alt=\"Share Button\"\/><\/a><script type=\"text\/javascript\">var hupso_services_c=new Array(\"twitter\",\"facebook_like\",\"google\");var hupso_counters_lang = \"es_LA\";var hupso_image_folder_url = \"\";var hupso_twitter_via=\"crsyvrs\";var hupso_url_c=\"\";<\/script><script type=\"text\/javascript\" src=\"http:\/\/static.hupso.com\/share\/js\/counters.js\"><\/script><!-- Hupso Share Buttons --><\/div> ","protected":false},"excerpt":{"rendered":"<div style=\"padding-bottom:20px; padding-top:10px;\" class=\"hupso-share-buttons\"><!-- Hupso Share Buttons - https:\/\/www.hupso.com\/share\/ --><a class=\"hupso_counters\" href=\"https:\/\/www.hupso.com\/share\/\"><img src=\"http:\/\/static.hupso.com\/share\/buttons\/lang\/es\/share-small.png\" style=\"border:0px; padding-top:2px; float:left;\" alt=\"Share Button\"\/><\/a><script type=\"text\/javascript\">var hupso_services_c=new Array(\"twitter\",\"facebook_like\",\"google\");var hupso_counters_lang = \"es_LA\";var hupso_image_folder_url = \"\";var hupso_twitter_via=\"crsyvrs\";var hupso_url_c=\"\";<\/script><script type=\"text\/javascript\" src=\"http:\/\/static.hupso.com\/share\/js\/counters.js\"><\/script><!-- Hupso Share Buttons --><\/div><p>La escritora chilena se qued\u00f3 con este galard\u00f3n por su novela \u201cLa dimensi\u00f3n desconocida\u201d. Lo recibir\u00e1 en la Feria del Libro de Guadalajara. En su edici\u00f3n 25, el premio de literatura Sor Juana In\u00e9s de la Cruz ser\u00e1 para&#46;&#46;&#46;<\/p>\n<div style=\"padding-bottom:20px; padding-top:10px;\" class=\"hupso-share-buttons\"><!-- Hupso Share Buttons - https:\/\/www.hupso.com\/share\/ --><a class=\"hupso_counters\" href=\"https:\/\/www.hupso.com\/share\/\"><img src=\"http:\/\/static.hupso.com\/share\/buttons\/lang\/es\/share-small.png\" style=\"border:0px; padding-top:2px; float:left;\" alt=\"Share Button\"\/><\/a><script type=\"text\/javascript\">var hupso_services_c=new Array(\"twitter\",\"facebook_like\",\"google\");var hupso_counters_lang = \"es_LA\";var hupso_image_folder_url = \"\";var hupso_twitter_via=\"crsyvrs\";var hupso_url_c=\"\";<\/script><script type=\"text\/javascript\" src=\"http:\/\/static.hupso.com\/share\/js\/counters.js\"><\/script><!-- Hupso Share Buttons --><\/div>","protected":false},"author":5,"featured_media":17282,"comment_status":"open","ping_status":"closed","sticky":false,"template":"","format":"standard","meta":{"footnotes":""},"categories":[7],"tags":[7414,8421],"class_list":["post-17281","post","type-post","status-publish","format-standard","has-post-thumbnail","hentry","category-literatura","tag-feria-de-libro-de-guadalajara","tag-nona-fernandez"],"_links":{"self":[{"href":"http:\/\/cronicasyversiones.com\/index.php?rest_route=\/wp\/v2\/posts\/17281","targetHints":{"allow":["GET"]}}],"collection":[{"href":"http:\/\/cronicasyversiones.com\/index.php?rest_route=\/wp\/v2\/posts"}],"about":[{"href":"http:\/\/cronicasyversiones.com\/index.php?rest_route=\/wp\/v2\/types\/post"}],"author":[{"embeddable":true,"href":"http:\/\/cronicasyversiones.com\/index.php?rest_route=\/wp\/v2\/users\/5"}],"replies":[{"embeddable":true,"href":"http:\/\/cronicasyversiones.com\/index.php?rest_route=%2Fwp%2Fv2%2Fcomments&post=17281"}],"version-history":[{"count":0,"href":"http:\/\/cronicasyversiones.com\/index.php?rest_route=\/wp\/v2\/posts\/17281\/revisions"}],"wp:featuredmedia":[{"embeddable":true,"href":"http:\/\/cronicasyversiones.com\/index.php?rest_route=\/wp\/v2\/media\/17282"}],"wp:attachment":[{"href":"http:\/\/cronicasyversiones.com\/index.php?rest_route=%2Fwp%2Fv2%2Fmedia&parent=17281"}],"wp:term":[{"taxonomy":"category","embeddable":true,"href":"http:\/\/cronicasyversiones.com\/index.php?rest_route=%2Fwp%2Fv2%2Fcategories&post=17281"},{"taxonomy":"post_tag","embeddable":true,"href":"http:\/\/cronicasyversiones.com\/index.php?rest_route=%2Fwp%2Fv2%2Ftags&post=17281"}],"curies":[{"name":"wp","href":"https:\/\/api.w.org\/{rel}","templated":true}]}}