{"id":17286,"date":"2017-11-02T00:02:38","date_gmt":"2017-11-02T03:02:38","guid":{"rendered":"http:\/\/cronicasyversiones.com\/?p=17286"},"modified":"2017-11-02T08:12:26","modified_gmt":"2017-11-02T11:12:26","slug":"mi-histeria-en-el-cine-un-documental-sobre-los-gajes-del-oficio","status":"publish","type":"post","link":"http:\/\/cronicasyversiones.com\/?p=17286","title":{"rendered":"\u201cMi hist(e)ria en el cine\u201d, un documental sobre los gajes del oficio"},"content":{"rendered":"<div style=\"padding-bottom:20px; padding-top:10px;\" class=\"hupso-share-buttons\"><!-- Hupso Share Buttons - https:\/\/www.hupso.com\/share\/ --><a class=\"hupso_counters\" href=\"https:\/\/www.hupso.com\/share\/\"><img decoding=\"async\" src=\"http:\/\/static.hupso.com\/share\/buttons\/lang\/es\/share-small.png\" style=\"border:0px; padding-top:2px; float:left;\" alt=\"Share Button\"\/><\/a><script type=\"text\/javascript\">var hupso_services_c=new Array(\"twitter\",\"facebook_like\",\"google\");var hupso_counters_lang = \"es_LA\";var hupso_image_folder_url = \"\";var hupso_twitter_via=\"crsyvrs\";var hupso_url_c=\"\";<\/script><script type=\"text\/javascript\" src=\"http:\/\/static.hupso.com\/share\/js\/counters.js\"><\/script><!-- Hupso Share Buttons --><\/div><h4>Por Edgardo Solano<\/h4>\n<h2>Se estrena este film de Mar\u00eda Victoria Menis, quien decide de un d\u00eda para el otro abandonar su profesi\u00f3n por las millones de dificultades que conlleva su trabajo.<\/h2>\n<p><img loading=\"lazy\" decoding=\"async\" class=\"wp-image-17287 aligncenter\" src=\"http:\/\/cronicasyversiones.com\/wp-content\/uploads\/2017\/11\/histeria-1024x683.jpg\" alt=\"\" width=\"753\" height=\"502\" srcset=\"http:\/\/cronicasyversiones.com\/wp-content\/uploads\/2017\/11\/histeria-1024x683.jpg 1024w, http:\/\/cronicasyversiones.com\/wp-content\/uploads\/2017\/11\/histeria-300x200.jpg 300w, http:\/\/cronicasyversiones.com\/wp-content\/uploads\/2017\/11\/histeria-768x512.jpg 768w, http:\/\/cronicasyversiones.com\/wp-content\/uploads\/2017\/11\/histeria-480x320.jpg 480w, http:\/\/cronicasyversiones.com\/wp-content\/uploads\/2017\/11\/histeria.jpg 1800w\" sizes=\"auto, (max-width: 753px) 100vw, 753px\" \/><\/p>\n<p>En el <strong>mundo del cine<\/strong> no todo es color de rosa y m\u00e1s all\u00e1 de lo que se ve plasmado en la pantalla, los realizadores, en especial los que no est\u00e1n ligados a los poderosos que rigen la industria, se la ven en figurillas en muchas situaciones.<\/p>\n<p>A prop\u00f3sito de estos gajes del oficio del cineasta, <strong>Mar\u00eda Victoria Menis,<\/strong> directora de cine con una interesante filmograf\u00eda a cuestas, decide de un d\u00eda para el otro <strong>abandonar su profesi\u00f3n<\/strong> por las millones de dificultades que conlleva su trabajo cotidiano.<\/p>\n<p>Ante este cuadro de situaci\u00f3n, <strong>persuadida por su amiga Franca,<\/strong> comienza a registrar, \u00a0c\u00e1mara en mano y modo de un documental, a desopilantes y emotivas escenas de su vida cotidiana y la de su propio entorno.<\/p>\n<p>Esta labor qued\u00f3 plasmada en <em><strong>\u201cMi hist(e)ria en el cine\u201d,<\/strong><\/em> con el subtitulo de <em><strong>\u201cC\u00f3mo sobrevivir a mi familia y al cine\u201d,<\/strong><\/em> que se puede ver en el <strong>Cine Gaumont,<\/strong> ubicado en la Avenida Rivadavia 1635.<\/p>\n<p>En Off, la propia realizadora cuenta los problemas de salud que sufri\u00f3 en los rodajes de sus films anteriores, como una hepatitis y una apendicitis, mientras consulta a una profesional oriental para que la alivie de una feroz contractura, mientras hace una suerte de catarsis de sus dilemas con la profesi\u00f3n, como <strong>el tiempo que llevar desarrollar una pel\u00edcula para que este s\u00f3lo un par de semanas en cartel.<\/strong><\/p>\n<p>La directora mostrar\u00e1 la intimidad de <strong>sus padres Chola y Sa\u00fal<\/strong>, simp\u00e1ticos personajes que develan viejas an\u00e9cdotas, mientras que finalmente pueden reencontrarse con una vieja pel\u00edcula que parec\u00eda inconseguible.<\/p>\n<p>Tambi\u00e9n la realizadora, en esta documental, <strong>se encarga de rodar a sus hermanos, a sus hijos y hasta a su esposo,<\/strong> que tambi\u00e9n fue el productor de sus trabajos anteriores y que ante las c\u00e1maras anuncia que ya no quiere reincidir en estos menesteres.<\/p>\n<p>Tambi\u00e9n relata y comparte las inquietudes con su entorno de rehacer su vida laboral, como estar al frente de una librer\u00eda con una socia. Incluso consulta a propios y extra\u00f1os sobre esta <strong>posibilidad de patear el tablero,<\/strong> obteniendo como respuesta las versiones m\u00e1s desencontradas.<\/p>\n<p>En este juego de brindar de pedir la palabra, tambi\u00e9n se mete a interrogar sobre los mitos que hicieron a\u00f1icos las personas de su entorno, como buscando una respuesta en <strong>este ejercicio l\u00fadico a sus propios interrogantes.<\/strong><\/p>\n<p>Con primeros planos de afiches de afiches de pel\u00edculas de su propia factura y de otros cl\u00e1sicos del cine, <strong>su propia hija Cecilia<\/strong> tambi\u00e9n se mete activamente en la historia con sus dudas sobre si continuar o no dentro del mundillo del S\u00e9ptimo Arte.<\/p>\n<p>Penurias y planteos de por medio y mientras le cede por un momento la c\u00e1mara a su hija, que lentamente y casi sin pretenderlo deliberadamente, las escenas del documental la har\u00e1n reencontrarse con ella misma, y con su verdadero amor por el cine.<\/p>\n<p><em><strong>LEA TAMBI\u00c9N:\u00a0<\/strong><\/em><\/p>\n<div class=\"video-container\">\n<blockquote class=\"wp-embedded-content\" data-secret=\"GQ5ANpCAkS\"><p><a href=\"https:\/\/cronicasyversiones.com\/?p=17203\">\u201cEl futuro lleg\u00f3\u201d, el sue\u00f1o de la California argentina<\/a><\/p><\/blockquote>\n<p><iframe loading=\"lazy\" class=\"wp-embedded-content\" sandbox=\"allow-scripts\" security=\"restricted\" style=\"position: absolute; clip: rect(1px, 1px, 1px, 1px);\" title=\"\u00ab\u201cEl futuro lleg\u00f3\u201d, el sue\u00f1o de la California argentina\u00bb \u2014    \" src=\"https:\/\/cronicasyversiones.com\/?p=17203&#038;embed=true#?secret=SOfACyiGkx#?secret=GQ5ANpCAkS\" data-secret=\"GQ5ANpCAkS\" width=\"600\" height=\"338\" frameborder=\"0\" marginwidth=\"0\" marginheight=\"0\" scrolling=\"no\"><\/iframe><\/div>\n<p><strong>Mar\u00eda Victoria Menis<\/strong> es directora de films como <em><strong>\u00abLos esp\u00edritus patri\u00f3ticos\u00bb, \u00abArregui: la noticia del d\u00eda\u00bb, \u00abEl cielito\u00bb, \u00abLa c\u00e1mara oscura\u00bb <\/strong><\/em>y<em><strong> \u00abMar\u00eda y El Ara\u00f1a\u00bb.<\/strong><\/em><\/p>\n<p>Adem\u00e1s, es miembro de La Mujer y el Cine y del PCI (Proyecto de Cine Independiente). Participado como jurado en diferentes festivales y concursos de gui\u00f3n entre los que se destaca el Premio Argentores de gui\u00f3n. Actualmente es tutora de desarrollo de gui\u00f3n del Concurso INCAA 2017.<\/p>\n<p><em><strong>El tr\u00e1iler:\u00a0<\/strong><\/em><\/p>\n<p><iframe loading=\"lazy\" src=\"https:\/\/www.youtube.com\/embed\/_2XE9VfUuPk\" width=\"600\" height=\"350\" frameborder=\"0\" allowfullscreen=\"allowfullscreen\"><\/iframe><\/p>\n<div style=\"padding-bottom:20px; padding-top:10px;\" class=\"hupso-share-buttons\"><!-- Hupso Share Buttons - https:\/\/www.hupso.com\/share\/ --><a class=\"hupso_counters\" href=\"https:\/\/www.hupso.com\/share\/\"><img decoding=\"async\" src=\"http:\/\/static.hupso.com\/share\/buttons\/lang\/es\/share-small.png\" style=\"border:0px; padding-top:2px; float:left;\" alt=\"Share Button\"\/><\/a><script type=\"text\/javascript\">var hupso_services_c=new Array(\"twitter\",\"facebook_like\",\"google\");var hupso_counters_lang = \"es_LA\";var hupso_image_folder_url = \"\";var hupso_twitter_via=\"crsyvrs\";var hupso_url_c=\"\";<\/script><script type=\"text\/javascript\" src=\"http:\/\/static.hupso.com\/share\/js\/counters.js\"><\/script><!-- Hupso Share Buttons --><\/div> ","protected":false},"excerpt":{"rendered":"<div style=\"padding-bottom:20px; padding-top:10px;\" class=\"hupso-share-buttons\"><!-- Hupso Share Buttons - https:\/\/www.hupso.com\/share\/ --><a class=\"hupso_counters\" href=\"https:\/\/www.hupso.com\/share\/\"><img src=\"http:\/\/static.hupso.com\/share\/buttons\/lang\/es\/share-small.png\" style=\"border:0px; padding-top:2px; float:left;\" alt=\"Share Button\"\/><\/a><script type=\"text\/javascript\">var hupso_services_c=new Array(\"twitter\",\"facebook_like\",\"google\");var hupso_counters_lang = \"es_LA\";var hupso_image_folder_url = \"\";var hupso_twitter_via=\"crsyvrs\";var hupso_url_c=\"\";<\/script><script type=\"text\/javascript\" src=\"http:\/\/static.hupso.com\/share\/js\/counters.js\"><\/script><!-- Hupso Share Buttons --><\/div><p>Por Edgardo Solano Se estrena este film de Mar\u00eda Victoria Menis, quien decide de un d\u00eda para el otro abandonar su profesi\u00f3n por las millones de dificultades que conlleva su trabajo. En el mundo del cine no todo es&#46;&#46;&#46;<\/p>\n<div style=\"padding-bottom:20px; padding-top:10px;\" class=\"hupso-share-buttons\"><!-- Hupso Share Buttons - https:\/\/www.hupso.com\/share\/ --><a class=\"hupso_counters\" href=\"https:\/\/www.hupso.com\/share\/\"><img src=\"http:\/\/static.hupso.com\/share\/buttons\/lang\/es\/share-small.png\" style=\"border:0px; padding-top:2px; float:left;\" alt=\"Share Button\"\/><\/a><script type=\"text\/javascript\">var hupso_services_c=new Array(\"twitter\",\"facebook_like\",\"google\");var hupso_counters_lang = \"es_LA\";var hupso_image_folder_url = \"\";var hupso_twitter_via=\"crsyvrs\";var hupso_url_c=\"\";<\/script><script type=\"text\/javascript\" src=\"http:\/\/static.hupso.com\/share\/js\/counters.js\"><\/script><!-- Hupso Share Buttons --><\/div>","protected":false},"author":5,"featured_media":17287,"comment_status":"open","ping_status":"closed","sticky":false,"template":"","format":"standard","meta":{"footnotes":""},"categories":[4],"tags":[3998,8422],"class_list":["post-17286","post","type-post","status-publish","format-standard","has-post-thumbnail","hentry","category-cine","tag-cine-gaumont","tag-maria-victoria-menis"],"_links":{"self":[{"href":"http:\/\/cronicasyversiones.com\/index.php?rest_route=\/wp\/v2\/posts\/17286","targetHints":{"allow":["GET"]}}],"collection":[{"href":"http:\/\/cronicasyversiones.com\/index.php?rest_route=\/wp\/v2\/posts"}],"about":[{"href":"http:\/\/cronicasyversiones.com\/index.php?rest_route=\/wp\/v2\/types\/post"}],"author":[{"embeddable":true,"href":"http:\/\/cronicasyversiones.com\/index.php?rest_route=\/wp\/v2\/users\/5"}],"replies":[{"embeddable":true,"href":"http:\/\/cronicasyversiones.com\/index.php?rest_route=%2Fwp%2Fv2%2Fcomments&post=17286"}],"version-history":[{"count":0,"href":"http:\/\/cronicasyversiones.com\/index.php?rest_route=\/wp\/v2\/posts\/17286\/revisions"}],"wp:featuredmedia":[{"embeddable":true,"href":"http:\/\/cronicasyversiones.com\/index.php?rest_route=\/wp\/v2\/media\/17287"}],"wp:attachment":[{"href":"http:\/\/cronicasyversiones.com\/index.php?rest_route=%2Fwp%2Fv2%2Fmedia&parent=17286"}],"wp:term":[{"taxonomy":"category","embeddable":true,"href":"http:\/\/cronicasyversiones.com\/index.php?rest_route=%2Fwp%2Fv2%2Fcategories&post=17286"},{"taxonomy":"post_tag","embeddable":true,"href":"http:\/\/cronicasyversiones.com\/index.php?rest_route=%2Fwp%2Fv2%2Ftags&post=17286"}],"curies":[{"name":"wp","href":"https:\/\/api.w.org\/{rel}","templated":true}]}}