{"id":17320,"date":"2017-11-04T09:15:12","date_gmt":"2017-11-04T12:15:12","guid":{"rendered":"http:\/\/cronicasyversiones.com\/?p=17320"},"modified":"2017-11-04T09:15:12","modified_gmt":"2017-11-04T12:15:12","slug":"el-festival-buenos-aires-jazz-cumple-una-decada","status":"publish","type":"post","link":"http:\/\/cronicasyversiones.com\/?p=17320","title":{"rendered":"El Festival Buenos Aires Jazz cumple una d\u00e9cada"},"content":{"rendered":"<div style=\"padding-bottom:20px; padding-top:10px;\" class=\"hupso-share-buttons\"><!-- Hupso Share Buttons - https:\/\/www.hupso.com\/share\/ --><a class=\"hupso_counters\" href=\"https:\/\/www.hupso.com\/share\/\"><img decoding=\"async\" src=\"http:\/\/static.hupso.com\/share\/buttons\/lang\/es\/share-small.png\" style=\"border:0px; padding-top:2px; float:left;\" alt=\"Share Button\"\/><\/a><script type=\"text\/javascript\">var hupso_services_c=new Array(\"twitter\",\"facebook_like\",\"google\");var hupso_counters_lang = \"es_LA\";var hupso_image_folder_url = \"\";var hupso_twitter_via=\"crsyvrs\";var hupso_url_c=\"\";<\/script><script type=\"text\/javascript\" src=\"http:\/\/static.hupso.com\/share\/js\/counters.js\"><\/script><!-- Hupso Share Buttons --><\/div><h2>La cita presentar\u00e1 en 6 d\u00edas a 420 artistas, con invitados internacionales y los m\u00e1s destacados exponentes del jazz local.<\/h2>\n<p><img loading=\"lazy\" decoding=\"async\" class=\"wp-image-17321 aligncenter\" src=\"http:\/\/cronicasyversiones.com\/wp-content\/uploads\/2017\/11\/jazz.jpg\" alt=\"\" width=\"784\" height=\"516\" srcset=\"http:\/\/cronicasyversiones.com\/wp-content\/uploads\/2017\/11\/jazz.jpg 960w, http:\/\/cronicasyversiones.com\/wp-content\/uploads\/2017\/11\/jazz-300x198.jpg 300w, http:\/\/cronicasyversiones.com\/wp-content\/uploads\/2017\/11\/jazz-768x506.jpg 768w\" sizes=\"auto, (max-width: 784px) 100vw, 784px\" \/><\/p>\n<p>El <strong>Buenos Aires Jazz<\/strong>.17, que cumple una d\u00e9cada de vida, presentar\u00e1 en 6 d\u00edas a 420 artistas, con invitados internacionales y los m\u00e1s destacados exponentes del jazz local y contar\u00e1 con conciertos, proyectos especiales, actividades al aire libre y gratuitas, cine, workshops, cl\u00ednicas, pistas de baile, Club de Jazz bajo las estrellas, clases y cruces in\u00e9ditos con los mejores m\u00fasicos del g\u00e9nero.<\/p>\n<p>Nuevamente bajo la direcci\u00f3n art\u00edstica de <strong>Adri\u00e1n Iaies,<\/strong> contar\u00e1 con los mejores exponentes del g\u00e9nero local y destacadas figuras internacionales que estar\u00e1n presentes del 15 al 20 de noviembre en 18 sedes de la Ciudad de Buenos Aires.<\/p>\n<p>La apertura ser\u00e1 el 15 de noviembre a las 20.30 en el Auditorio de <strong>La Usina del Arte<\/strong> y estar\u00e1 a cargo del legendario contrabajista y compositor <strong>Gary Peacock<\/strong> junto a su Now This Trio que incluye a los eximios Marc Copland y Joey Baron, pianista y baterista respectivamente.<\/p>\n<p>En el mismo escenario se llevar\u00e1 a cabo el concierto de clausura, el 20 de noviembre a las 20.30 , junto al d\u00fao <strong>Terramondo<\/strong>, formado por dos m\u00fasicos en plena madurez art\u00edstica: Jacky Terrasson y Stephane Belmondo.<\/p>\n<p>La secci\u00f3n \u00abConciertos Internacionales\u00bb contar\u00e1 con el <strong>Tr\u00edo de Matthew Shipp<\/strong>, el d\u00fao espa\u00f1ol de <strong>Chicuelo<\/strong> y <strong>Marco Mezquida<\/strong>, el sexteto del pianista brasile\u00f1o <strong>Andr\u00e9 Marques<\/strong> y el trompetista norteamericano <strong>Ralph Alessi<\/strong> que se presentar\u00e1 junto al <strong>Tr\u00edo de Sergio Verdinelli.<\/strong><strong>\u00a0<\/strong><\/p>\n<p><em><strong>LEA TAMBI\u00c9N:\u00a0<\/strong><\/em><\/p>\n<div class=\"video-container\">\n<blockquote class=\"wp-embedded-content\" data-secret=\"72uO1Tv5Pn\"><p><a href=\"http:\/\/cronicasyversiones.com\/?p=17241\">Snarky Puppy llega al Teatro Col\u00f3n<\/a><\/p><\/blockquote>\n<p><iframe loading=\"lazy\" class=\"wp-embedded-content\" sandbox=\"allow-scripts\" security=\"restricted\" style=\"position: absolute; clip: rect(1px, 1px, 1px, 1px);\" title=\"\u00abSnarky Puppy llega al Teatro Col\u00f3n\u00bb \u2014    \" src=\"http:\/\/cronicasyversiones.com\/?p=17241&#038;embed=true#?secret=7cgjo5wGoj#?secret=72uO1Tv5Pn\" data-secret=\"72uO1Tv5Pn\" width=\"600\" height=\"338\" frameborder=\"0\" marginwidth=\"0\" marginheight=\"0\" scrolling=\"no\"><\/iframe><\/div>\n<p>En la misma serie, este a\u00f1o se destaca la presencia de grupos liderados por mujeres de diferentes nacionalidades como: el cuarteto de la baterista alemana <strong>Eva Klesse, The ChuffDRONE Quinteto <\/strong>de Austria, el Tr\u00edo italiano de <strong>Rita Marcotulli<\/strong> <strong>\u2013 Mar\u00eda P\u00eda De Vito \u2013 Israel Varela <\/strong>y la cantante sueca <strong>Lina Nyberg<\/strong> junto a su grupo.<\/p>\n<p>Adem\u00e1s, cinco entregas de <strong><em>\u201csolopiano\u201d<\/em><\/strong> con m\u00fasicos muy diferentes estil\u00edsticamente, en la Sala de C\u00e1mara de la Usina del Arte, en el Centro de Experimentaci\u00f3n y Sal\u00f3n Dorado del Teatro Col\u00f3n.<\/p>\n<p>La Sala de C\u00e1mara de la Usina del Arte se prepara nuevamente para las cl\u00e1sicas propuestas intimistas de <strong>\u00abJazz de C\u00e1mara\u00bb<\/strong> con cuatro presentaciones inigualables.<\/p>\n<p>El guitarrista sueco de jazz m\u00e1s destacado en la actualidad, <strong>Gustav Lundgren,<\/strong> lidera su tr\u00edo de Gypsy Jazz para acercar las composiciones de <strong>Django Reinhardt,<\/strong> matizadas con temas originales.<\/p>\n<p>El cuarteto liderado por el franco-camerun\u00e9s <strong>Gino Sitson <\/strong>-uno de los grandes secretos del nuevo jazz vocal-,\u00a0 acompa\u00f1ado por un ensamblado tr\u00edo argentino.<\/p>\n<p>Sitson adem\u00e1s ser\u00e1 el maestro invitado para el Workshop de Canto que cada a\u00f1o coordina <strong>Roxana Amed<\/strong> dentro del Festival.<\/p>\n<p>Desde Francia, llega por primera vez a la Argentina, <strong>Jean-Luc \u201cOboman\u201d Fillon<\/strong>, quien junto a <strong>Guillermo Romero Tr\u00edo<\/strong> ofrecer\u00e1 un concierto, dando muestra de su virtuosismo en dos instrumentos poco habituales en el jazz: el oboe y el corno ingl\u00e9s. Y el baterista estadounidense <strong>Joey Baron<\/strong>, luego del concierto de apertura, mostrar\u00e1 todo su talento y creatividad en un Soloset \u00fanico.<\/p>\n<p>La hist\u00f3rica secci\u00f3n de <strong><em>\u00abCruces\u00bb,<\/em><\/strong> una marca distintiva del <strong>Festival de Jazz de Buenos Aires, <\/strong>contar\u00e1 con encuentros impensados entre destacadas figuras argentinas y extranjeras dando como resultado 13 conciertos que reflejan el aut\u00e9ntico esp\u00edritu del BAJazz, en emblem\u00e1ticos escenarios porte\u00f1os como son <strong>Thelonious Club, Caf\u00e9 Vinilo y Bebop Club.<\/strong><strong>\u00a0<\/strong><\/p>\n<p>Esta edici\u00f3n presenta cuatro <strong><em>\u00abProyectos Especiales\u00bb.<\/em><\/strong> La <strong>Agenda Piazzolla 25 a\u00f1os,<\/strong> ciclo que la Usina del Arte propuso para conmemorar los 25 a\u00f1os del fallecimiento del bandoneonista durante el 2017, y que propone durante el Festival un concierto a cargo de artistas que no suelen incluir en sus repertorios las composiciones de \u00c1stor: la cantante Roxana Amed acompa\u00f1ada por un noneto dirigido por el pianista y compositor brasile\u00f1o <strong>Andr\u00e9 Mehmari<\/strong>, quien fue comisionado para llevar a cabo los arreglos.<\/p>\n<p>Adem\u00e1s, en la cl\u00e1sica colaboraci\u00f3n que el Festival brinda a la carrera <strong>de Jazz del Conservatorio Manuel de Falla, <\/strong>la Big Band trabajar\u00e1 este a\u00f1o con el trompetista y compositor <strong>Ralph Alessi,<\/strong> ofreciendo un concierto final que reflejar\u00e1 esta experiencia. Los dos proyectos restantes conforman una sub-secci\u00f3n denominada <em><strong>\u00abMonk 100 a\u00f1os\u00bb<\/strong><\/em> en relaci\u00f3n al centenario del nacimiento del compositor m\u00e1s influyente y universal que ha dado el jazz.<\/p>\n<p>Estas dos presentaciones especiales tendr\u00e1n como protagonistas al Cuarteto del contrabajista <strong>Hern\u00e1n Merlo y un concierto denominado Tres versiones de Monk,<\/strong> donde 3 pianistas de diferente extracci\u00f3n (jazz, tango y folclore), ofrecer\u00e1n su visi\u00f3n de la m\u00fasica de Monk.<\/p>\n<p>Celebrando su d\u00e9cimo aniversario, el Festival contin\u00faa con su secci\u00f3n al <strong><em>\u00abAire Libre\u00bb <\/em><\/strong>con propuestas a cielo abierto en el Anfiteatro del Parque Centenario con grandes artistas locales y cuatro propuestas internacionales.<\/p>\n<p><strong>El Quinteto Enraizados y la Orquesta A Saidera desde Brasil,<\/strong> con Pedro Miranda como invitado. Y desde Uruguay, el grupo del guitarrista y cantante <strong>Nicol\u00e1s Ibarburu, y el Tr\u00edo Oriental<\/strong> formado por el bajista Daniel Maza, el tecladista Hugo Fattoruso y el baterista Fabi\u00e1n Miodownik.<\/p>\n<p>Adem\u00e1s, la agrupaci\u00f3n <strong>XL Brass Brand<\/strong> recorrer\u00e1 la ciudad brindando conciertos itinerantes por los barrios. Y como no pod\u00eda faltar, una vez m\u00e1s en el Parque estar\u00e1 presente el ciclo \u00abJazzolog\u00eda\u00bb de la mano de Carlos Inzillo.<\/p>\n<p><em><strong>LEA TAMBI\u00c9N:\u00a0<\/strong><\/em><\/p>\n<div class=\"video-container\">\n<blockquote class=\"wp-embedded-content\" data-secret=\"xfg0oCxhKP\"><p><a href=\"http:\/\/cronicasyversiones.com\/?p=16793\">Treinta a\u00f1os sin Jaco Pastorius, \u201cel mejor bajista del mundo\u201d<\/a><\/p><\/blockquote>\n<p><iframe loading=\"lazy\" class=\"wp-embedded-content\" sandbox=\"allow-scripts\" security=\"restricted\" style=\"position: absolute; clip: rect(1px, 1px, 1px, 1px);\" title=\"\u00abTreinta a\u00f1os sin Jaco Pastorius, \u201cel mejor bajista del mundo\u201d\u00bb \u2014    \" src=\"http:\/\/cronicasyversiones.com\/?p=16793&#038;embed=true#?secret=bH7bnRffNE#?secret=xfg0oCxhKP\" data-secret=\"xfg0oCxhKP\" width=\"600\" height=\"338\" frameborder=\"0\" marginwidth=\"0\" marginheight=\"0\" scrolling=\"no\"><\/iframe><\/div>\n<p><strong><em>\u00abLa Escena Local\u00bb<\/em><\/strong> trae interesantes novedades. Una exitosa convocatoria abierta para nuevos grupos, con una selecci\u00f3n realizada entre m\u00e1s de 200 propuestas, que brindar\u00e1 la posibilidad a m\u00fasicos emergentes de tocar en el Festival; y una serie federal para visibilizar el enorme potencial jazzero que hay en el interior de la Argentina.<\/p>\n<p>Adem\u00e1s, el acceso a m\u00fasicos establecidos como Juan Cruz de Urquiza, Juan Pablo Arredondo y Juan \u00abPollo\u00bb Raffo, el grupo <strong>Sound Fountain<\/strong> de Christy Doran y\u00a0 Franco Fontanarrosa, el cuarteto de Leo \u00c1lvarez &amp; Luis D\u2019Agostino haciendo <strong>un homenaje a Pat Metheny <\/strong>y las propuestas de La Cangola Trunca y Damien Poots.<\/p>\n<p>Como renovarse es fundamental para seguir creciendo, la cl\u00e1sica secci\u00f3n de Jam de Buenos Aires Jazz se moderniza y se convierte en uno de los hitos del Festival. En esta edici\u00f3n <strong><em>\u201cJam &amp; Tonic\u201d, <\/em><\/strong>el nuevo Club de Jazz bajo las estrellas, toma la Plaza de la Usina durante dos jornadas nocturnas al aire libre. Un lugar de encuentro y reuni\u00f3n, donde el p\u00fablico y los artistas disfrutar\u00e1n la mejor m\u00fasica, buenos tragos y una amplia oferta gastron\u00f3mica. Ser\u00e1 un momento de intercambio, improvisaci\u00f3n y compartir entre amigos.<\/p>\n<p>Adem\u00e1s, las esperadas <strong><em>\u00abPistas de Baile\u00bb<\/em><\/strong> para liberar el esp\u00edritu y poder expresarse con espontaneidad. Este a\u00f1o, la secci\u00f3n contar\u00e1 con 5 bandas dedicadas al jazz, al soul y a los ritmos latinos: <strong>Ibrahim Ferrer Jr. &amp; Quinteto,<\/strong> Norma Ferrer &amp; Black Gold, Livin&#8217; Soul Project, H\u00e9roes del Swing y Orquesta Brazofuerte All Stars.<\/p>\n<p>A los Espacios Culturales Juli\u00e1n Centeya y Resurgimiento, se suma una nueva sede en el Espacio Cultural Ad\u00e1n Buenosayres, culminando en La Glorieta de Barrancas de Belgrano.<\/p>\n<p>Y como ya es costumbre, dos tradicionales secciones: <strong><em>\u201cEl Aula\u201d,<\/em><\/strong> espacio did\u00e1ctico con cl\u00ednicas en diferentes barrios para compartir conocimientos y experiencias provocando el mutuo crecimiento entre maestros y alumnos.<\/p>\n<p>&nbsp;<\/p>\n<div style=\"padding-bottom:20px; padding-top:10px;\" class=\"hupso-share-buttons\"><!-- Hupso Share Buttons - https:\/\/www.hupso.com\/share\/ --><a class=\"hupso_counters\" href=\"https:\/\/www.hupso.com\/share\/\"><img decoding=\"async\" src=\"http:\/\/static.hupso.com\/share\/buttons\/lang\/es\/share-small.png\" style=\"border:0px; padding-top:2px; float:left;\" alt=\"Share Button\"\/><\/a><script type=\"text\/javascript\">var hupso_services_c=new Array(\"twitter\",\"facebook_like\",\"google\");var hupso_counters_lang = \"es_LA\";var hupso_image_folder_url = \"\";var hupso_twitter_via=\"crsyvrs\";var hupso_url_c=\"\";<\/script><script type=\"text\/javascript\" src=\"http:\/\/static.hupso.com\/share\/js\/counters.js\"><\/script><!-- Hupso Share Buttons --><\/div> ","protected":false},"excerpt":{"rendered":"<div style=\"padding-bottom:20px; padding-top:10px;\" class=\"hupso-share-buttons\"><!-- Hupso Share Buttons - https:\/\/www.hupso.com\/share\/ --><a class=\"hupso_counters\" href=\"https:\/\/www.hupso.com\/share\/\"><img src=\"http:\/\/static.hupso.com\/share\/buttons\/lang\/es\/share-small.png\" style=\"border:0px; padding-top:2px; float:left;\" alt=\"Share Button\"\/><\/a><script type=\"text\/javascript\">var hupso_services_c=new Array(\"twitter\",\"facebook_like\",\"google\");var hupso_counters_lang = \"es_LA\";var hupso_image_folder_url = \"\";var hupso_twitter_via=\"crsyvrs\";var hupso_url_c=\"\";<\/script><script type=\"text\/javascript\" src=\"http:\/\/static.hupso.com\/share\/js\/counters.js\"><\/script><!-- Hupso Share Buttons --><\/div><p>La cita presentar\u00e1 en 6 d\u00edas a 420 artistas, con invitados internacionales y los m\u00e1s destacados exponentes del jazz local. El Buenos Aires Jazz.17, que cumple una d\u00e9cada de vida, presentar\u00e1 en 6 d\u00edas a 420 artistas, con invitados&#46;&#46;&#46;<\/p>\n<div style=\"padding-bottom:20px; padding-top:10px;\" class=\"hupso-share-buttons\"><!-- Hupso Share Buttons - https:\/\/www.hupso.com\/share\/ --><a class=\"hupso_counters\" href=\"https:\/\/www.hupso.com\/share\/\"><img src=\"http:\/\/static.hupso.com\/share\/buttons\/lang\/es\/share-small.png\" style=\"border:0px; padding-top:2px; float:left;\" alt=\"Share Button\"\/><\/a><script type=\"text\/javascript\">var hupso_services_c=new Array(\"twitter\",\"facebook_like\",\"google\");var hupso_counters_lang = \"es_LA\";var hupso_image_folder_url = \"\";var hupso_twitter_via=\"crsyvrs\";var hupso_url_c=\"\";<\/script><script type=\"text\/javascript\" src=\"http:\/\/static.hupso.com\/share\/js\/counters.js\"><\/script><!-- Hupso Share Buttons --><\/div>","protected":false},"author":5,"featured_media":17321,"comment_status":"open","ping_status":"closed","sticky":false,"template":"","format":"standard","meta":{"footnotes":""},"categories":[3],"tags":[7457,262],"class_list":["post-17320","post","type-post","status-publish","format-standard","has-post-thumbnail","hentry","category-musica","tag-festival-buenos-aires-jazz","tag-jazz"],"_links":{"self":[{"href":"http:\/\/cronicasyversiones.com\/index.php?rest_route=\/wp\/v2\/posts\/17320","targetHints":{"allow":["GET"]}}],"collection":[{"href":"http:\/\/cronicasyversiones.com\/index.php?rest_route=\/wp\/v2\/posts"}],"about":[{"href":"http:\/\/cronicasyversiones.com\/index.php?rest_route=\/wp\/v2\/types\/post"}],"author":[{"embeddable":true,"href":"http:\/\/cronicasyversiones.com\/index.php?rest_route=\/wp\/v2\/users\/5"}],"replies":[{"embeddable":true,"href":"http:\/\/cronicasyversiones.com\/index.php?rest_route=%2Fwp%2Fv2%2Fcomments&post=17320"}],"version-history":[{"count":0,"href":"http:\/\/cronicasyversiones.com\/index.php?rest_route=\/wp\/v2\/posts\/17320\/revisions"}],"wp:featuredmedia":[{"embeddable":true,"href":"http:\/\/cronicasyversiones.com\/index.php?rest_route=\/wp\/v2\/media\/17321"}],"wp:attachment":[{"href":"http:\/\/cronicasyversiones.com\/index.php?rest_route=%2Fwp%2Fv2%2Fmedia&parent=17320"}],"wp:term":[{"taxonomy":"category","embeddable":true,"href":"http:\/\/cronicasyversiones.com\/index.php?rest_route=%2Fwp%2Fv2%2Fcategories&post=17320"},{"taxonomy":"post_tag","embeddable":true,"href":"http:\/\/cronicasyversiones.com\/index.php?rest_route=%2Fwp%2Fv2%2Ftags&post=17320"}],"curies":[{"name":"wp","href":"https:\/\/api.w.org\/{rel}","templated":true}]}}