{"id":17366,"date":"2017-11-09T00:04:37","date_gmt":"2017-11-09T03:04:37","guid":{"rendered":"http:\/\/cronicasyversiones.com\/?p=17366"},"modified":"2017-11-08T15:35:41","modified_gmt":"2017-11-08T18:35:41","slug":"los-ultimos-la-opera-primea-de-nicolas-puenzo","status":"publish","type":"post","link":"http:\/\/cronicasyversiones.com\/?p=17366","title":{"rendered":"\u201cLos \u00faltimos\u201d, la \u00f3pera prima de Nicol\u00e1s Puenzo"},"content":{"rendered":"<div style=\"padding-bottom:20px; padding-top:10px;\" class=\"hupso-share-buttons\"><!-- Hupso Share Buttons - https:\/\/www.hupso.com\/share\/ --><a class=\"hupso_counters\" href=\"https:\/\/www.hupso.com\/share\/\"><img decoding=\"async\" src=\"http:\/\/static.hupso.com\/share\/buttons\/lang\/es\/share-small.png\" style=\"border:0px; padding-top:2px; float:left;\" alt=\"Share Button\"\/><\/a><script type=\"text\/javascript\">var hupso_services_c=new Array(\"twitter\",\"facebook_like\",\"google\");var hupso_counters_lang = \"es_LA\";var hupso_image_folder_url = \"\";var hupso_twitter_via=\"crsyvrs\";var hupso_url_c=\"\";<\/script><script type=\"text\/javascript\" src=\"http:\/\/static.hupso.com\/share\/js\/counters.js\"><\/script><!-- Hupso Share Buttons --><\/div><h2>Las escenas del film transcurren en una \u00e9poca post apocaliptica, en alg\u00fan lugar del desierto del altiplano durante la Guerra del Agua.<\/h2>\n<p><img loading=\"lazy\" decoding=\"async\" class=\"wp-image-17367 aligncenter\" src=\"http:\/\/cronicasyversiones.com\/wp-content\/uploads\/2017\/11\/ultimos.jpg\" alt=\"\" width=\"766\" height=\"439\" srcset=\"http:\/\/cronicasyversiones.com\/wp-content\/uploads\/2017\/11\/ultimos.jpg 924w, http:\/\/cronicasyversiones.com\/wp-content\/uploads\/2017\/11\/ultimos-300x172.jpg 300w, http:\/\/cronicasyversiones.com\/wp-content\/uploads\/2017\/11\/ultimos-768x441.jpg 768w\" sizes=\"auto, (max-width: 766px) 100vw, 766px\" \/><\/p>\n<p>Llega a las salas <em><strong>\u201cLos \u00faltimos\u201d<\/strong><\/em>, la \u00f3pera prima de <strong>Nicol\u00e1s Puenzo,<\/strong> que cuenta la historia de una joven pareja de refugiados y un fot\u00f3grafo corresponsal de guerra huyen hacia el Pac\u00edfico cruzando el altiplano, devastado por el saqueo de los recursos naturales.<\/p>\n<p>En una <strong>\u00e9poca post apocaliptica,<\/strong> en alg\u00fan lugar del desierto del altiplano, los protagonistas, una joven pareja, viven en un campo de refugiados durante la Guerra del Agua.<\/p>\n<p>Al enterarse del embarazo de la joven, deciden <strong>escapar al mar en busca de un mejor futuro para su hijo.<\/strong><\/p>\n<p>Para ello inician una traves\u00eda por kil\u00f3metros de terreno des\u00e9rtico y devastado por la explotaci\u00f3n industrial, encontr\u00e1ndose con un corresponsal de guerra en medio del viaje.<\/p>\n<p><em><strong>LEA TAMBI\u00c9N:\u00a0<\/strong><\/em><\/p>\n<div class=\"video-container\">\n<blockquote class=\"wp-embedded-content\" data-secret=\"uBMc7jlvbB\"><p><a href=\"http:\/\/cronicasyversiones.com\/?p=17286\">\u201cMi hist(e)ria en el cine\u201d, un documental sobre los gajes del oficio<\/a><\/p><\/blockquote>\n<p><iframe loading=\"lazy\" class=\"wp-embedded-content\" sandbox=\"allow-scripts\" security=\"restricted\" style=\"position: absolute; clip: rect(1px, 1px, 1px, 1px);\" title=\"\u00ab\u201cMi hist(e)ria en el cine\u201d, un documental sobre los gajes del oficio\u00bb \u2014    \" src=\"http:\/\/cronicasyversiones.com\/?p=17286&#038;embed=true#?secret=kQi9jAD17W#?secret=uBMc7jlvbB\" data-secret=\"uBMc7jlvbB\" width=\"600\" height=\"338\" frameborder=\"0\" marginwidth=\"0\" marginheight=\"0\" scrolling=\"no\"><\/iframe><\/div>\n<p>El elenco lo completan <strong>Germ\u00e1n Palacios, Peter Lanzani, Juana Burga, Alejandro Awada, Luis Mach\u00edn y Natalia Oreiro.<\/strong><\/p>\n<p><strong>Nicol\u00e1s Puenzo<\/strong> es productor, guionista y director de fotograf\u00eda, en cine y televisi\u00f3n, y esta es su \u00f3pera prima en cine. Es hijo de Luis y hermano de Luc\u00eda, junto con ella y Pablo Fendrik comparti\u00f3 la direcci\u00f3n de la miniserie \u201cCromo\u201d.<\/p>\n<p><em><strong>El tr\u00e1iler:\u00a0<\/strong><\/em><\/p>\n<p><iframe loading=\"lazy\" src=\"https:\/\/www.youtube.com\/embed\/LFPRneVTvT8\" width=\"600\" height=\"350\" frameborder=\"0\" allowfullscreen=\"allowfullscreen\"><\/iframe><\/p>\n<div style=\"padding-bottom:20px; padding-top:10px;\" class=\"hupso-share-buttons\"><!-- Hupso Share Buttons - https:\/\/www.hupso.com\/share\/ --><a class=\"hupso_counters\" href=\"https:\/\/www.hupso.com\/share\/\"><img decoding=\"async\" src=\"http:\/\/static.hupso.com\/share\/buttons\/lang\/es\/share-small.png\" style=\"border:0px; padding-top:2px; float:left;\" alt=\"Share Button\"\/><\/a><script type=\"text\/javascript\">var hupso_services_c=new Array(\"twitter\",\"facebook_like\",\"google\");var hupso_counters_lang = \"es_LA\";var hupso_image_folder_url = \"\";var hupso_twitter_via=\"crsyvrs\";var hupso_url_c=\"\";<\/script><script type=\"text\/javascript\" src=\"http:\/\/static.hupso.com\/share\/js\/counters.js\"><\/script><!-- Hupso Share Buttons --><\/div> ","protected":false},"excerpt":{"rendered":"<div style=\"padding-bottom:20px; padding-top:10px;\" class=\"hupso-share-buttons\"><!-- Hupso Share Buttons - https:\/\/www.hupso.com\/share\/ --><a class=\"hupso_counters\" href=\"https:\/\/www.hupso.com\/share\/\"><img src=\"http:\/\/static.hupso.com\/share\/buttons\/lang\/es\/share-small.png\" style=\"border:0px; padding-top:2px; float:left;\" alt=\"Share Button\"\/><\/a><script type=\"text\/javascript\">var hupso_services_c=new Array(\"twitter\",\"facebook_like\",\"google\");var hupso_counters_lang = \"es_LA\";var hupso_image_folder_url = \"\";var hupso_twitter_via=\"crsyvrs\";var hupso_url_c=\"\";<\/script><script type=\"text\/javascript\" src=\"http:\/\/static.hupso.com\/share\/js\/counters.js\"><\/script><!-- Hupso Share Buttons --><\/div><p>Las escenas del film transcurren en una \u00e9poca post apocaliptica, en alg\u00fan lugar del desierto del altiplano durante la Guerra del Agua. Llega a las salas \u201cLos \u00faltimos\u201d, la \u00f3pera prima de Nicol\u00e1s Puenzo, que cuenta la historia de&#46;&#46;&#46;<\/p>\n<div style=\"padding-bottom:20px; padding-top:10px;\" class=\"hupso-share-buttons\"><!-- Hupso Share Buttons - https:\/\/www.hupso.com\/share\/ --><a class=\"hupso_counters\" href=\"https:\/\/www.hupso.com\/share\/\"><img src=\"http:\/\/static.hupso.com\/share\/buttons\/lang\/es\/share-small.png\" style=\"border:0px; padding-top:2px; float:left;\" alt=\"Share Button\"\/><\/a><script type=\"text\/javascript\">var hupso_services_c=new Array(\"twitter\",\"facebook_like\",\"google\");var hupso_counters_lang = \"es_LA\";var hupso_image_folder_url = \"\";var hupso_twitter_via=\"crsyvrs\";var hupso_url_c=\"\";<\/script><script type=\"text\/javascript\" src=\"http:\/\/static.hupso.com\/share\/js\/counters.js\"><\/script><!-- Hupso Share Buttons --><\/div>","protected":false},"author":5,"featured_media":17367,"comment_status":"open","ping_status":"closed","sticky":false,"template":"","format":"standard","meta":{"footnotes":""},"categories":[4],"tags":[7558,3910,8443,8442,4756,8441,5000],"class_list":["post-17366","post","type-post","status-publish","format-standard","has-post-thumbnail","hentry","category-cine","tag-alejandro-awada","tag-german-palacios","tag-juana-burga","tag-los-ultimos","tag-luis-machin","tag-nicolas-puenzo","tag-peter-lanzani"],"_links":{"self":[{"href":"http:\/\/cronicasyversiones.com\/index.php?rest_route=\/wp\/v2\/posts\/17366","targetHints":{"allow":["GET"]}}],"collection":[{"href":"http:\/\/cronicasyversiones.com\/index.php?rest_route=\/wp\/v2\/posts"}],"about":[{"href":"http:\/\/cronicasyversiones.com\/index.php?rest_route=\/wp\/v2\/types\/post"}],"author":[{"embeddable":true,"href":"http:\/\/cronicasyversiones.com\/index.php?rest_route=\/wp\/v2\/users\/5"}],"replies":[{"embeddable":true,"href":"http:\/\/cronicasyversiones.com\/index.php?rest_route=%2Fwp%2Fv2%2Fcomments&post=17366"}],"version-history":[{"count":0,"href":"http:\/\/cronicasyversiones.com\/index.php?rest_route=\/wp\/v2\/posts\/17366\/revisions"}],"wp:featuredmedia":[{"embeddable":true,"href":"http:\/\/cronicasyversiones.com\/index.php?rest_route=\/wp\/v2\/media\/17367"}],"wp:attachment":[{"href":"http:\/\/cronicasyversiones.com\/index.php?rest_route=%2Fwp%2Fv2%2Fmedia&parent=17366"}],"wp:term":[{"taxonomy":"category","embeddable":true,"href":"http:\/\/cronicasyversiones.com\/index.php?rest_route=%2Fwp%2Fv2%2Fcategories&post=17366"},{"taxonomy":"post_tag","embeddable":true,"href":"http:\/\/cronicasyversiones.com\/index.php?rest_route=%2Fwp%2Fv2%2Ftags&post=17366"}],"curies":[{"name":"wp","href":"https:\/\/api.w.org\/{rel}","templated":true}]}}